{"id":3320,"date":"2023-11-30T22:21:32","date_gmt":"2023-12-01T01:21:32","guid":{"rendered":"https:\/\/www.sportchaco.com.ar\/?p=3320"},"modified":"2023-12-01T02:24:51","modified_gmt":"2023-12-01T05:24:51","slug":"no-hubo-conciliacion-entre-oficialismo-y-oposicion-y-siguen-suspendidas-las-elecciones-en-boca","status":"publish","type":"post","link":"https:\/\/www.sportchaco.com.ar\/?p=3320","title":{"rendered":"No hubo conciliaci\u00f3n entre oficialismo y oposici\u00f3n y siguen suspendidas las elecciones en Boca"},"content":{"rendered":"<p>Los apoderados de las dos listas de Boca Juniors estuvieron en el Juzgado junto a la jueza Alejandra Abrevaya por m\u00e1s de tres horas. Sin embargo, no llegaron a un acuerdo y no se sabe cu\u00e1ndo se realizar\u00e1n los comicios que enfrentar\u00e1n a Juan Rom\u00e1n Riquelme y a Andr\u00e9s Ibarra &#8211; Mauricio Macri.<\/p>\n<p>La conciliaci\u00f3n se llev\u00f3 a cabo en el Juzgado Civil N\u00b011 de la Ciudad de Buenos Aires. Por el lado de la actual conducci\u00f3n estuvieron Ricardo Rosica y Walter Krieger; en tanto que por el frente opositor lo hicieron Javier Medin y Sebasti\u00e1n Silvestri.<\/p>\n<p>Los de Ibarra ratificaron su postura y pidieron que se quiten esos 13.364 socios\/as que consideran irregulares y que marcaron en la \u00faltima medida cautelar. En tanto, el oficialismo sigui\u00f3 con su idea de que se mantengan y que se vote el domingo, seg\u00fan pudo saber Doble Amarilla.<\/p>\n<p>La conciliaci\u00f3n obligatoria, que fue pedida por la oposici\u00f3n, dur\u00f3 m\u00e1s de tres horas y ninguna parte termin\u00f3 cediendo. Vale recordar que las elecciones iban a realizarse el s\u00e1bado 2 de septiembre y se pasaron al d\u00eda siguiente por un pedido de socios del club que pertenecen a la comunidad jud\u00eda.<\/p>\n<p>Ante esta falta de acuerdo, el oficialismo apelar\u00e1 el fallo y ser\u00e1 la C\u00e1mara Civil de la Naci\u00f3n en revisar el fallo de primera instancia de la jueza Abrevaya. La C\u00e1mara ser\u00e1 la encargada de revisar el padr\u00f3n electoral y si en el mismo existen las presuntas irregularidades que denunci\u00f3 la oposici\u00f3n. La apelaci\u00f3n que presentar\u00e1 la actual conducci\u00f3n impedir\u00e1 que la jueza fije una nueva fecha de eleccion.<\/p>\n<p>Fuente: Dobleamarilla<\/p>\n","protected":false},"excerpt":{"rendered":"<p>Los apoderados de las dos listas de Boca Juniors estuvieron en el Juzgado junto a la jueza Alejandra Abrevaya por m\u00e1s de tres horas. Sin embargo, no llegaron a un acuerdo y no se sabe cu\u00e1ndo se realizar\u00e1n los comicios que enfrentar\u00e1n a Juan Rom\u00e1n Riquelme y a Andr\u00e9s Ibarra &#8211; Mauricio Macri. La conciliaci\u00f3n &hellip;<\/p>\n","protected":false},"author":5,"featured_media":3321,"comment_status":"open","ping_status":"open","sticky":false,"template":"","format":"standard","meta":{"footnotes":""},"categories":[5,47],"tags":[],"class_list":["post-3320","post","type-post","status-publish","format-standard","has-post-thumbnail","hentry","category-futbol","category-nacionales"],"_links":{"self":[{"href":"https:\/\/www.sportchaco.com.ar\/index.php?rest_route=\/wp\/v2\/posts\/3320","targetHints":{"allow":["GET"]}}],"collection":[{"href":"https:\/\/www.sportchaco.com.ar\/index.php?rest_route=\/wp\/v2\/posts"}],"about":[{"href":"https:\/\/www.sportchaco.com.ar\/index.php?rest_route=\/wp\/v2\/types\/post"}],"author":[{"embeddable":true,"href":"https:\/\/www.sportchaco.com.ar\/index.php?rest_route=\/wp\/v2\/users\/5"}],"replies":[{"embeddable":true,"href":"https:\/\/www.sportchaco.com.ar\/index.php?rest_route=%2Fwp%2Fv2%2Fcomments&post=3320"}],"version-history":[{"count":1,"href":"https:\/\/www.sportchaco.com.ar\/index.php?rest_route=\/wp\/v2\/posts\/3320\/revisions"}],"predecessor-version":[{"id":3322,"href":"https:\/\/www.sportchaco.com.ar\/index.php?rest_route=\/wp\/v2\/posts\/3320\/revisions\/3322"}],"wp:featuredmedia":[{"embeddable":true,"href":"https:\/\/www.sportchaco.com.ar\/index.php?rest_route=\/wp\/v2\/media\/3321"}],"wp:attachment":[{"href":"https:\/\/www.sportchaco.com.ar\/index.php?rest_route=%2Fwp%2Fv2%2Fmedia&parent=3320"}],"wp:term":[{"taxonomy":"category","embeddable":true,"href":"https:\/\/www.sportchaco.com.ar\/index.php?rest_route=%2Fwp%2Fv2%2Fcategories&post=3320"},{"taxonomy":"post_tag","embeddable":true,"href":"https:\/\/www.sportchaco.com.ar\/index.php?rest_route=%2Fwp%2Fv2%2Ftags&post=3320"}],"curies":[{"name":"wp","href":"https:\/\/api.w.org\/{rel}","templated":true}]}}