{"id":33227,"date":"2026-02-26T23:03:33","date_gmt":"2026-02-27T02:03:33","guid":{"rendered":"https:\/\/www.sportchaco.com.ar\/?p=33227"},"modified":"2026-03-01T00:55:14","modified_gmt":"2026-03-01T03:55:14","slug":"fallecio-hector-cacho-ledesma","status":"publish","type":"post","link":"https:\/\/www.sportchaco.com.ar\/?p=33227","title":{"rendered":"Falleci\u00f3 H\u00e9ctor \u00abCacho\u00bb Ledesma"},"content":{"rendered":"<p><em><strong>Foto portada: Cicloturismo, pr\u00e1ctica habitual de Cacho Ldesma en los \u00faltimos a\u00f1os<\/strong><\/em><\/p>\n<p>&nbsp;<\/p>\n<h5>En la jornada de hoy a los 83 a\u00f1os falleci\u00f3 H\u00e9ctor \u00abCacho\u00bb Ledesma, <strong>dirigente deportivo de larga trayectoria, ambientalista y deportista de ley. Estuvo vinculado durante d\u00e9cadas a la historia de Regatas Resistencia. en varios deportes, pero muy especialmente en el canotaje. Tuvo la oportunidad de conducir el club en \u00e9pocas complicadas, haci\u00e9ndolo siempre desde su serenidad en forma distinguida. Ledesma hab\u00eda nacido el 7 de abril de 1943<\/strong><\/h5>\n<p>&nbsp;<\/p>\n<p><img loading=\"lazy\" decoding=\"async\" class=\"size-medium wp-image-33231 aligncenter\" src=\"https:\/\/www.sportchaco.com.ar\/wp-content\/uploads\/2026\/02\/CAcho-locro-225x300.jpg\" alt=\"\" width=\"225\" height=\"300\" srcset=\"https:\/\/www.sportchaco.com.ar\/wp-content\/uploads\/2026\/02\/CAcho-locro-225x300.jpg 225w, https:\/\/www.sportchaco.com.ar\/wp-content\/uploads\/2026\/02\/CAcho-locro-768x1024.jpg 768w, https:\/\/www.sportchaco.com.ar\/wp-content\/uploads\/2026\/02\/CAcho-locro-1152x1536.jpg 1152w, https:\/\/www.sportchaco.com.ar\/wp-content\/uploads\/2026\/02\/CAcho-locro.jpg 1536w\" sizes=\"auto, (max-width: 225px) 100vw, 225px\" \/><\/p>\n<p>&nbsp;<\/p>\n<p>\u00abCacho\u00bb Ledesma<\/p>\n<p>POR RAFAEL A. GONZ\u00c1LEZ<\/p>\n<p>Por ah\u00ed a ustedes no les importa, pero mi pap\u00e1, ya jubilado, se sen taba en la vereda de mi casa a las 6:30 de la ma\u00f1ana y tomaba mate leyendo \u00abEl territorio y especial mente, la p\u00e1gina de los f\u00fanebres, y, me decia \u00abLo malo es cuando las balas te pican cerca\u00bb, en relaci\u00f3n a la partida de aquellos contempor\u00e1-neos, amigos de la vida, del colegio y conocidos cercanos.<\/p>\n<p>Esta semana se fue \u00abCacho\u00bb Le desma, un tipazo seg\u00fan mi \u00f3ptica. Un representante de mi generaci\u00f3n que pag\u00f3 con c\u00e1rcel pensar distin-to, pero la injusticia de su encierro no le dej\u00f3 el m\u00e1s m\u00ednimo atisbo de resentimiento. Sigui\u00f3 siendo el mismo. Solidario, sensible a las ne-cesidades de los que menos tienen, ambientalista en serio, cultor de actividad fisica saludable y amigo leal<\/p>\n<p>Me acompa\u00f1\u00f3 los cuatro a\u00f1os que cumpl\u00ed como intendente de la ciudad de Resistencia como ayu dante ejecutivo del intendente en asuntos de Limpieza Urbana, am-biente y relaci\u00f3n con los clubes. Un<\/p>\n<p>invento de organizaci\u00f3n de mi ges ti\u00f3n que le puso direcci\u00f3n pol\u00edtica a la necesaria burocracia, con gente comprometida por sus conviccio nes, sin compensaci\u00f3n material adecuada, pero con mucho amor y ganas por comprometerse en hacer algo socialmente positiva,<\/p>\n<p>Fue el mentor de \u00abLos Carpin-chos\u00bb que hoy siguen institucio nalizados, pero que en su \u00e9poca trabajaron para limpiar en serio el r\u00edo Negro y doy fe que se hizo, porque se materializ\u00f3 una regata en la que particip\u00e9 con un Kayak doble, acompa\u00f1ado de un \u00abcarpin cho\u00bb desde el Club de Regatas de Resistencia, hasta el Club N\u00e1utico de Barranqueras, organizada por la Comisi\u00f3n de Recuperaci\u00f3n del rio Negro.<\/p>\n<p>La desaparici\u00f3n fisica es una ley de la vida. Es una obligaci\u00f3n moral reivindicar la partida de una per sona que fue positiva para la so ciedad y su entorno personal. Sus familiares y amigos deben sentirse orgullosos de haberlo conocida tratado y acompa\u00f1ado. Nunca bus c\u00f3 reconocimientos, pero, asegun se lo merece.<\/p>\n<p>28 de feb. de 2026 &#8211; Face<\/p>\n<p>&nbsp;<\/p>\n<p>&nbsp;<\/p>\n<p>&nbsp;<\/p>\n<p>&nbsp;<\/p>\n<p>&nbsp;<\/p>\n<p>&nbsp;<\/p>\n<p><img loading=\"lazy\" decoding=\"async\" class=\"alignnone size-medium wp-image-33073\" src=\"https:\/\/www.sportchaco.com.ar\/wp-content\/uploads\/2026\/02\/MERCADO-LIBRE_120x200-01-180x300.gif\" alt=\"\" width=\"180\" height=\"300\" \/> <img loading=\"lazy\" decoding=\"async\" class=\"alignnone size-full wp-image-33070\" src=\"https:\/\/www.sportchaco.com.ar\/wp-content\/uploads\/2026\/02\/BANNER-WEB-MOSQUITOS-SALUD_250x250-09-1.gif\" alt=\"\" width=\"300\" height=\"300\" \/> <img loading=\"lazy\" decoding=\"async\" class=\"alignnone size-medium wp-image-33068\" src=\"https:\/\/www.sportchaco.com.ar\/wp-content\/uploads\/2026\/02\/Ahorros-de-Verano-BANNERS-WEB_300x600-14-5-150x300.gif\" alt=\"\" width=\"150\" height=\"300\" srcset=\"https:\/\/www.sportchaco.com.ar\/wp-content\/uploads\/2026\/02\/Ahorros-de-Verano-BANNERS-WEB_300x600-14-5-150x300.gif 150w, https:\/\/www.sportchaco.com.ar\/wp-content\/uploads\/2026\/02\/Ahorros-de-Verano-BANNERS-WEB_300x600-14-5-512x1024.gif 512w\" sizes=\"auto, (max-width: 150px) 100vw, 150px\" \/><\/p>\n","protected":false},"excerpt":{"rendered":"<p>Foto portada: Cicloturismo, pr\u00e1ctica habitual de Cacho Ldesma en los \u00faltimos a\u00f1os &nbsp; En la jornada de hoy a los 83 a\u00f1os falleci\u00f3 H\u00e9ctor \u00abCacho\u00bb Ledesma, dirigente deportivo de larga trayectoria, ambientalista y deportista de ley. Estuvo vinculado durante d\u00e9cadas a la historia de Regatas Resistencia. en varios deportes, pero muy especialmente en el canotaje. &hellip;<\/p>\n","protected":false},"author":2,"featured_media":33228,"comment_status":"open","ping_status":"open","sticky":false,"template":"","format":"standard","meta":{"footnotes":""},"categories":[44],"tags":[],"class_list":["post-33227","post","type-post","status-publish","format-standard","has-post-thumbnail","hentry","category-varios"],"_links":{"self":[{"href":"https:\/\/www.sportchaco.com.ar\/index.php?rest_route=\/wp\/v2\/posts\/33227","targetHints":{"allow":["GET"]}}],"collection":[{"href":"https:\/\/www.sportchaco.com.ar\/index.php?rest_route=\/wp\/v2\/posts"}],"about":[{"href":"https:\/\/www.sportchaco.com.ar\/index.php?rest_route=\/wp\/v2\/types\/post"}],"author":[{"embeddable":true,"href":"https:\/\/www.sportchaco.com.ar\/index.php?rest_route=\/wp\/v2\/users\/2"}],"replies":[{"embeddable":true,"href":"https:\/\/www.sportchaco.com.ar\/index.php?rest_route=%2Fwp%2Fv2%2Fcomments&post=33227"}],"version-history":[{"count":5,"href":"https:\/\/www.sportchaco.com.ar\/index.php?rest_route=\/wp\/v2\/posts\/33227\/revisions"}],"predecessor-version":[{"id":33359,"href":"https:\/\/www.sportchaco.com.ar\/index.php?rest_route=\/wp\/v2\/posts\/33227\/revisions\/33359"}],"wp:featuredmedia":[{"embeddable":true,"href":"https:\/\/www.sportchaco.com.ar\/index.php?rest_route=\/wp\/v2\/media\/33228"}],"wp:attachment":[{"href":"https:\/\/www.sportchaco.com.ar\/index.php?rest_route=%2Fwp%2Fv2%2Fmedia&parent=33227"}],"wp:term":[{"taxonomy":"category","embeddable":true,"href":"https:\/\/www.sportchaco.com.ar\/index.php?rest_route=%2Fwp%2Fv2%2Fcategories&post=33227"},{"taxonomy":"post_tag","embeddable":true,"href":"https:\/\/www.sportchaco.com.ar\/index.php?rest_route=%2Fwp%2Fv2%2Ftags&post=33227"}],"curies":[{"name":"wp","href":"https:\/\/api.w.org\/{rel}","templated":true}]}}