{"id":33321,"date":"2026-02-28T23:21:39","date_gmt":"2026-03-01T02:21:39","guid":{"rendered":"https:\/\/www.sportchaco.com.ar\/?p=33321"},"modified":"2026-03-01T00:34:04","modified_gmt":"2026-03-01T03:34:04","slug":"efemerides-del-1-de-marzo-3","status":"publish","type":"post","link":"https:\/\/www.sportchaco.com.ar\/?p=33321","title":{"rendered":"Efem\u00e9rides del 1 de marzo"},"content":{"rendered":"<div class=\"container fullwidth-entry-title-wrapper\">\n<div class=\"container-wrapper fullwidth-entry-title\">\n<header class=\"entry-header-outer\">\n<div class=\"entry-header\">\n<h1 class=\"post-title entry-title\"><\/h1>\n<div class=\"single-post-meta post-meta clearfix\"><\/div>\n<\/div>\n<\/header>\n<\/div>\n<\/div>\n<div id=\"content\" class=\"site-content container\">\n<div id=\"main-content-row\" class=\"tie-row main-content-row\">\n<div class=\"main-content tie-col-md-8 tie-col-xs-12\" role=\"main\">\n<article id=\"the-post\" class=\"container-wrapper post-content tie-standard\">\n<div class=\"featured-area\">\n<div class=\"featured-area-inner\"><\/div>\n<\/div>\n<div class=\"entry-content entry clearfix\">\n<div class=\"container fullwidth-entry-title-wrapper\">\n<div class=\"container-wrapper fullwidth-entry-title\">\n<header class=\"entry-header-outer\">\n<div class=\"entry-header\">\n<h1 class=\"post-title entry-title\"><\/h1>\n<div class=\"single-post-meta post-meta clearfix\"><\/div>\n<\/div>\n<\/header>\n<\/div>\n<\/div>\n<div id=\"content\" class=\"site-content container\">\n<div id=\"main-content-row\" class=\"tie-row main-content-row\">\n<div class=\"main-content tie-col-md-8 tie-col-xs-12\" role=\"main\">\n<article id=\"the-post\" class=\"container-wrapper post-content tie-standard\">\n<div class=\"featured-area\">\n<div class=\"featured-area-inner\"><\/div>\n<\/div>\n<div class=\"entry-content entry clearfix\">\n<h4><strong>Esta es la Efem\u00e9rides del Deporte del Chaco, del 1 de marzo del periodista Luis Dar\u00edo Molodezky<\/strong><\/h4>\n<p>&nbsp;<\/p>\n<p style=\"text-align: center;\"><img loading=\"lazy\" decoding=\"async\" class=\"size-medium wp-image-6250 aligncenter\" src=\"https:\/\/www.sportchaco.com.ar\/wp-content\/uploads\/2024\/02\/luis-DESPEDIDA-3-cara-216x300.jpg\" sizes=\"auto, (max-width: 216px) 100vw, 216px\" srcset=\"https:\/\/www.sportchaco.com.ar\/wp-content\/uploads\/2024\/02\/luis-DESPEDIDA-3-cara-216x300.jpg 216w, https:\/\/www.sportchaco.com.ar\/wp-content\/uploads\/2024\/02\/luis-DESPEDIDA-3-cara-739x1024.jpg 739w, https:\/\/www.sportchaco.com.ar\/wp-content\/uploads\/2024\/02\/luis-DESPEDIDA-3-cara-768x1064.jpg 768w, https:\/\/www.sportchaco.com.ar\/wp-content\/uploads\/2024\/02\/luis-DESPEDIDA-3-cara.jpg 912w\" alt=\"\" width=\"216\" height=\"300\" \/>\u00a0 \u00a0\u00a0<strong>Luis<\/strong><strong>\u00a0Dar\u00edo Molodezky<\/strong><\/p>\n<p>&nbsp;<\/p>\n<p><strong>1926 \/<\/strong>\u00a0Se funda el Aero Club de Presidencia Roque S\u00e1enz Pe\u00f1a. En el cine Col\u00f3n, se reunieron vecinos encabezados por Hip\u00f3lito Ju\u00e1rez, para dar nacimiento a la instituci\u00f3n, ejemplo en el pa\u00eds. En \u00e9l se formaron muchos pilotos que llegaron a comandar m\u00e1quinas de gran porte. David Wolcoff fue s\u00edmbolo durante 50 a\u00f1os como piloto. Comand\u00f3 durante muchos a\u00f1os el \u00fanico avi\u00f3n sanitario de Saenz Pe\u00f1a.<\/p>\n<p><strong>1950\u00a0<\/strong>\/ San Lorenzo de Almagro da cumplimiento a la primera parte del convenio suscripto con For Ever, por la transferencia de los jugadores Luis Viera y Teodoro Maidana que fueron cedidos en 70 mil pesos, abonando la primera cuota de 30 mil en efectivo.<\/p>\n<div class=\"container fullwidth-entry-title-wrapper\">\n<div class=\"container-wrapper fullwidth-entry-title\">\n<header class=\"entry-header-outer\">\n<div class=\"entry-header\"><\/div>\n<\/header>\n<\/div>\n<\/div>\n<div id=\"content\" class=\"site-content container\">\n<div id=\"main-content-row\" class=\"tie-row main-content-row\">\n<div class=\"main-content tie-col-md-8 tie-col-xs-12\" role=\"main\">\n<article id=\"the-post\" class=\"container-wrapper post-content tie-standard\">\n<div class=\"entry-content entry clearfix\">\n<div id=\"content\" class=\"site-content container\">\n<div id=\"main-content-row\" class=\"tie-row main-content-row\">\n<div class=\"main-content tie-col-md-8 tie-col-xs-12\" role=\"main\">\n<article id=\"the-post\" class=\"container-wrapper post-content tie-standard\">\n<div class=\"entry-content entry clearfix\">\n<h4><img decoding=\"async\" class=\"aligncenter\" src=\"https:\/\/www.sportchaco.com.ar\/wp-content\/uploads\/2026\/02\/Luis-viera-jugador.jpg\" \/><\/h4>\n<\/div>\n<\/article>\n<\/div>\n<\/div>\n<\/div>\n<\/div>\n<\/article>\n<\/div>\n<\/div>\n<\/div>\n<p><strong>1961 \/<\/strong>\u00a0Juan Carlos Salazar se consagra campe\u00f3n pluma en la Selecci\u00f3n Nacional de Veteranos para el XXVIII Campeonato Latinoamericano de Boxeo. En ese mismo evento Oscar Bonavena se consagra entre los pesados.<\/p>\n<p><strong>1999\u00a0<\/strong>\/ El brasile\u00f1o Rogerio Da Silva, jugador de voley de Regatas de Resistencia, es expulsado por la Confederaci\u00f3n Argentina por agredir a un \u00e1rbitro y suspendido de por vida. Jos\u00e9 Cruz Gonz\u00e1lez, era el segundo \u00e1rbitro del partido que disputaron Regatas y Social Monteros de Tucum\u00e1n el viernes 12 de febrero.<\/p>\n<p>&nbsp;<\/p>\n<p>&nbsp;<\/p>\n<h4>Imagen de Luis Viera<\/h4>\n<\/div>\n<\/article>\n<\/div>\n<\/div>\n<\/div>\n<\/div>\n<\/article>\n<\/div>\n<\/div>\n<\/div>\n","protected":false},"excerpt":{"rendered":"<p>Esta es la Efem\u00e9rides del Deporte del Chaco, del 1 de marzo del periodista Luis Dar\u00edo Molodezky &nbsp; \u00a0 \u00a0\u00a0Luis\u00a0Dar\u00edo Molodezky &nbsp; 1926 \/\u00a0Se funda el Aero Club de Presidencia Roque S\u00e1enz Pe\u00f1a. En el cine Col\u00f3n, se reunieron vecinos encabezados por Hip\u00f3lito Ju\u00e1rez, para dar nacimiento a la instituci\u00f3n, ejemplo en el pa\u00eds. En &hellip;<\/p>\n","protected":false},"author":2,"featured_media":33329,"comment_status":"open","ping_status":"open","sticky":false,"template":"","format":"standard","meta":{"footnotes":""},"categories":[1],"tags":[],"class_list":["post-33321","post","type-post","status-publish","format-standard","has-post-thumbnail","hentry","category-fotos-del-recuerdo"],"_links":{"self":[{"href":"https:\/\/www.sportchaco.com.ar\/index.php?rest_route=\/wp\/v2\/posts\/33321","targetHints":{"allow":["GET"]}}],"collection":[{"href":"https:\/\/www.sportchaco.com.ar\/index.php?rest_route=\/wp\/v2\/posts"}],"about":[{"href":"https:\/\/www.sportchaco.com.ar\/index.php?rest_route=\/wp\/v2\/types\/post"}],"author":[{"embeddable":true,"href":"https:\/\/www.sportchaco.com.ar\/index.php?rest_route=\/wp\/v2\/users\/2"}],"replies":[{"embeddable":true,"href":"https:\/\/www.sportchaco.com.ar\/index.php?rest_route=%2Fwp%2Fv2%2Fcomments&post=33321"}],"version-history":[{"count":2,"href":"https:\/\/www.sportchaco.com.ar\/index.php?rest_route=\/wp\/v2\/posts\/33321\/revisions"}],"predecessor-version":[{"id":33330,"href":"https:\/\/www.sportchaco.com.ar\/index.php?rest_route=\/wp\/v2\/posts\/33321\/revisions\/33330"}],"wp:featuredmedia":[{"embeddable":true,"href":"https:\/\/www.sportchaco.com.ar\/index.php?rest_route=\/wp\/v2\/media\/33329"}],"wp:attachment":[{"href":"https:\/\/www.sportchaco.com.ar\/index.php?rest_route=%2Fwp%2Fv2%2Fmedia&parent=33321"}],"wp:term":[{"taxonomy":"category","embeddable":true,"href":"https:\/\/www.sportchaco.com.ar\/index.php?rest_route=%2Fwp%2Fv2%2Fcategories&post=33321"},{"taxonomy":"post_tag","embeddable":true,"href":"https:\/\/www.sportchaco.com.ar\/index.php?rest_route=%2Fwp%2Fv2%2Ftags&post=33321"}],"curies":[{"name":"wp","href":"https:\/\/api.w.org\/{rel}","templated":true}]}}