{"id":33342,"date":"2026-03-01T00:28:16","date_gmt":"2026-03-01T03:28:16","guid":{"rendered":"https:\/\/www.sportchaco.com.ar\/?p=33342"},"modified":"2026-03-01T00:30:59","modified_gmt":"2026-03-01T03:30:59","slug":"indpendiente-lo-definio-sobre-el-final","status":"publish","type":"post","link":"https:\/\/www.sportchaco.com.ar\/?p=33342","title":{"rendered":"Independiente lo defini\u00f3 sobre el final"},"content":{"rendered":"<header class=\"article-header-wrapper\">\n<div class=\"article-header with-follow-button-ctn\">\n<div class=\"display_flex justify_space_between article-section-ctn\"><span class=\"Opta-Date\">28 febrero 2026<\/span><\/div>\n<h5 id=\"independiente-le-gano-2-0-a-central-cordoba-sobre-el-final-y-quedo-tercero-en-la-zona-a-del-torneo-apertura\" class=\"display-block article-headline text_align_left\">Independiente le gan\u00f3 2-0 a Central C\u00f3rdoba sobre el final y qued\u00f3 tercero en la Zona A del Torneo Apertura El Rojo se impuso al Ferroviario con goles de Gabriel \u00c1valos e Iv\u00e1n Marcone en los \u00faltimos minutos del partido. Qued\u00f3 a dos puntos de los l\u00edderes de su grupo Estudiantes y V\u00e9lez. En C\u00f3rdoba, igualaran sin goles Talleres y San Lorenzo.<\/h5>\n<p>&nbsp;<\/p>\n<\/div>\n<\/header>\n<article class=\"article\">\n<div class=\"sharebar-container display_flex\">\n<div class=\"sharebar-buttons-container display_flex\">\n<div class=\"sharebar-buttons button-save\" tabindex=\"0\" role=\"button\" aria-label=\"Guardar\">\n<div class=\"rawHTML raw_html \">\n<div id=\"Opta_0\" class=\"Opta Opta_F_TL_container Opta-Wide\" tabindex=\"0\" aria-label=\"Loading widget\">\n<div class=\"Opta_W Opta_F_TL Opta_F Opta_F_TL_N\">\n<div class=\"Opta-Cf Opta-Crested\" data-period=\"FullTime\" data-match=\"2612892\" data-date=\"1772319600000\" data-match_winner_id=\"1243\" data-match_winner_side=\"home\">\n<div class=\"Opta-Cf Opta-block\">\n<div class=\"Opta-Cf Opta-Timeline-Bar \">\n<p>&nbsp;<\/p>\n<div class=\"Opta-JS-Tip\"><\/div>\n<\/div>\n<\/div>\n<\/div>\n<\/div>\n<\/div>\n<\/div>\n<p class=\"paragraph\"><b>Independiente\u00a0<\/b>venci\u00f3\u00a0<b>2-0<\/b>\u00a0a\u00a0<b>Central C\u00f3rdoba<\/b>\u00a0en el\u00a0<i>estadio Libertadores de Am\u00e9rica-Ricardo Enrique Bochini\u00a0<\/i>por la octava fecha del\u00a0<b>Torneo Apertura<\/b>. El anfitri\u00f3n fall\u00f3 muchas ocasiones claras de gol, pero destrab\u00f3 la historia en el cierre para llevarse tres puntos valiosos contra el elenco dirigido por\u00a0<b>Lucas Pusineri<\/b>, un ex jugador y antiguo DT del elenco de Avellaneda.<\/p>\n<p class=\"paragraph\">El primer tiempo del\u00a0<i>Rojo\u00a0<\/i>fue una clara muestra de que los merecimientos no sirven en el f\u00fatbol. Los dirigidos por\u00a0<b>Gustavo Quinteros<\/b>\u00a0generaron un sinf\u00edn de avances promediando la etapa hasta el cierre, pero el arquero\u00a0<b>Alan Aguerre<\/b>\u00a0le sac\u00f3 el gol a\u00a0<b>Facundo Zabala<\/b>\u00a0y\u00a0<b>los palos le negaron el festejo a Mat\u00edas Abaldo e Ignacio Malcorra<\/b>.<\/p>\n<p class=\"paragraph\">En la vereda opuesta, el\u00a0<i>Ferroviario\u00a0<\/i>expuso pocas herramientas para cruzar la mitad de la cancha, solo registr\u00f3 un avance de peligro y, en ese intento, casi rompe la paridad. Un cabezazo forzado de\u00a0<b>Horacio Tijanovich<\/b>\u00a0oblig\u00f3 a\u00a0<b>Rodrigo Rey<\/b>\u00a0a retroceder y tirar un manotazo salvador para impedir que ese bal\u00f3n ingrese en el arco a los 18 minutos.<\/p>\n<p class=\"paragraph\">Fue la \u00fanica jugada en la que la defensa local qued\u00f3 mal parada en el primer acto. Esto no es menor porque\u00a0<b>Quinteros\u00a0<\/b>retoc\u00f3 la zaga central en la previa al duelo. La expulsi\u00f3n de\u00a0<b>Sebasti\u00e1n Valdez<\/b>\u00a0por doble amarilla frente a\u00a0<b>Gimnasia de Mendoza<\/b>\u00a0forz\u00f3 el retorno de\u00a0<b>Kevin Lom\u00f3naco<\/b>, quien fue relegado al banco contra el\u00a0<i>Lobo<\/i>\u00a0despu\u00e9s de que hayan surgido rumores de un cortocircuito con el entrenador.<\/p>\n<div class=\"visual__image\">Se jug\u00f3 en el estadio Libertadores de Am\u00e9rica-Ricardo Enrique Bochini (Cr\u00e9dito: Fotobaires)<\/div>\n<p class=\"paragraph\">Se repiti\u00f3 la t\u00f3nica en la segunda parte con un due\u00f1o de casa que fue a fondo para quedarse con los tres puntos, pero la ineficacia volvi\u00f3 a jugarle una mala pasada a los 55 minutos. Un gran desborde de Malcorra en la izquierda incluy\u00f3 un centro pasado al segundo palo bajado por Ignacio Pussetto y\u00a0<b>Mat\u00edas Abaldo defini\u00f3 con un testazo rechazado por Alejandro Maciel en la l\u00ednea<\/b>. Como si fuera poco,\u00a0<b>Nacho Pussetto<\/b>\u00a0tuvo la suya con otro cabezazo que se march\u00f3 desviado a los 60\u2032.<\/p>\n<\/div>\n<div class=\"sharebar-buttons-separator\"><\/div>\n<\/div>\n<\/div>\n<div class=\"body-article \">\n<div class=\"rawHTML raw_html \">\n<div class=\"container-video\"><iframe class=\"responsive-iframe-video\" title=\"video-espn\" src=\"https:\/\/www.espn.com.ar\/core\/video\/iframe?id=16372694&amp;endcard=false&amp;omniReportSuite=wdgespge\" allowfullscreen=\"allowfullscreen\" data-mce-fragment=\"1\"><\/iframe><\/div>\n<\/div>\n<div class=\"rawHTML raw_html \">\n<div id=\"Opta_0\" class=\"Opta Opta_F_TL_container Opta-Wide\" tabindex=\"0\" aria-label=\"Loading widget\">\n<div class=\"Opta_W Opta_F_TL Opta_F Opta_F_TL_N\">\n<h2><span class=\"Opta-Title\">L\u00ednea de tiempo<\/span><\/h2>\n<div class=\"Opta-Cf Opta-Crested\" data-period=\"FullTime\" data-match=\"2612892\" data-date=\"1772319600000\" data-match_winner_id=\"1243\" data-match_winner_side=\"home\">\n<table class=\"Opta-MatchHeader Opta-MatchHeader-Crested\">\n<tbody>\n<tr>\n<td class=\"Opta-Crest Opta-Home Opta-Team-1243\"><span class=\"Opta-Image-Holder Opta-Image-Team Opta-Image-Team-1243 Opta-Image-Medium\"><img decoding=\"async\" class=\" Opta-Image-Team-Medium\" title=\"Independiente\" src=\"https:\/\/omo.akamai.opta.net\/image.php?secure=true&amp;h=omo.akamai.opta.net&amp;sport=football&amp;entity=team&amp;description=badges&amp;dimensions=65&amp;id=1243\" alt=\"Independiente\" \/><\/span><\/p>\n<div class=\"Opta-TeamFormation\">4-1-4-1<\/div>\n<\/td>\n<td class=\"Opta-Team Opta-Home Opta-Team-Left Opta-TeamName Opta-Team-1243 \">Independiente<\/td>\n<td class=\"Opta-Score Opta-Home Opta-Team-1243 Opta-Team-Left Opta-Winner \"><span class=\"Opta-Team-Score \">2<\/span><\/td>\n<td class=\"Opta-Divider Opta-Dash\">&#8211;<\/td>\n<td class=\"Opta-Score Opta-Away Opta-Team-10752 Opta-Team-Right Opta-Loser \"><span class=\"Opta-Team-Score \">0<\/span><\/td>\n<td class=\"Opta-Team Opta-Away Opta-Team-Right Opta-TeamName Opta-Team-10752 \">Central C\u00f3rdoba (Santiago del Estero)<\/td>\n<td class=\"Opta-Crest Opta-Away Opta-Team-10752\"><span class=\"Opta-Image-Holder Opta-Image-Team Opta-Image-Team-10752 Opta-Image-Medium\"><img decoding=\"async\" class=\" Opta-Image-Team-Medium\" title=\"Central C\u00f3rdoba (Santiago del Estero)\" src=\"https:\/\/omo.akamai.opta.net\/image.php?secure=true&amp;h=omo.akamai.opta.net&amp;sport=football&amp;entity=team&amp;description=badges&amp;dimensions=65&amp;id=10752\" alt=\"Central C\u00f3rdoba (Santiago del Estero)\" \/><\/span><\/p>\n<div class=\"Opta-TeamFormation\">5-3-2<\/div>\n<\/td>\n<\/tr>\n<tr class=\"Opta-Score-Extras\">\n<td colspan=\"7\"><abbr title=\"Entretiempo\">ET<\/abbr>\u00a00-0<\/td>\n<\/tr>\n<tr class=\"Opta-MatchHeader-Details\">\n<td colspan=\"7\">\n<div><span class=\"Opta-Date\">\u00a0<\/span><\/div>\n<\/td>\n<\/tr>\n<\/tbody>\n<\/table>\n<div class=\"Opta-Matchdata\"><\/div>\n<div class=\"Opta-Cf Opta-block\">\n<div class=\"Opta-Cf Opta-Timeline-Bar \"><\/div>\n<\/div>\n<\/div>\n<\/div>\n<\/div>\n<\/div>\n<div class=\"worldcup2026ctawc-logo\"><\/div>\n<div class=\"worldcup2026ctawc-content\">\n<div class=\"worldcup2026ctawc-content-text\"><\/div>\n<div class=\"worldcup2026ctawc-content-arrow\"><\/div>\n<\/div>\n<p class=\"paragraph\">La falta de definici\u00f3n es una de las debilidades de\u00a0<b>Independiente\u00a0<\/b>en este inicio oficial del a\u00f1o y la contundencia de\u00a0<b>Gabriel \u00c1valos<\/b>\u00a0lo ha catapultado como la principal figura del equipo. Con\u00a0<b>tres goles y dos asistencias<\/b>\u00a0en los primeros siete juegos del Apertura, el paraguayo es una fija dentro de la formaci\u00f3n. Por eso no llam\u00f3 la atenci\u00f3n que sea pretendido por el\u00a0<b>Fluminense<\/b>\u00a0de Brasil. M\u00e1s all\u00e1 de que se rechazaron los primeros ofrecimientos, la salida del atacante podr\u00eda dejar diezmada la ofensiva.<\/p>\n<p class=\"paragraph\">Las modificaciones implementadas por\u00a0<b>Gustavo Quinteros<\/b>\u00a0contemplaron los ingresos de\u00a0<b>Luciano Cabral<\/b>,\u00a0<b>Santiago Montiel<\/b>\u00a0y\u00a0<b>Santiago Arias<\/b>, pero ninguno le cambi\u00f3 la cara al equipo de manera inmediata hasta que apareci\u00f3 el goleador que ilusiona a los hinchas. Un centro de\u00a0<b>Arias\u00a0<\/b>posibilit\u00f3 un testazo sobre la hora de \u00c1valos para convertir\u00a0<b>su cuarto tanto en el torneo a los 88 minutos de juego<\/b>. En la \u00faltima jugada,\u00a0<b>Iv\u00e1n Marcone<\/b>\u00a0convirti\u00f3 el 2-0 con un derechazo desde afuera del \u00e1rea.<\/p>\n<div class=\"visual__image\"><picture><source srcset=\"https:\/\/www.infobae.com\/resizer\/v2\/VVEJTNXDMZCNRLDHCOWMNALN3M.JPG?auth=004eca52f1174a86607f7b93419f99bbe41fccca3cc7e004912a534ec4455046&amp;smart=true&amp;width=992&amp;height=706&amp;quality=85\" media=\"(min-width: 1000px)\" \/><source srcset=\"https:\/\/www.infobae.com\/resizer\/v2\/VVEJTNXDMZCNRLDHCOWMNALN3M.JPG?auth=004eca52f1174a86607f7b93419f99bbe41fccca3cc7e004912a534ec4455046&amp;smart=true&amp;width=768&amp;height=547&amp;quality=85\" media=\"(min-width: 768px)\" \/><source srcset=\"https:\/\/www.infobae.com\/resizer\/v2\/VVEJTNXDMZCNRLDHCOWMNALN3M.JPG?auth=004eca52f1174a86607f7b93419f99bbe41fccca3cc7e004912a534ec4455046&amp;smart=true&amp;width=577&amp;height=411&amp;quality=85\" media=\"(min-width: 580px)\" \/><source srcset=\"https:\/\/www.infobae.com\/resizer\/v2\/VVEJTNXDMZCNRLDHCOWMNALN3M.JPG?auth=004eca52f1174a86607f7b93419f99bbe41fccca3cc7e004912a534ec4455046&amp;smart=true&amp;width=420&amp;height=299&amp;quality=85\" media=\"(min-width: 350px)\" \/><source srcset=\"https:\/\/www.infobae.com\/resizer\/v2\/VVEJTNXDMZCNRLDHCOWMNALN3M.JPG?auth=004eca52f1174a86607f7b93419f99bbe41fccca3cc7e004912a534ec4455046&amp;smart=true&amp;width=350&amp;height=249&amp;quality=85\" media=\"(min-width: 80px)\" \/><img loading=\"lazy\" decoding=\"async\" class=\"global-image\" src=\"https:\/\/www.infobae.com\/resizer\/v2\/VVEJTNXDMZCNRLDHCOWMNALN3M.JPG?auth=004eca52f1174a86607f7b93419f99bbe41fccca3cc7e004912a534ec4455046&amp;smart=true&amp;width=350&amp;height=249&amp;quality=85\" alt=\"El Rojo se enfrent\u00f3 al\" width=\"4236\" height=\"3016\" \/><\/picture>El Rojo se enfrent\u00f3 al Ferroviario en Avellaneda (Cr\u00e9dito: Fotobaires)<\/div>\n<p class=\"paragraph\">De esta manera, el\u00a0<i>Rojo<\/i>\u00a0dej\u00f3 atr\u00e1s dos partidos sin victorias, luego de la derrota 2-3 contra\u00a0<b>Independiente Rivadavia<\/b>\u00a0y el empate 1-1 frente a\u00a0<b>Gimnasia<\/b>, ambos en condici\u00f3n de visitante en Mendoza. Con el reciente resultado en Avellaneda,\u00a0<b>escal\u00f3 al tercer lugar con 13 unidades<\/b>, a dos de\u00a0<b>Estudiantes de La Plata<\/b>\u00a0y\u00a0<b>V\u00e9lez<\/b>, que comparten la cima y todav\u00eda deben jugar este lunes entre s\u00ed.<\/p>\n<p class=\"paragraph\">Por otro lado,\u00a0<b>Central C\u00f3rdoba<\/b>\u00a0profundiz\u00f3 su irregular comienzo de 2026. Inici\u00f3 el campeonato con tres duelos sin ganar (0-1 vs. Gimnasia de Mendoza; 0-0 vs. Atl\u00e9tico Tucum\u00e1n y 0-1 vs. San Lorenzo) y se repuso con una victoria 1-0 a Uni\u00f3n, pero\u00a0<b>Gimnasia de Jujuy lo elimin\u00f3 en los penales por los 32avos de final de la Copa Argentina<\/b>. Luego de ese traspi\u00e9, registra dos derrotas, un triunfo y un empate. As\u00ed las cosas, tiene ocho unidades en el grupo A y permanece en la 12\u00b0 ubicaci\u00f3n.<\/p>\n<p class=\"paragraph\">Ambos equipos tendr\u00e1n una semana de descanso, ya que la fecha 9 del Torneo Apertura se posterg\u00f3 por el paro. Tras esto, Independiente recibir\u00e1 a Uni\u00f3n de Santa Fe. Por su parte, Central C\u00f3rdoba visitar\u00e1 a Defensa y Justicia en Florencio Varela. Fuente Infoabae<\/p>\n<\/div>\n<\/article>\n","protected":false},"excerpt":{"rendered":"<p>28 febrero 2026 Independiente le gan\u00f3 2-0 a Central C\u00f3rdoba sobre el final y qued\u00f3 tercero en la Zona A del Torneo Apertura El Rojo se impuso al Ferroviario con goles de Gabriel \u00c1valos e Iv\u00e1n Marcone en los \u00faltimos minutos del partido. Qued\u00f3 a dos puntos de los l\u00edderes de su grupo Estudiantes y &hellip;<\/p>\n","protected":false},"author":2,"featured_media":33343,"comment_status":"open","ping_status":"open","sticky":false,"template":"","format":"standard","meta":{"footnotes":""},"categories":[47],"tags":[],"class_list":["post-33342","post","type-post","status-publish","format-standard","has-post-thumbnail","hentry","category-nacionales"],"_links":{"self":[{"href":"https:\/\/www.sportchaco.com.ar\/index.php?rest_route=\/wp\/v2\/posts\/33342","targetHints":{"allow":["GET"]}}],"collection":[{"href":"https:\/\/www.sportchaco.com.ar\/index.php?rest_route=\/wp\/v2\/posts"}],"about":[{"href":"https:\/\/www.sportchaco.com.ar\/index.php?rest_route=\/wp\/v2\/types\/post"}],"author":[{"embeddable":true,"href":"https:\/\/www.sportchaco.com.ar\/index.php?rest_route=\/wp\/v2\/users\/2"}],"replies":[{"embeddable":true,"href":"https:\/\/www.sportchaco.com.ar\/index.php?rest_route=%2Fwp%2Fv2%2Fcomments&post=33342"}],"version-history":[{"count":3,"href":"https:\/\/www.sportchaco.com.ar\/index.php?rest_route=\/wp\/v2\/posts\/33342\/revisions"}],"predecessor-version":[{"id":33346,"href":"https:\/\/www.sportchaco.com.ar\/index.php?rest_route=\/wp\/v2\/posts\/33342\/revisions\/33346"}],"wp:featuredmedia":[{"embeddable":true,"href":"https:\/\/www.sportchaco.com.ar\/index.php?rest_route=\/wp\/v2\/media\/33343"}],"wp:attachment":[{"href":"https:\/\/www.sportchaco.com.ar\/index.php?rest_route=%2Fwp%2Fv2%2Fmedia&parent=33342"}],"wp:term":[{"taxonomy":"category","embeddable":true,"href":"https:\/\/www.sportchaco.com.ar\/index.php?rest_route=%2Fwp%2Fv2%2Fcategories&post=33342"},{"taxonomy":"post_tag","embeddable":true,"href":"https:\/\/www.sportchaco.com.ar\/index.php?rest_route=%2Fwp%2Fv2%2Ftags&post=33342"}],"curies":[{"name":"wp","href":"https:\/\/api.w.org\/{rel}","templated":true}]}}