{"id":3336,"date":"2023-12-01T11:31:03","date_gmt":"2023-12-01T14:31:03","guid":{"rendered":"https:\/\/www.sportchaco.com.ar\/?p=3336"},"modified":"2023-12-01T20:28:01","modified_gmt":"2023-12-01T23:28:01","slug":"fabio-vazquez-sera-el-presidente-del-idch","status":"publish","type":"post","link":"https:\/\/www.sportchaco.com.ar\/?p=3336","title":{"rendered":"Fabio V\u00e1zquez ser\u00e1 el presidente del IDCh"},"content":{"rendered":"<p>&nbsp;<\/p>\n<p>&nbsp;<\/p>\n<p>&nbsp;<\/p>\n<p><img decoding=\"async\" src=\"https:\/\/www.diarionorte.com\/content\/bucket\/0\/343420w380h367c.jpg.webp\" \/><\/p>\n<header>\n<h1>Zdero confirm\u00f3 a Fabio V\u00e1zquez en el Instituto del Deporte<\/h1>\n<h1><\/h1>\n<h1><\/h1>\n<div>\n<p>El gobernador electo design\u00f3 a diversos funcionarios para ocupar cargos, entre ellos Fabio V\u00e1zquez en el Instituto del Deporte del Chaco. Tambi\u00e9n a Jorge Pilar, para la APA; Roberto Diez, para Sameep; y Mario Zorrilla, Ver\u00f3nica Mazzaroli, Marilyn Canata para Cultura, Turismo, y Colonizaci\u00f3n.<\/p>\n<\/div>\n<\/header>\n<section class=\"body\">\n<section class=\"content\">\n<div class=\"main-text\">\n<p>&nbsp;<\/p>\n<p>El presidente del Instituto del Deporte Chaque\u00f1o ser\u00e1 Fabio V\u00e1zquez, profesor de Educaci\u00f3n F\u00edsica, dirigente y coordinador del Club Resistencia Central. Es asamble\u00edsta de la Liga Chaque\u00f1a de F\u00fatbol y fue Director de Deportes de la Municipalidad de Resistencia, desde el 2012 al 2015. Adem\u00e1s, fue Coordinador Regional de Programas deportivos Nacionales y del \u00c1rea Federada y Social de la Subsecretar\u00eda Deportes de la Provincia.\u00a0 Hasta ahora se desempe\u00f1a como vicepresdiente del Instituto.<\/p>\n<\/div>\n<\/section>\n<\/section>\n","protected":false},"excerpt":{"rendered":"<p>&nbsp; &nbsp; &nbsp; Zdero confirm\u00f3 a Fabio V\u00e1zquez en el Instituto del Deporte El gobernador electo design\u00f3 a diversos funcionarios para ocupar cargos, entre ellos Fabio V\u00e1zquez en el Instituto del Deporte del Chaco. Tambi\u00e9n a Jorge Pilar, para la APA; Roberto Diez, para Sameep; y Mario Zorrilla, Ver\u00f3nica Mazzaroli, Marilyn Canata para Cultura, Turismo, &hellip;<\/p>\n","protected":false},"author":2,"featured_media":3337,"comment_status":"open","ping_status":"open","sticky":false,"template":"","format":"standard","meta":{"footnotes":""},"categories":[8,44],"tags":[],"class_list":["post-3336","post","type-post","status-publish","format-standard","has-post-thumbnail","hentry","category-sport-nea","category-varios"],"_links":{"self":[{"href":"https:\/\/www.sportchaco.com.ar\/index.php?rest_route=\/wp\/v2\/posts\/3336","targetHints":{"allow":["GET"]}}],"collection":[{"href":"https:\/\/www.sportchaco.com.ar\/index.php?rest_route=\/wp\/v2\/posts"}],"about":[{"href":"https:\/\/www.sportchaco.com.ar\/index.php?rest_route=\/wp\/v2\/types\/post"}],"author":[{"embeddable":true,"href":"https:\/\/www.sportchaco.com.ar\/index.php?rest_route=\/wp\/v2\/users\/2"}],"replies":[{"embeddable":true,"href":"https:\/\/www.sportchaco.com.ar\/index.php?rest_route=%2Fwp%2Fv2%2Fcomments&post=3336"}],"version-history":[{"count":1,"href":"https:\/\/www.sportchaco.com.ar\/index.php?rest_route=\/wp\/v2\/posts\/3336\/revisions"}],"predecessor-version":[{"id":3338,"href":"https:\/\/www.sportchaco.com.ar\/index.php?rest_route=\/wp\/v2\/posts\/3336\/revisions\/3338"}],"wp:featuredmedia":[{"embeddable":true,"href":"https:\/\/www.sportchaco.com.ar\/index.php?rest_route=\/wp\/v2\/media\/3337"}],"wp:attachment":[{"href":"https:\/\/www.sportchaco.com.ar\/index.php?rest_route=%2Fwp%2Fv2%2Fmedia&parent=3336"}],"wp:term":[{"taxonomy":"category","embeddable":true,"href":"https:\/\/www.sportchaco.com.ar\/index.php?rest_route=%2Fwp%2Fv2%2Fcategories&post=3336"},{"taxonomy":"post_tag","embeddable":true,"href":"https:\/\/www.sportchaco.com.ar\/index.php?rest_route=%2Fwp%2Fv2%2Ftags&post=3336"}],"curies":[{"name":"wp","href":"https:\/\/api.w.org\/{rel}","templated":true}]}}