{"id":33406,"date":"2026-03-02T23:35:23","date_gmt":"2026-03-03T02:35:23","guid":{"rendered":"https:\/\/www.sportchaco.com.ar\/?p=33406"},"modified":"2026-03-02T23:35:27","modified_gmt":"2026-03-03T02:35:27","slug":"efemerides-del-3-de-marzo-2","status":"publish","type":"post","link":"https:\/\/www.sportchaco.com.ar\/?p=33406","title":{"rendered":"Efem\u00e9rides del 3 de marzo"},"content":{"rendered":"<p>&nbsp;<\/p>\n<h3><\/h3>\n<h3><strong>Esta es la Efem\u00e9rides del Deporte en el Chaco de un 3 de marzo del periodista Luis Dar\u00edo Molodezky.<\/strong><\/h3>\n<h3><\/h3>\n<p>&nbsp;<\/p>\n<p><strong>1980\u00a0<\/strong>\/ Carlos Guillermo Varas con 17 a\u00f1os, se consagra campe\u00f3n argentino intercolegial en 110 con vallas y resulta cuarto en 400 metros. Es convocado para integrar la Selecci\u00f3n Nacional de Atletismo para el Sudamericano de Chile.<\/p>\n<p>&nbsp;<\/p>\n<p>&nbsp;<\/p>\n<p><strong>1985\u00a0<\/strong>\/ Eduardo Sisti de 14 a\u00f1os, obtiene el campeonato de aguas abiertas organizada por el Yap\u00fa Guaz\u00fa y Regatas Resistencia. Logr\u00f3 dos victorias y un segundo puesto. Subcampe\u00f3n fue Eduardo S\u00e1enz (16 a\u00f1os), con una victoria, un segundo puesto y un cuarto.<\/p>\n<p><img loading=\"lazy\" decoding=\"async\" class=\"alignnone size-medium wp-image-33412\" src=\"https:\/\/www.sportchaco.com.ar\/wp-content\/uploads\/2026\/03\/CARICATURA-SISTI-1-200x300.png\" alt=\"\" width=\"200\" height=\"300\" srcset=\"https:\/\/www.sportchaco.com.ar\/wp-content\/uploads\/2026\/03\/CARICATURA-SISTI-1-200x300.png 200w, https:\/\/www.sportchaco.com.ar\/wp-content\/uploads\/2026\/03\/CARICATURA-SISTI-1-683x1024.png 683w, https:\/\/www.sportchaco.com.ar\/wp-content\/uploads\/2026\/03\/CARICATURA-SISTI-1-768x1152.png 768w, https:\/\/www.sportchaco.com.ar\/wp-content\/uploads\/2026\/03\/CARICATURA-SISTI-1.png 1024w\" sizes=\"auto, (max-width: 200px) 100vw, 200px\" \/><\/p>\n<p><strong>2007\u00a0<\/strong>\/ Con la presencia de destacadas figuras del deporte, dirigentes, profesores, periodistas y de la comunidad local, la presencia de dirigentes de otras provincias argentinas, se realiza el lanzamiento del Movimiento Social del Deporte. La mesa estuvo encabezada por V\u00edctor Lupo, dirigente, periodista, investigador y funcionario peronista; Hugo Alberto Lencinas, presidente de la Federaci\u00f3n Argentina de Periodistas Deportivos, ex deportistas como Romina Plataroti y la leona Ver\u00f3nica Alfonso; el intendente de Puerto Tirol Hugo Sager y Ra\u00fal Bittel, presidente de la Confederaci\u00f3n Chaque\u00f1a de Deportes.<\/p>\n<p>&nbsp;<\/p>\n<p><strong>2007\u00a0<\/strong>\/ El equipo femenino de Regatas Resistencia asciende a la Liga A de V\u00f3leibol, al imponerse por 3 a 0 a River de Coronel Vidal. El plantel lo integran Luicina Binder, Cecilia Solanas, Magdalena Gazzola, Natalia Yacuzzi, Antonella Tonetti, Noelia L\u00f3pez Rojas, Gianina Tonetti, Vanina Rocha, Carolina Reguera, Fiorela Marino, Sof\u00eda Frangioli y Mayra Mansilla.<\/p>\n<p>&nbsp;<\/p>\n<p><strong>2008\u00a0<\/strong>\/ Asociaci\u00f3n Club Social Las Bre\u00f1as gana el Provincial de B\u00e1squetbol, al imponerse en el Top 4 final jugado en su estadio Angel P\u00e9rtile. En el cotejo final derrot\u00f3 a Hind\u00fa 79 a 73. Villa San Mart\u00edn fue tercero y Don Bosco cuarto. Integraron el plantel campe\u00f3n: D. Vega, D. Bruner, M. Pikaluk, Rub\u00e9n Zalazar, Perucca, A. Gerzel, M. Minhot, J. Palacios, G. Frencia. DT: Jorge<\/p>\n<p><strong>Foto de Eduardo Sisti<\/strong><\/p>\n<p style=\"text-align: center;\"><img loading=\"lazy\" decoding=\"async\" class=\"alignnone size-medium wp-image-33071\" src=\"https:\/\/www.sportchaco.com.ar\/wp-content\/uploads\/2026\/02\/BANNER-WEB-MOSQUITOS-SALUD_300x600-17-3-150x300.gif\" alt=\"\" width=\"150\" height=\"300\" \/> <img loading=\"lazy\" decoding=\"async\" class=\"alignnone size-medium wp-image-33068\" src=\"https:\/\/www.sportchaco.com.ar\/wp-content\/uploads\/2026\/02\/Ahorros-de-Verano-BANNERS-WEB_300x600-14-5-150x300.gif\" alt=\"\" width=\"150\" height=\"300\" srcset=\"https:\/\/www.sportchaco.com.ar\/wp-content\/uploads\/2026\/02\/Ahorros-de-Verano-BANNERS-WEB_300x600-14-5-150x300.gif 150w, https:\/\/www.sportchaco.com.ar\/wp-content\/uploads\/2026\/02\/Ahorros-de-Verano-BANNERS-WEB_300x600-14-5-512x1024.gif 512w\" sizes=\"auto, (max-width: 150px) 100vw, 150px\" \/><\/p>\n","protected":false},"excerpt":{"rendered":"<p>&nbsp; Esta es la Efem\u00e9rides del Deporte en el Chaco de un 3 de marzo del periodista Luis Dar\u00edo Molodezky. &nbsp; 1980\u00a0\/ Carlos Guillermo Varas con 17 a\u00f1os, se consagra campe\u00f3n argentino intercolegial en 110 con vallas y resulta cuarto en 400 metros. Es convocado para integrar la Selecci\u00f3n Nacional de Atletismo para el Sudamericano &hellip;<\/p>\n","protected":false},"author":2,"featured_media":33414,"comment_status":"open","ping_status":"open","sticky":false,"template":"","format":"standard","meta":{"footnotes":""},"categories":[45,33],"tags":[],"class_list":["post-33406","post","type-post","status-publish","format-standard","has-post-thumbnail","hentry","category-efemerides-dia-por-dia","category-marzo"],"_links":{"self":[{"href":"https:\/\/www.sportchaco.com.ar\/index.php?rest_route=\/wp\/v2\/posts\/33406","targetHints":{"allow":["GET"]}}],"collection":[{"href":"https:\/\/www.sportchaco.com.ar\/index.php?rest_route=\/wp\/v2\/posts"}],"about":[{"href":"https:\/\/www.sportchaco.com.ar\/index.php?rest_route=\/wp\/v2\/types\/post"}],"author":[{"embeddable":true,"href":"https:\/\/www.sportchaco.com.ar\/index.php?rest_route=\/wp\/v2\/users\/2"}],"replies":[{"embeddable":true,"href":"https:\/\/www.sportchaco.com.ar\/index.php?rest_route=%2Fwp%2Fv2%2Fcomments&post=33406"}],"version-history":[{"count":3,"href":"https:\/\/www.sportchaco.com.ar\/index.php?rest_route=\/wp\/v2\/posts\/33406\/revisions"}],"predecessor-version":[{"id":33416,"href":"https:\/\/www.sportchaco.com.ar\/index.php?rest_route=\/wp\/v2\/posts\/33406\/revisions\/33416"}],"wp:featuredmedia":[{"embeddable":true,"href":"https:\/\/www.sportchaco.com.ar\/index.php?rest_route=\/wp\/v2\/media\/33414"}],"wp:attachment":[{"href":"https:\/\/www.sportchaco.com.ar\/index.php?rest_route=%2Fwp%2Fv2%2Fmedia&parent=33406"}],"wp:term":[{"taxonomy":"category","embeddable":true,"href":"https:\/\/www.sportchaco.com.ar\/index.php?rest_route=%2Fwp%2Fv2%2Fcategories&post=33406"},{"taxonomy":"post_tag","embeddable":true,"href":"https:\/\/www.sportchaco.com.ar\/index.php?rest_route=%2Fwp%2Fv2%2Ftags&post=33406"}],"curies":[{"name":"wp","href":"https:\/\/api.w.org\/{rel}","templated":true}]}}