{"id":33470,"date":"2026-03-04T00:27:23","date_gmt":"2026-03-04T03:27:23","guid":{"rendered":"https:\/\/www.sportchaco.com.ar\/?p=33470"},"modified":"2026-03-04T00:28:50","modified_gmt":"2026-03-04T03:28:50","slug":"efemerides-del-4-de-marzo-2","status":"publish","type":"post","link":"https:\/\/www.sportchaco.com.ar\/?p=33470","title":{"rendered":"Efem\u00e9rides del 4 de marzo"},"content":{"rendered":"<div class=\"container fullwidth-entry-title-wrapper\">\n<div class=\"container-wrapper fullwidth-entry-title\">\n<header class=\"entry-header-outer\">\n<div class=\"entry-header\">\n<h1 class=\"post-title entry-title\"><\/h1>\n<div class=\"single-post-meta post-meta clearfix\"><\/div>\n<\/div>\n<\/header>\n<\/div>\n<\/div>\n<div id=\"content\" class=\"site-content container\">\n<div id=\"main-content-row\" class=\"tie-row main-content-row\">\n<div class=\"main-content tie-col-md-8 tie-col-xs-12\" role=\"main\">\n<article id=\"the-post\" class=\"container-wrapper post-content tie-standard\">\n<div class=\"featured-area\">\n<div class=\"featured-area-inner\">\n<h5 class=\"single-featured-image\"><\/h5>\n<\/div>\n<\/div>\n<div class=\"entry-content entry clearfix\">\n<h5><strong>Esta es la Efem\u00e9rides del Deporte en el Chaco de un 4 de marzo del periodista Luis Dar\u00edo Molodezky.<\/strong><\/h5>\n<h5><img loading=\"lazy\" decoding=\"async\" class=\"alignnone size-medium wp-image-33471 alignleft\" src=\"https:\/\/www.sportchaco.com.ar\/wp-content\/uploads\/2026\/03\/Luis-2025-marzo-carita-sonriente-300x287.jpg\" alt=\"\" width=\"300\" height=\"287\" srcset=\"https:\/\/www.sportchaco.com.ar\/wp-content\/uploads\/2026\/03\/Luis-2025-marzo-carita-sonriente-300x287.jpg 300w, https:\/\/www.sportchaco.com.ar\/wp-content\/uploads\/2026\/03\/Luis-2025-marzo-carita-sonriente.jpg 383w\" sizes=\"auto, (max-width: 300px) 100vw, 300px\" \/><\/h5>\n<p>&nbsp;<\/p>\n<p><strong>1888 \/\u00a0<\/strong>Naci\u00f3 en 1888 en M\u00f3dena, Italia, Aldo Agazzani. Hac\u00eda diariamente 90 kil\u00f3metros en bicicleta a Bologna para visitar su novia. Su amor por las bicicletas lo llev\u00f3 a ser un deportista consagrado en Italia.<br \/>\nEl 29 de diciembre de 1909, lleg\u00f3 al pa\u00eds en el vapor Argentina con 21 a\u00f1os, cargado de sue\u00f1os. En 1911 lleg\u00f3 a Resistencia (10 mil habitantes), donde le dec\u00eda que se estaba gestando un nuevo centro industrial y comercial en donde todo estaba por hacer. Instala un rudimentario taller mec\u00e1nico. Arregla rev\u00f3lveres, ajusta y modifica escopetas, repara m\u00e1quinas de coser y ejecuta, en esa \u00f3rbita, distintos trabajos del ramo. Trae las tres primeras bicicletas, pero no logra venderlas. Resuelve, entonces alquilarlas, ense\u00f1ando a los j\u00f3venes y ni\u00f1os su manejo, y con ello echa las bases de las actividades ciclistas en el territorio. Fue el introductor del ciclismo. Luego, este taller deriv\u00f3 en la primera f\u00e1brica de bicicletas del Chaco, dedic\u00e1ndose al armado y producci\u00f3n de las mismas.<\/p>\n<p><strong>1937\u00a0<\/strong>\/ Nace en Rafaela, Santa Fe, Edison Omar Rodr\u00edguez (P). Radicado en S\u00e1enz Pe\u00f1a se vincul\u00f3 al diario La Acci\u00f3n y luego en La Humanidad de Resistencia. Estudio en la Escuela Benjam\u00edn Zorrilla y Colegio Nacional. Trabaj\u00f3 desde los 15 a\u00f1os en El Territorio como aspirante en Deportes, donde luego fue cronista, redactor, Jefe de Deportes, Secretario y Jefe de Redacci\u00f3n, terminando como subdirector hasta su cierre en 1989. Trabaj\u00f3 como informativista y los programas de deporte, adme\u00e1s de las transmisiones locales y nacional de LT 5 Radio Chaco. Fue corresponsal de El Gr\u00e1fico. Fue pionero en la TV, ya que llev\u00f3 a Canal 9 los primeros programas de deporte. A los 21 transmiti\u00f3 su primer Argentino de B\u00e1squetbol en Neuqu\u00e9n y a partir de all\u00ed viaj\u00f3 casi todos los a\u00f1os para cubrir ese evento nacional. A principios del 2000 public\u00f3 \u201cPinceladas Deportivas\u201d y tras el cierre de El Territorio colabor\u00f3 con notas especiales en Norte. El 7 de junio de 2005 con motivo del D\u00eda del Periodista recibi\u00f3 un homenaje de la C\u00e1mara de Diputados del Chaco. Falleci\u00f3 el 10 de enero de 2013.<\/p>\n<p><strong>2006\u00a0<\/strong>\/ El charatense Dar\u00edo Avallay ratifica su predominio en la zona, al adjudicarse el marat\u00f3n \u201c94\u00ba Aniversario de S\u00e1enz Pe\u00f1a\u201d, que se corri\u00f3 por las calles de esa ciudad. En pre-veteranos el triunfo fue para Ram\u00f3n Veronese de Tirol; entre los veteranos estuvo Edgardo Casales (Charata).<\/p>\n<\/div>\n<\/article>\n<p><em><strong>Foto portada: Exhibici\u00f3n de bicicletas frente a Casa Agazzani en la L\u00f3pez y Planes al 80 en 1920\u00a0 aproximadamente<\/strong><\/em><\/p>\n<\/div>\n<p><img loading=\"lazy\" decoding=\"async\" class=\"alignnone size-medium wp-image-33068\" src=\"https:\/\/www.sportchaco.com.ar\/wp-content\/uploads\/2026\/02\/Ahorros-de-Verano-BANNERS-WEB_300x600-14-5-150x300.gif\" alt=\"\" width=\"150\" height=\"300\" srcset=\"https:\/\/www.sportchaco.com.ar\/wp-content\/uploads\/2026\/02\/Ahorros-de-Verano-BANNERS-WEB_300x600-14-5-150x300.gif 150w, https:\/\/www.sportchaco.com.ar\/wp-content\/uploads\/2026\/02\/Ahorros-de-Verano-BANNERS-WEB_300x600-14-5-512x1024.gif 512w\" sizes=\"auto, (max-width: 150px) 100vw, 150px\" \/> <img loading=\"lazy\" decoding=\"async\" class=\"alignnone size-medium wp-image-33069\" src=\"https:\/\/www.sportchaco.com.ar\/wp-content\/uploads\/2026\/02\/BANNER-WEB-MOSQUITOS-SALUD_120x200-01-2-180x300.gif\" alt=\"\" width=\"180\" height=\"300\" \/> <img loading=\"lazy\" decoding=\"async\" class=\"alignnone size-medium wp-image-33073\" src=\"https:\/\/www.sportchaco.com.ar\/wp-content\/uploads\/2026\/02\/MERCADO-LIBRE_120x200-01-180x300.gif\" alt=\"\" width=\"180\" height=\"300\" \/><\/p>\n<p><img loading=\"lazy\" decoding=\"async\" class=\"alignnone size-medium wp-image-33472\" src=\"https:\/\/www.sportchaco.com.ar\/wp-content\/uploads\/2026\/03\/Agazzani-inferfecciones-300x300.png\" alt=\"\" width=\"300\" height=\"300\" srcset=\"https:\/\/www.sportchaco.com.ar\/wp-content\/uploads\/2026\/03\/Agazzani-inferfecciones-300x300.png 300w, https:\/\/www.sportchaco.com.ar\/wp-content\/uploads\/2026\/03\/Agazzani-inferfecciones-150x150.png 150w, https:\/\/www.sportchaco.com.ar\/wp-content\/uploads\/2026\/03\/Agazzani-inferfecciones-768x768.png 768w, https:\/\/www.sportchaco.com.ar\/wp-content\/uploads\/2026\/03\/Agazzani-inferfecciones.png 1024w\" sizes=\"auto, (max-width: 300px) 100vw, 300px\" \/><\/p>\n<div class=\"main-content tie-col-md-8 tie-col-xs-12\" role=\"main\">\n<article id=\"the-post\" class=\"container-wrapper post-content tie-standard\">\n<div class=\"entry-content entry clearfix\">\n<div class=\"post-bottom-meta post-bottom-edit\">\n<div class=\"post-bottom-meta-title\"><\/div>\n<\/div>\n<\/div>\n<\/article>\n<\/div>\n<\/div>\n<\/div>\n","protected":false},"excerpt":{"rendered":"<p>Esta es la Efem\u00e9rides del Deporte en el Chaco de un 4 de marzo del periodista Luis Dar\u00edo Molodezky. &nbsp; 1888 \/\u00a0Naci\u00f3 en 1888 en M\u00f3dena, Italia, Aldo Agazzani. Hac\u00eda diariamente 90 kil\u00f3metros en bicicleta a Bologna para visitar su novia. Su amor por las bicicletas lo llev\u00f3 a ser un deportista consagrado en Italia. &hellip;<\/p>\n","protected":false},"author":2,"featured_media":33472,"comment_status":"open","ping_status":"open","sticky":false,"template":"","format":"standard","meta":{"footnotes":""},"categories":[45,33],"tags":[],"class_list":["post-33470","post","type-post","status-publish","format-standard","has-post-thumbnail","hentry","category-efemerides-dia-por-dia","category-marzo"],"_links":{"self":[{"href":"https:\/\/www.sportchaco.com.ar\/index.php?rest_route=\/wp\/v2\/posts\/33470","targetHints":{"allow":["GET"]}}],"collection":[{"href":"https:\/\/www.sportchaco.com.ar\/index.php?rest_route=\/wp\/v2\/posts"}],"about":[{"href":"https:\/\/www.sportchaco.com.ar\/index.php?rest_route=\/wp\/v2\/types\/post"}],"author":[{"embeddable":true,"href":"https:\/\/www.sportchaco.com.ar\/index.php?rest_route=\/wp\/v2\/users\/2"}],"replies":[{"embeddable":true,"href":"https:\/\/www.sportchaco.com.ar\/index.php?rest_route=%2Fwp%2Fv2%2Fcomments&post=33470"}],"version-history":[{"count":2,"href":"https:\/\/www.sportchaco.com.ar\/index.php?rest_route=\/wp\/v2\/posts\/33470\/revisions"}],"predecessor-version":[{"id":33474,"href":"https:\/\/www.sportchaco.com.ar\/index.php?rest_route=\/wp\/v2\/posts\/33470\/revisions\/33474"}],"wp:featuredmedia":[{"embeddable":true,"href":"https:\/\/www.sportchaco.com.ar\/index.php?rest_route=\/wp\/v2\/media\/33472"}],"wp:attachment":[{"href":"https:\/\/www.sportchaco.com.ar\/index.php?rest_route=%2Fwp%2Fv2%2Fmedia&parent=33470"}],"wp:term":[{"taxonomy":"category","embeddable":true,"href":"https:\/\/www.sportchaco.com.ar\/index.php?rest_route=%2Fwp%2Fv2%2Fcategories&post=33470"},{"taxonomy":"post_tag","embeddable":true,"href":"https:\/\/www.sportchaco.com.ar\/index.php?rest_route=%2Fwp%2Fv2%2Ftags&post=33470"}],"curies":[{"name":"wp","href":"https:\/\/api.w.org\/{rel}","templated":true}]}}