{"id":33487,"date":"2026-03-04T10:55:52","date_gmt":"2026-03-04T13:55:52","guid":{"rendered":"https:\/\/www.sportchaco.com.ar\/?p=33487"},"modified":"2026-03-04T12:00:44","modified_gmt":"2026-03-04T15:00:44","slug":"facundo-maciel-del-rio-nuevo-licenciado-en-periodismo","status":"publish","type":"post","link":"https:\/\/www.sportchaco.com.ar\/?p=33487","title":{"rendered":"Facundo Maciel Del Rio, nuevo Licenciado en periodismo"},"content":{"rendered":"<h4><strong>El joven Facundo Maciel Del Rio, acaba de graduarse como Licenciado en Periodismo en la UCES. Practic\u00f3 basquetbol en Villa San Mart\u00edn y For Ever, tambi\u00e9n boxeo.<\/strong><\/h4>\n<h6><strong>Comparte el programa Cara y<\/strong> Ceca del Deporte junto a Luis Dar\u00edo Molodezky, Marcos Daniel Acosta y Edgar Quintero. Tambi\u00e9n las transmisiones deportivas y colaboraciones en medios escritos como Sport Chaco y diarios locales.<\/h6>\n<p><em><strong>Foto portada: Facu Maciel junto a su madre Reyna Del Rio y su padre Omar Maciel\u00a0 instantes despu\u00e9s de la graduaci\u00f3n.<\/strong><\/em><\/p>\n<p>&nbsp;<\/p>\n<p>&nbsp;<\/p>\n","protected":false},"excerpt":{"rendered":"<p>El joven Facundo Maciel Del Rio, acaba de graduarse como Licenciado en Periodismo en la UCES. Practic\u00f3 basquetbol en Villa San Mart\u00edn y For Ever, tambi\u00e9n boxeo. Comparte el programa Cara y Ceca del Deporte junto a Luis Dar\u00edo Molodezky, Marcos Daniel Acosta y Edgar Quintero. Tambi\u00e9n las transmisiones deportivas y colaboraciones en medios escritos &hellip;<\/p>\n","protected":false},"author":2,"featured_media":33488,"comment_status":"open","ping_status":"open","sticky":false,"template":"","format":"standard","meta":{"footnotes":""},"categories":[44],"tags":[],"class_list":["post-33487","post","type-post","status-publish","format-standard","has-post-thumbnail","hentry","category-varios"],"_links":{"self":[{"href":"https:\/\/www.sportchaco.com.ar\/index.php?rest_route=\/wp\/v2\/posts\/33487","targetHints":{"allow":["GET"]}}],"collection":[{"href":"https:\/\/www.sportchaco.com.ar\/index.php?rest_route=\/wp\/v2\/posts"}],"about":[{"href":"https:\/\/www.sportchaco.com.ar\/index.php?rest_route=\/wp\/v2\/types\/post"}],"author":[{"embeddable":true,"href":"https:\/\/www.sportchaco.com.ar\/index.php?rest_route=\/wp\/v2\/users\/2"}],"replies":[{"embeddable":true,"href":"https:\/\/www.sportchaco.com.ar\/index.php?rest_route=%2Fwp%2Fv2%2Fcomments&post=33487"}],"version-history":[{"count":6,"href":"https:\/\/www.sportchaco.com.ar\/index.php?rest_route=\/wp\/v2\/posts\/33487\/revisions"}],"predecessor-version":[{"id":33510,"href":"https:\/\/www.sportchaco.com.ar\/index.php?rest_route=\/wp\/v2\/posts\/33487\/revisions\/33510"}],"wp:featuredmedia":[{"embeddable":true,"href":"https:\/\/www.sportchaco.com.ar\/index.php?rest_route=\/wp\/v2\/media\/33488"}],"wp:attachment":[{"href":"https:\/\/www.sportchaco.com.ar\/index.php?rest_route=%2Fwp%2Fv2%2Fmedia&parent=33487"}],"wp:term":[{"taxonomy":"category","embeddable":true,"href":"https:\/\/www.sportchaco.com.ar\/index.php?rest_route=%2Fwp%2Fv2%2Fcategories&post=33487"},{"taxonomy":"post_tag","embeddable":true,"href":"https:\/\/www.sportchaco.com.ar\/index.php?rest_route=%2Fwp%2Fv2%2Ftags&post=33487"}],"curies":[{"name":"wp","href":"https:\/\/api.w.org\/{rel}","templated":true}]}}