{"id":33548,"date":"2026-03-05T23:31:20","date_gmt":"2026-03-06T02:31:20","guid":{"rendered":"https:\/\/www.sportchaco.com.ar\/?p=33548"},"modified":"2026-03-07T13:12:49","modified_gmt":"2026-03-07T16:12:49","slug":"efemerides-del-6-de-marzo-3","status":"publish","type":"post","link":"https:\/\/www.sportchaco.com.ar\/?p=33548","title":{"rendered":"Efem\u00e9rides del 6 de marzo"},"content":{"rendered":"<div class=\"container fullwidth-entry-title-wrapper\">\n<div class=\"container-wrapper fullwidth-entry-title\">\n<header class=\"entry-header-outer\">\n<div class=\"entry-header\"><\/div>\n<\/header>\n<\/div>\n<\/div>\n<div id=\"content\" class=\"site-content container\">\n<div id=\"main-content-row\" class=\"tie-row main-content-row\">\n<div class=\"main-content tie-col-md-8 tie-col-xs-12\" role=\"main\">\n<article id=\"the-post\" class=\"container-wrapper post-content tie-standard\">\n<div class=\"entry-content entry clearfix\">\n<div class=\"container fullwidth-entry-title-wrapper\">\n<div class=\"container-wrapper fullwidth-entry-title\">\n<header class=\"entry-header-outer\">\n<div class=\"entry-header\">\n<div class=\"single-post-meta post-meta clearfix\"><\/div>\n<\/div>\n<\/header>\n<\/div>\n<\/div>\n<div id=\"content\" class=\"site-content container\">\n<div id=\"main-content-row\" class=\"tie-row main-content-row\">\n<div class=\"main-content tie-col-md-8 tie-col-xs-12\" role=\"main\">\n<article id=\"the-post\" class=\"container-wrapper post-content tie-standard\">\n<div class=\"featured-area\">\n<div class=\"featured-area-inner\"><\/div>\n<\/div>\n<div class=\"entry-content entry clearfix\">\n<p>&nbsp;<\/p>\n<h4><strong>Esta es la Efem\u00e9rides del Deporte en el Chaco de un 6 de marzo del periodista Luis Dar\u00edo Molodezky.<\/strong><\/h4>\n<p style=\"text-align: center;\"><img loading=\"lazy\" decoding=\"async\" class=\"alignnone size-medium wp-image-6250 aligncenter\" src=\"https:\/\/www.sportchaco.com.ar\/wp-content\/uploads\/2024\/02\/luis-DESPEDIDA-3-cara-216x300.jpg\" sizes=\"auto, (max-width: 216px) 100vw, 216px\" srcset=\"https:\/\/www.sportchaco.com.ar\/wp-content\/uploads\/2024\/02\/luis-DESPEDIDA-3-cara-216x300.jpg 216w, https:\/\/www.sportchaco.com.ar\/wp-content\/uploads\/2024\/02\/luis-DESPEDIDA-3-cara-739x1024.jpg 739w, https:\/\/www.sportchaco.com.ar\/wp-content\/uploads\/2024\/02\/luis-DESPEDIDA-3-cara-768x1064.jpg 768w, https:\/\/www.sportchaco.com.ar\/wp-content\/uploads\/2024\/02\/luis-DESPEDIDA-3-cara.jpg 912w\" alt=\"\" width=\"216\" height=\"300\" \/><strong>Luis Dar\u00ed<\/strong><strong>o<\/strong><strong>\u00a0Molodezky<\/strong><\/p>\n<p>&nbsp;<\/p>\n<p>&nbsp;<\/p>\n<p><strong>1983\u00a0<\/strong>\/ Resistencia se consagra campe\u00f3n provincial de Bochas, en el torneo disputado en General San Mart\u00edn. Al equipo lo integran Br\u00edgnole, Domingo Sona, Ram\u00f3n Garc\u00eda y Hugo Soto.<\/p>\n<\/div>\n<p><strong>1994 \/<\/strong> Fallece en Resistencia, a los 75 a\u00f1os, el radio operador Juan Antonio Gualco. Fue uno de los pioneros de la radiofon\u00eda del Chaco y fundador junto a M\u00e1ximo Noveri y Luis Sobrado de LT 5 Radio Chaco. Como jefe t\u00e9cnico recorri\u00f3 el pa\u00eds y la Capital Federal en las transmisiones deportivas de f\u00fatbol, b\u00e1squetbol y boxeo y de la misma manera todo el interior del Chaco. Fue formador de t\u00e9cnicos que surgieron a su sombra. Cuando la emisora se convirti\u00f3 en LRA 26 Radio Nacional pas\u00f3 a ella y all\u00ed se jubil\u00f3.<\/p>\n<p><img loading=\"lazy\" decoding=\"async\" class=\"size-medium wp-image-33654 aligncenter\" src=\"https:\/\/www.sportchaco.com.ar\/wp-content\/uploads\/2026\/03\/Gualco-tecnico-de-LT5-e-primero-300x124.png\" alt=\"\" width=\"300\" height=\"124\" srcset=\"https:\/\/www.sportchaco.com.ar\/wp-content\/uploads\/2026\/03\/Gualco-tecnico-de-LT5-e-primero-300x124.png 300w, https:\/\/www.sportchaco.com.ar\/wp-content\/uploads\/2026\/03\/Gualco-tecnico-de-LT5-e-primero-1024x423.png 1024w, https:\/\/www.sportchaco.com.ar\/wp-content\/uploads\/2026\/03\/Gualco-tecnico-de-LT5-e-primero-768x317.png 768w, https:\/\/www.sportchaco.com.ar\/wp-content\/uploads\/2026\/03\/Gualco-tecnico-de-LT5-e-primero.png 1493w\" sizes=\"auto, (max-width: 300px) 100vw, 300px\" \/><\/p>\n<p><em><strong>Juan Gualco, el primero de la izquierdaen una transmisi\u00f3n de LT 5 Radio Chaco. Fue durante el Argentino de b\u00e1squetbol de La Rioja. Tambi\u00e9n aparecen Edison Omar Rodriguez, Coco Ruiz, P\u00e9rez Pissera,\u00a0Miguel \u00c1ngel P\u00e9rez Pissera y Pablo Mensi.<\/strong><\/em><\/p>\n<div class=\"entry-content entry clearfix\">\n<p><strong>2006\u00a0<\/strong>\/ Fallece a los 95 a\u00f1os don Antonio Alem\u00eds, fundador y dirigente de Hind\u00fa Club (11 de abril de 1933) por muchos a\u00f1os. Hab\u00eda nacido en Corrientes y r\u00e1pidamente se integr\u00f3 al deporte del Chaco.<\/p>\n<p>&nbsp;<\/p>\n<h3>Foto de Antonio Alemis<\/h3>\n<p><img loading=\"lazy\" decoding=\"async\" class=\"alignnone size-medium wp-image-33502\" src=\"https:\/\/www.sportchaco.com.ar\/wp-content\/uploads\/2026\/03\/Ahorros-de-Verano-BANNERS-WEB_200x200-04-300x300.gif\" alt=\"\" width=\"300\" height=\"300\" srcset=\"https:\/\/www.sportchaco.com.ar\/wp-content\/uploads\/2026\/03\/Ahorros-de-Verano-BANNERS-WEB_200x200-04-300x300.gif 300w, https:\/\/www.sportchaco.com.ar\/wp-content\/uploads\/2026\/03\/Ahorros-de-Verano-BANNERS-WEB_200x200-04-150x150.gif 150w\" sizes=\"auto, (max-width: 300px) 100vw, 300px\" \/> <img loading=\"lazy\" decoding=\"async\" class=\"alignnone size-medium wp-image-33504\" src=\"https:\/\/www.sportchaco.com.ar\/wp-content\/uploads\/2026\/03\/MERCADO-LIBRE_200x200-05-300x300.gif\" alt=\"\" width=\"300\" height=\"300\" srcset=\"https:\/\/www.sportchaco.com.ar\/wp-content\/uploads\/2026\/03\/MERCADO-LIBRE_200x200-05-300x300.gif 300w, https:\/\/www.sportchaco.com.ar\/wp-content\/uploads\/2026\/03\/MERCADO-LIBRE_200x200-05-150x150.gif 150w\" sizes=\"auto, (max-width: 300px) 100vw, 300px\" \/><\/p>\n<\/div>\n<\/article>\n<\/div>\n<\/div>\n<\/div>\n<\/div>\n<\/article>\n<\/div>\n<\/div>\n<\/div>\n","protected":false},"excerpt":{"rendered":"<p>&nbsp; Esta es la Efem\u00e9rides del Deporte en el Chaco de un 6 de marzo del periodista Luis Dar\u00edo Molodezky. Luis Dar\u00edo\u00a0Molodezky &nbsp; &nbsp; 1983\u00a0\/ Resistencia se consagra campe\u00f3n provincial de Bochas, en el torneo disputado en General San Mart\u00edn. Al equipo lo integran Br\u00edgnole, Domingo Sona, Ram\u00f3n Garc\u00eda y Hugo Soto. 1994 \/ Fallece &hellip;<\/p>\n","protected":false},"author":2,"featured_media":33549,"comment_status":"open","ping_status":"open","sticky":false,"template":"","format":"standard","meta":{"footnotes":""},"categories":[45,33],"tags":[],"class_list":["post-33548","post","type-post","status-publish","format-standard","has-post-thumbnail","hentry","category-efemerides-dia-por-dia","category-marzo"],"_links":{"self":[{"href":"https:\/\/www.sportchaco.com.ar\/index.php?rest_route=\/wp\/v2\/posts\/33548","targetHints":{"allow":["GET"]}}],"collection":[{"href":"https:\/\/www.sportchaco.com.ar\/index.php?rest_route=\/wp\/v2\/posts"}],"about":[{"href":"https:\/\/www.sportchaco.com.ar\/index.php?rest_route=\/wp\/v2\/types\/post"}],"author":[{"embeddable":true,"href":"https:\/\/www.sportchaco.com.ar\/index.php?rest_route=\/wp\/v2\/users\/2"}],"replies":[{"embeddable":true,"href":"https:\/\/www.sportchaco.com.ar\/index.php?rest_route=%2Fwp%2Fv2%2Fcomments&post=33548"}],"version-history":[{"count":7,"href":"https:\/\/www.sportchaco.com.ar\/index.php?rest_route=\/wp\/v2\/posts\/33548\/revisions"}],"predecessor-version":[{"id":33656,"href":"https:\/\/www.sportchaco.com.ar\/index.php?rest_route=\/wp\/v2\/posts\/33548\/revisions\/33656"}],"wp:featuredmedia":[{"embeddable":true,"href":"https:\/\/www.sportchaco.com.ar\/index.php?rest_route=\/wp\/v2\/media\/33549"}],"wp:attachment":[{"href":"https:\/\/www.sportchaco.com.ar\/index.php?rest_route=%2Fwp%2Fv2%2Fmedia&parent=33548"}],"wp:term":[{"taxonomy":"category","embeddable":true,"href":"https:\/\/www.sportchaco.com.ar\/index.php?rest_route=%2Fwp%2Fv2%2Fcategories&post=33548"},{"taxonomy":"post_tag","embeddable":true,"href":"https:\/\/www.sportchaco.com.ar\/index.php?rest_route=%2Fwp%2Fv2%2Ftags&post=33548"}],"curies":[{"name":"wp","href":"https:\/\/api.w.org\/{rel}","templated":true}]}}