{"id":33556,"date":"2026-03-05T11:44:51","date_gmt":"2026-03-05T14:44:51","guid":{"rendered":"https:\/\/www.sportchaco.com.ar\/?p=33556"},"modified":"2026-03-06T11:43:40","modified_gmt":"2026-03-06T14:43:40","slug":"fallecio-roberto-gordo-parodi-jugador-y-dt-de-regatas-campeon-de-rugby-72","status":"publish","type":"post","link":"https:\/\/www.sportchaco.com.ar\/?p=33556","title":{"rendered":"Falleci\u00f3 Roberto \u00abgordo\u00bb Parodi, jugador y DT de Regatas campeon de rugby 72"},"content":{"rendered":"<h5>En la madrugada de hoy falleci\u00f3 Roberto \u00abGordo\u00bb Parodi, jugador y DT del equipo campe\u00f3n de rugby campe\u00f3n del&#8217; 72. Resid\u00eda en Tres Isletas y se3 trataba de su problema de ri\u00f1ones en Saenz Pe\u00f1a. Tras una complicaci\u00f3n card\u00edaca y estaba internado en terapia intensiva al Sanarorio Chaco.<\/h5>\n<p>&nbsp;<\/p>\n<p>&nbsp;<\/p>\n<p style=\"font-weight: 400;\">CAMPE\u00d3N DE LA URNE.<\/p>\n<p style=\"font-weight: 400;\">Un 23 de setiembre del &#8217;72, el club remero se coron\u00f3 CAMPE\u00d3N del Torneo Oficial organizado por la URNE, por vez primeraaa&#8230;<\/p>\n<p style=\"font-weight: 400;\"><strong>RAPASANDO EL PASADO<\/strong><\/p>\n<p style=\"font-weight: 400;\"><strong>1972: El a\u00f1o en que Regatas empez\u00f3 a escribir su historia grande en el rugby del Nordeste<\/strong><\/p>\n<p style=\"font-weight: 400;\">Hay a\u00f1os que quedan grabados para siempre en la memoria de un club. Para el\u00a0<strong>Club de Regatas Resistencia<\/strong>, 1972 no fue simplemente una buena temporada: fue el punto de partida de una identidad rugb\u00edstica, el momento en que una disciplina joven dentro de la instituci\u00f3n comenz\u00f3 a transformarse en tradici\u00f3n. Ese a\u00f1o, el primer equipo del club conquist\u00f3 el\u00a0<strong>t\u00edtulo oficial de la Uni\u00f3n de Rugby del Nordeste<\/strong>, logro que marc\u00f3 el rumbo de todo lo que vendr\u00eda.<\/p>\n<p><img decoding=\"async\" src=\"https:\/\/scontent.fcnq2-2.fna.fbcdn.net\/v\/t39.30808-6\/647026655_122128059669022572_3368947008235041624_n.jpg?_nc_cat=109&amp;ccb=1-7&amp;_nc_sid=13d280&amp;_nc_ohc=p5VC63eFe3wQ7kNvwFn_gGe&amp;_nc_oc=AdkDeh7AdALt41NW1NHWz-1OmXt0dUlasYX0tyM_LT26EDaYIwfhtI7pPzMulhGtqFQ&amp;_nc_zt=23&amp;_nc_ht=scontent.fcnq2-2.fna&amp;_nc_gid=fJJ1QiISZis7RpvWP9u1mg&amp;_nc_ss=8&amp;oh=00_AfwTpSBr_8g4wnZ5pbRGYzROvYqpBcHRZpQjLeAkYjEsLQ&amp;oe=69AF4D29\" alt=\"Puede ser una ilustraci\u00f3n de texto\" \/><\/p>\n<p style=\"font-weight: 400;\">Era una \u00e9poca distinta. El rugby a\u00fan no ten\u00eda la masividad ni la estructura que a\u00f1os despu\u00e9s se consolidar\u00eda. Sin embargo, ya se percib\u00eda un fervor creciente alrededor de la ovalada. Regatas, con apenas una d\u00e9cada de experiencia en el deporte, mostraba una madurez sorprendente. Aquel plantel supo combinar disciplina, entusiasmo y una profunda vocaci\u00f3n de crecimiento.<\/p>\n<p style=\"font-weight: 400;\"><strong>Una campa\u00f1a casi perfecta<\/strong><\/p>\n<p style=\"font-weight: 400;\">La temporada fue extraordinaria. El conjunto de Villa R\u00edo Negro apenas cedi\u00f3 una derrota \u2013ante Cotonar, en la segunda rueda\u2013 y un empate frente a Sity. El resto fue un andar firme, s\u00f3lido, casi imperturbable. Cada encuentro mostraba un equipo que hab\u00eda encontrado su fisonom\u00eda y su esp\u00edritu competitivo.<\/p>\n<p style=\"font-weight: 400;\">Era el fruto de un trabajo silencioso, constante y poco frecuente para esos tiempos: entrenamiento f\u00edsico planificado, orden t\u00e1ctico y un compromiso colectivo admirable. En ese terreno tuvieron enorme incidencia\u00a0<strong>H\u00e9ctor Petil\u00e9 y Hugo Figueroa<\/strong>, responsables de la preparaci\u00f3n f\u00edsica del plantel. Sus m\u00e9todos modernos y su dedicaci\u00f3n sin l\u00edmites lograron elevar el nivel de un grupo que, hasta entonces, s\u00f3lo se sosten\u00eda en el empuje y el entusiasmo.<\/p>\n<p style=\"font-weight: 400;\">La posici\u00f3n final en la tabla y las cifras de la campa\u00f1a hablan por s\u00ed solas. Regatas se transform\u00f3 en referencia, y muchos de sus jugadores alimentaron al seleccionado mayor de la Uni\u00f3n del Nordeste, se\u00f1al inequ\u00edvoca de la jerarqu\u00eda alcanzada.<\/p>\n<p style=\"font-weight: 400;\"><strong>Un equipo que crec\u00eda a la par de una comunidad<\/strong><\/p>\n<p style=\"font-weight: 400;\">Pero aquel logro del \u201972 no fue s\u00f3lo deportivo. Represent\u00f3 tambi\u00e9n el comienzo de una \u00e9poca en la que la familia regatense se uni\u00f3 alrededor de un grupo de hombres que defend\u00edan los colores con pasi\u00f3n. Cada triunfo levantaba el \u00e1nimo del barrio y de la instituci\u00f3n; cada viaje, cada cl\u00e1sico, cada tercer tiempo fortalec\u00eda un sentido de pertenencia que se volv\u00eda contagioso.<\/p>\n<p style=\"font-weight: 400;\">El rugby, que hab\u00eda nacido casi como una aventura dentro del club, comenzaba a afirmarse como una disciplina con identidad propia. Su crecimiento era tal que por momentos, como recuerda la cr\u00f3nica de la \u00e9poca, resultaba dif\u00edcil contener el entusiasmo de dirigentes, socios y simpatizantes que se multiplicaban alrededor de la cancha.<\/p>\n<p><img decoding=\"async\" src=\"https:\/\/scontent.fcnq2-1.fna.fbcdn.net\/v\/t39.30808-6\/645362165_122128060503022572_4959003918515135473_n.jpg?_nc_cat=100&amp;ccb=1-7&amp;_nc_sid=13d280&amp;_nc_ohc=vgHn-lmeuoIQ7kNvwG7TbKi&amp;_nc_oc=AdmSm4coRUxQWRcVmjZGlfWb6PuJ-H5BL06ppQQTYO4lVcrceg3p6yJdikpTyzHeXqY&amp;_nc_zt=23&amp;_nc_ht=scontent.fcnq2-1.fna&amp;_nc_gid=viT5ehw6yS7n8XxMJ94woA&amp;_nc_ss=8&amp;oh=00_AfwaJjdCLZ0az0TSSUQg3nFejfFr1r-fhLmnEjJJ1a3upA&amp;oe=69AF6D29\" alt=\"No hay ninguna descripci\u00f3n de la foto disponible.\" \/><\/p>\n<p style=\"font-weight: 400;\"><strong>Los partidos que quedaron para siempre<\/strong><\/p>\n<p style=\"font-weight: 400;\">La campa\u00f1a merece ser recordada en detalle. En los duelos oficiales, Regatas mostr\u00f3 una superioridad contundente:<\/p>\n<ul style=\"font-weight: 400;\">\n<li>Regatas 5 \u2013 Aguar\u00e1 4<\/li>\n<li>Regatas 30 \u2013 CUC 0<\/li>\n<li>Regatas 10 \u2013 Sypucy 3<\/li>\n<li>Regatas 7 \u2013 Taraguy 0<\/li>\n<li>Regatas 6 \u2013 Silos 6<\/li>\n<li>Regatas 47 \u2013 CUC 0<\/li>\n<\/ul>\n<p style=\"font-weight: 400;\">Y en los encuentros reglamentarios, sigui\u00f3 marcando diferencias:<\/p>\n<ul style=\"font-weight: 400;\">\n<li>Regatas 5 \u2013 Mitre 22<\/li>\n<li>Regatas 17 \u2013 Cotton 11<\/li>\n<li>Regatas 21 \u2013 Universidad 9<\/li>\n<li>Regatas 30 \u2013 Taraguy 7<\/li>\n<\/ul>\n<p style=\"font-weight: 400;\">M\u00e1s all\u00e1 de los n\u00fameros, lo que qued\u00f3 grabado es el estilo: orden defensivo, rigor f\u00edsico, entrega total y una convicci\u00f3n que trascend\u00eda los l\u00edmites de cada partido.<\/p>\n<p><em><strong>Equipo de Primera divisi\u00f3n del Club de Regatas.<\/strong><\/em><\/p>\n<p><img loading=\"lazy\" decoding=\"async\" class=\"alignnone size-medium wp-image-33616 aligncenter\" src=\"https:\/\/www.sportchaco.com.ar\/wp-content\/uploads\/2026\/03\/Regatas-1972-Rugby-gracias-moni-300x200.png\" alt=\"\" width=\"300\" height=\"200\" srcset=\"https:\/\/www.sportchaco.com.ar\/wp-content\/uploads\/2026\/03\/Regatas-1972-Rugby-gracias-moni-300x200.png 300w, https:\/\/www.sportchaco.com.ar\/wp-content\/uploads\/2026\/03\/Regatas-1972-Rugby-gracias-moni-1024x683.png 1024w, https:\/\/www.sportchaco.com.ar\/wp-content\/uploads\/2026\/03\/Regatas-1972-Rugby-gracias-moni-768x512.png 768w, https:\/\/www.sportchaco.com.ar\/wp-content\/uploads\/2026\/03\/Regatas-1972-Rugby-gracias-moni.png 1536w\" sizes=\"auto, (max-width: 300px) 100vw, 300px\" \/><\/p>\n<p><em><strong>Parados de izquierda a derecha : Parodi -Torres &#8211; Vidondo &#8211; Freschi &#8211; Ford -.Parmetler -.Fernandez -.Brizuela ( capit\u00e1n )- Gil del Muro ( arbitro )<\/strong><\/em><\/p>\n<p><em><strong>Abajo\u00a0 : Meza- Scordo -Gonzalez &#8211; Raies &#8211; Mac\u00edas &#8211; Ramos &#8211; Centanaro.<\/strong><\/em><\/p>\n<p style=\"font-weight: 400;\"><strong>Un legado que a\u00fan perdura<\/strong><\/p>\n<p style=\"font-weight: 400;\">Hoy, al mirar hacia atr\u00e1s, aquella campa\u00f1a de 1972 aparece como una bisagra. El club, que ya era reconocido por su actividad n\u00e1utica, comenzaba a hacerse un nombre en el rugby. Y esa afirmaci\u00f3n no fue fruto del azar: fue el resultado de una generaci\u00f3n comprometida, de dirigentes visionarios y de preparadores que entendieron que el futuro s\u00f3lo pod\u00eda construirse con trabajo y humildad.<\/p>\n<p style=\"font-weight: 400;\">Muchos de aquellos pioneros ya no est\u00e1n, otros siguen ligados al club de una u otra forma. Pero todos dejaron una huella. Y el rugby chaque\u00f1o, que desde entonces creci\u00f3 en competitividad y en n\u00famero de instituciones, reconoce en aquel Regatas campe\u00f3n una de las ra\u00edces de su desarrollo moderno.<\/p>\n<p style=\"font-weight: 400;\">Cincuenta a\u00f1os despu\u00e9s, el recuerdo sigue vivo. Porque hay campa\u00f1as que no se explican solamente en sus resultados, sino en la manera en que moldean la identidad de un club y de una provincia.<\/p>\n<p style=\"font-weight: 400;\">Y esa, la del\u00a0<strong>Regatas 1972<\/strong>, fue una de ellas.<\/p>\n<p><img loading=\"lazy\" decoding=\"async\" class=\"alignnone size-medium wp-image-33502\" src=\"https:\/\/www.sportchaco.com.ar\/wp-content\/uploads\/2026\/03\/Ahorros-de-Verano-BANNERS-WEB_200x200-04-300x300.gif\" alt=\"\" width=\"300\" height=\"300\" srcset=\"https:\/\/www.sportchaco.com.ar\/wp-content\/uploads\/2026\/03\/Ahorros-de-Verano-BANNERS-WEB_200x200-04-300x300.gif 300w, https:\/\/www.sportchaco.com.ar\/wp-content\/uploads\/2026\/03\/Ahorros-de-Verano-BANNERS-WEB_200x200-04-150x150.gif 150w\" sizes=\"auto, (max-width: 300px) 100vw, 300px\" \/> <img loading=\"lazy\" decoding=\"async\" class=\"alignnone size-medium wp-image-33504\" src=\"https:\/\/www.sportchaco.com.ar\/wp-content\/uploads\/2026\/03\/MERCADO-LIBRE_200x200-05-300x300.gif\" alt=\"\" width=\"300\" height=\"300\" srcset=\"https:\/\/www.sportchaco.com.ar\/wp-content\/uploads\/2026\/03\/MERCADO-LIBRE_200x200-05-300x300.gif 300w, https:\/\/www.sportchaco.com.ar\/wp-content\/uploads\/2026\/03\/MERCADO-LIBRE_200x200-05-150x150.gif 150w\" sizes=\"auto, (max-width: 300px) 100vw, 300px\" \/><\/p>\n","protected":false},"excerpt":{"rendered":"<p>En la madrugada de hoy falleci\u00f3 Roberto \u00abGordo\u00bb Parodi, jugador y DT del equipo campe\u00f3n de rugby campe\u00f3n del&#8217; 72. Resid\u00eda en Tres Isletas y se3 trataba de su problema de ri\u00f1ones en Saenz Pe\u00f1a. Tras una complicaci\u00f3n card\u00edaca y estaba internado en terapia intensiva al Sanarorio Chaco. &nbsp; &nbsp; CAMPE\u00d3N DE LA URNE. Un &hellip;<\/p>\n","protected":false},"author":2,"featured_media":33558,"comment_status":"open","ping_status":"open","sticky":false,"template":"","format":"standard","meta":{"footnotes":""},"categories":[78,7],"tags":[],"class_list":["post-33556","post","type-post","status-publish","format-standard","has-post-thumbnail","hentry","category-historias","category-rugby"],"_links":{"self":[{"href":"https:\/\/www.sportchaco.com.ar\/index.php?rest_route=\/wp\/v2\/posts\/33556","targetHints":{"allow":["GET"]}}],"collection":[{"href":"https:\/\/www.sportchaco.com.ar\/index.php?rest_route=\/wp\/v2\/posts"}],"about":[{"href":"https:\/\/www.sportchaco.com.ar\/index.php?rest_route=\/wp\/v2\/types\/post"}],"author":[{"embeddable":true,"href":"https:\/\/www.sportchaco.com.ar\/index.php?rest_route=\/wp\/v2\/users\/2"}],"replies":[{"embeddable":true,"href":"https:\/\/www.sportchaco.com.ar\/index.php?rest_route=%2Fwp%2Fv2%2Fcomments&post=33556"}],"version-history":[{"count":5,"href":"https:\/\/www.sportchaco.com.ar\/index.php?rest_route=\/wp\/v2\/posts\/33556\/revisions"}],"predecessor-version":[{"id":33617,"href":"https:\/\/www.sportchaco.com.ar\/index.php?rest_route=\/wp\/v2\/posts\/33556\/revisions\/33617"}],"wp:featuredmedia":[{"embeddable":true,"href":"https:\/\/www.sportchaco.com.ar\/index.php?rest_route=\/wp\/v2\/media\/33558"}],"wp:attachment":[{"href":"https:\/\/www.sportchaco.com.ar\/index.php?rest_route=%2Fwp%2Fv2%2Fmedia&parent=33556"}],"wp:term":[{"taxonomy":"category","embeddable":true,"href":"https:\/\/www.sportchaco.com.ar\/index.php?rest_route=%2Fwp%2Fv2%2Fcategories&post=33556"},{"taxonomy":"post_tag","embeddable":true,"href":"https:\/\/www.sportchaco.com.ar\/index.php?rest_route=%2Fwp%2Fv2%2Ftags&post=33556"}],"curies":[{"name":"wp","href":"https:\/\/api.w.org\/{rel}","templated":true}]}}