{"id":33577,"date":"2026-03-05T18:26:33","date_gmt":"2026-03-05T21:26:33","guid":{"rendered":"https:\/\/www.sportchaco.com.ar\/?p=33577"},"modified":"2026-03-06T10:35:29","modified_gmt":"2026-03-06T13:35:29","slug":"la-liga-chaquena-se-adhiere-al-paro-de-afa","status":"publish","type":"post","link":"https:\/\/www.sportchaco.com.ar\/?p=33577","title":{"rendered":"La Liga Chaque\u00f1a se adhiere al paro de AFA"},"content":{"rendered":"<p><strong>05-03-2026<\/strong><\/p>\n<p><img loading=\"lazy\" decoding=\"async\" class=\"aligncenter size-full wp-image-32098\" src=\"https:\/\/www.sportchaco.com.ar\/wp-content\/uploads\/2026\/02\/728x90.gif\" alt=\"\" width=\"729\" height=\"91\" \/><\/p>\n<p>La Liga Chaque\u00f1a de F\u00fatbol, al igual que todas las casas de f\u00fatbol del pa\u00eds, adhiere al paro de la Asociaci\u00f3n del F\u00fatbol Argentino (AFA) con lo cual este fin de semana no habr\u00e1 actividades de ninguna \u00edndole.<\/p>\n<p>Aunque, el Apertura de Primera Divisi\u00f3n ya program\u00f3 el regreso de los partidos a partir de la siguiente semana. El d\u00eda martes 10 de marzo se jugar\u00e1 el partido entre Villa Alvear y Defensores perteneciente a la 1\u00aa fecha. El mismo no se disput\u00f3 por pedido del equipo de Puerto Vilelas que ven\u00eda de conseguir el ascenso al Federal \u00abA\u00bb.<\/p>\n<p>Mientras que toda la 2\u00aa fecha tiene fecha tentativa para el fin de semana del 14 y 15 de marzo en ambas zonas del campeonato.<\/p>\n<p><strong>TORNEO APERTURA 2026<\/strong><br \/>\n<b>2\u00aa FECHA (Tentativa)<br \/>\nZONA \u201cA\u201d<\/b><br \/>\n<b>S\u00e1bado 14-03<\/b><br \/>\nA las 17, Sarmiento &#8211; Estudiantes<br \/>\nA las 17, CUNE &#8211; Dep. Luj\u00e1n, en C. E. de Comercio<br \/>\nA las 17, Parque Patricios &#8211; Rcia. Central, en Chaco Hebr\u00f3n<br \/>\nA las 18, Don Orione &#8211; Indep. Tirol<\/p>\n<p><strong>Domingo 15-03<\/strong><br \/>\nA las 18, Central Ben\u00edtez &#8211; San Mart\u00edn<br \/>\n<strong>Libre:<\/strong>\u00a0Policiales<\/p>\n<p><b>ZONA \u201cB\u201d<br \/>\n<\/b><b>Martes 10-03<br \/>\n<\/b>A las 17, Villa Alvear &#8211; Defensores <em>(1\u00aa fecha)<\/em><\/p>\n<p><b>S\u00e1bado 14-03<\/b><br \/>\nA las 17, Juventud &#8211; Bancarios<br \/>\nA las 17, Dep. Itat\u00ed &#8211; For Ever, en Estudiantes<br \/>\nA las 17:30, Defensores &#8211; Fontana<\/p>\n<p><strong>Domingo 15-03<\/strong><br \/>\nA las 17, Regional &#8211; Villa Alvear<br \/>\nA las 20:30, Central Norte &#8211; Dep. G\u00fciraldes<br \/>\n<strong>Libre:<\/strong>\u00a0C. E. de Comercio<\/p>\n<p><strong>POSICIONES<\/strong><br \/>\n<strong>ZONA \u00abA\u00bb<\/strong><br \/>\nSan Mart\u00edn (MB) 3<br \/>\nDep. Luj\u00e1n 3<br \/>\nEstudiantes 3<br \/>\nDon Orione 3<br \/>\nCentral Ben\u00edtez 1<br \/>\nIndepte. Tirol 1<br \/>\nRcia. Central 0<br \/>\nParque Patricios 0<br \/>\nPoliciales 0<br \/>\nCUNE 0<br \/>\nSarmiento \u2013<\/p>\n<p><strong>ZONA \u00abB\u00bb<\/strong><br \/>\nFontana 3<br \/>\nBancarios 1<br \/>\nCentral Norte 1<br \/>\nDep. G\u00fciraldes 1<br \/>\nFor Ever 1<br \/>\nJuventud 1<br \/>\nRegional 1<br \/>\nC. E. de Comercio 0<br \/>\nDefensores \u2013<br \/>\nDep. Itat\u00ed \u2013<br \/>\nVilla Alvear \u2013<\/p>\n<p><img loading=\"lazy\" decoding=\"async\" class=\"aligncenter size-full wp-image-32171\" src=\"https:\/\/www.sportchaco.com.ar\/wp-content\/uploads\/2026\/02\/MERCADO-LIBRE_200x200-05.gif\" alt=\"\" width=\"417\" height=\"417\" \/><\/p>\n","protected":false},"excerpt":{"rendered":"<p>05-03-2026 La Liga Chaque\u00f1a de F\u00fatbol, al igual que todas las casas de f\u00fatbol del pa\u00eds, adhiere al paro de la Asociaci\u00f3n del F\u00fatbol Argentino (AFA) con lo cual este fin de semana no habr\u00e1 actividades de ninguna \u00edndole. Aunque, el Apertura de Primera Divisi\u00f3n ya program\u00f3 el regreso de los partidos a partir de &hellip;<\/p>\n","protected":false},"author":3,"featured_media":9513,"comment_status":"open","ping_status":"open","sticky":false,"template":"","format":"standard","meta":{"footnotes":""},"categories":[5],"tags":[],"class_list":["post-33577","post","type-post","status-publish","format-standard","has-post-thumbnail","hentry","category-futbol"],"_links":{"self":[{"href":"https:\/\/www.sportchaco.com.ar\/index.php?rest_route=\/wp\/v2\/posts\/33577","targetHints":{"allow":["GET"]}}],"collection":[{"href":"https:\/\/www.sportchaco.com.ar\/index.php?rest_route=\/wp\/v2\/posts"}],"about":[{"href":"https:\/\/www.sportchaco.com.ar\/index.php?rest_route=\/wp\/v2\/types\/post"}],"author":[{"embeddable":true,"href":"https:\/\/www.sportchaco.com.ar\/index.php?rest_route=\/wp\/v2\/users\/3"}],"replies":[{"embeddable":true,"href":"https:\/\/www.sportchaco.com.ar\/index.php?rest_route=%2Fwp%2Fv2%2Fcomments&post=33577"}],"version-history":[{"count":4,"href":"https:\/\/www.sportchaco.com.ar\/index.php?rest_route=\/wp\/v2\/posts\/33577\/revisions"}],"predecessor-version":[{"id":33609,"href":"https:\/\/www.sportchaco.com.ar\/index.php?rest_route=\/wp\/v2\/posts\/33577\/revisions\/33609"}],"wp:featuredmedia":[{"embeddable":true,"href":"https:\/\/www.sportchaco.com.ar\/index.php?rest_route=\/wp\/v2\/media\/9513"}],"wp:attachment":[{"href":"https:\/\/www.sportchaco.com.ar\/index.php?rest_route=%2Fwp%2Fv2%2Fmedia&parent=33577"}],"wp:term":[{"taxonomy":"category","embeddable":true,"href":"https:\/\/www.sportchaco.com.ar\/index.php?rest_route=%2Fwp%2Fv2%2Fcategories&post=33577"},{"taxonomy":"post_tag","embeddable":true,"href":"https:\/\/www.sportchaco.com.ar\/index.php?rest_route=%2Fwp%2Fv2%2Ftags&post=33577"}],"curies":[{"name":"wp","href":"https:\/\/api.w.org\/{rel}","templated":true}]}}