{"id":33589,"date":"2026-03-05T23:41:26","date_gmt":"2026-03-06T02:41:26","guid":{"rendered":"https:\/\/www.sportchaco.com.ar\/?p=33589"},"modified":"2026-03-06T10:13:38","modified_gmt":"2026-03-06T13:13:38","slug":"jose-eduardo-duarte-huevito-eterno-en-la-memoria-auriazul","status":"publish","type":"post","link":"https:\/\/www.sportchaco.com.ar\/?p=33589","title":{"rendered":"Jos\u00e9 Eduardo Duarte, \u201cHuevito\u201d: eterno en la memoria auriazul"},"content":{"rendered":"<div class=\"relative basis-auto flex-col -mb-(--composer-overlap-px) [--composer-overlap-px:28px] grow flex\">\n<div class=\"flex flex-col text-sm pb-25\">\n<article class=\"text-token-text-primary w-full focus:outline-none [--shadow-height:45px] has-data-writing-block:pointer-events-none has-data-writing-block:-mt-(--shadow-height) has-data-writing-block:pt-(--shadow-height) [&amp;:has([data-writing-block])&gt;*]:pointer-events-auto scroll-mt-[calc(var(--header-height)+min(200px,max(70px,20svh)))]\" dir=\"auto\" tabindex=\"-1\" data-turn-id=\"request-69a5903c-d50c-832d-ad11-2a97d85381de-11\" data-testid=\"conversation-turn-32\" data-scroll-anchor=\"true\" data-turn=\"assistant\">\n<div class=\"text-base my-auto mx-auto pb-10 [--thread-content-margin:--spacing(4)] @w-sm\/main:[--thread-content-margin:--spacing(6)] @w-lg\/main:[--thread-content-margin:--spacing(16)] px-(--thread-content-margin)\">\n<div class=\"[--thread-content-max-width:40rem] @w-lg\/main:[--thread-content-max-width:48rem] mx-auto max-w-(--thread-content-max-width) flex-1 group\/turn-messages focus-visible:outline-hidden relative flex w-full min-w-0 flex-col agent-turn\" tabindex=\"-1\">\n<div class=\"flex max-w-full flex-col grow\">\n<div class=\"min-h-8 text-message relative flex w-full flex-col items-end gap-2 text-start break-words whitespace-normal [.text-message+&amp;]:mt-1\" dir=\"auto\" data-message-author-role=\"assistant\" data-message-id=\"8dcbff42-3078-4225-ba1b-36350c5b3b0d\" data-message-model-slug=\"gpt-5-3\">\n<div class=\"flex w-full flex-col gap-1 empty:hidden first:pt-[1px]\">\n<div class=\"markdown prose dark:prose-invert w-full wrap-break-word light markdown-new-styling\">\n<h3 data-start=\"0\" data-end=\"65\">6 MAR 2026<\/h3>\n<p>&nbsp;<\/p>\n<h5 data-start=\"67\" data-end=\"415\">Jos\u00e9 Eduardo Duarte qued\u00f3 para siempre en el recuerdo del f\u00fatbol chaque\u00f1o, pero muy especialmente en el coraz\u00f3n de los portuarios del <strong data-start=\"201\" data-end=\"242\"><span class=\"hover:entity-accent entity-underline inline cursor-pointer align-baseline\"><span class=\"whitespace-normal\">Don Orione Athletic Club<\/span><\/span><\/strong>. A poco m\u00e1s de un a\u00f1o de su partida, y en lo que hubiese sido su cumplea\u00f1os n\u00famero 76, el homenaje vuelve inevitable: recordar al gran volante auriazul que marc\u00f3 una \u00e9poca.<\/h5>\n<p>&nbsp;<\/p>\n<p><img loading=\"lazy\" decoding=\"async\" class=\"alignnone wp-image-33471\" src=\"https:\/\/www.sportchaco.com.ar\/wp-content\/uploads\/2026\/03\/Luis-2025-marzo-carita-sonriente-300x287.jpg\" alt=\"\" width=\"59\" height=\"56\" srcset=\"https:\/\/www.sportchaco.com.ar\/wp-content\/uploads\/2026\/03\/Luis-2025-marzo-carita-sonriente-300x287.jpg 300w, https:\/\/www.sportchaco.com.ar\/wp-content\/uploads\/2026\/03\/Luis-2025-marzo-carita-sonriente.jpg 383w\" sizes=\"auto, (max-width: 59px) 100vw, 59px\" \/><em><strong> POR LUIS DARIO MOLODEZKY<\/strong><\/em><\/p>\n<p>&nbsp;<\/p>\n<p data-start=\"417\" data-end=\"882\">Jos\u00e9 Eduardo Duarte naci\u00f3 en <strong data-start=\"446\" data-end=\"487\"><span class=\"hover:entity-accent entity-underline inline cursor-pointer align-baseline\"><span class=\"whitespace-normal\">Resistencia<\/span><\/span><\/strong> el 7 de marzo de 1950. Su relaci\u00f3n con el f\u00fatbol comenz\u00f3 muy temprano. Con apenas 14 a\u00f1os debut\u00f3 en primera divisi\u00f3n frente al <strong data-start=\"615\" data-end=\"656\"><span class=\"hover:entity-accent entity-underline inline cursor-pointer align-baseline\"><span class=\"whitespace-normal\">Club Atl\u00e9tico Estudiantes<\/span><\/span><\/strong>, y desde ese d\u00eda nunca m\u00e1s dej\u00f3 la titularidad en el equipo superior. Aquel debut fue con triunfo, como si el destino marcara desde el comienzo el camino de un futbolista que ser\u00eda sin\u00f3nimo de entrega, talento y compa\u00f1erismo.<\/p>\n<p data-start=\"884\" data-end=\"1183\">\u201cHuevito\u201d, como lo llamaban con cari\u00f1o sus compa\u00f1eros y tambi\u00e9n la tribuna, fue siempre un jugador ganador dentro del campo de juego. Due\u00f1o de un f\u00fatbol elegante, inteligente y decidido, se gan\u00f3 el respeto de rivales y el afecto profundo de los hinchas que lo vieron crecer con la camiseta auriazul.<\/p>\n<p data-start=\"1185\" data-end=\"1625\">Su talento lo llev\u00f3 a dar el salto al f\u00fatbol profesional. En 1968 integr\u00f3 el plantel de primera divisi\u00f3n de <strong data-start=\"1293\" data-end=\"1334\"><span class=\"hover:entity-accent entity-underline inline cursor-pointer align-baseline\"><span class=\"whitespace-normal\">San Lorenzo de Almagro<\/span><\/span><\/strong>, donde fue promovido por el recordado entrenador <strong data-start=\"1384\" data-end=\"1425\"><span class=\"hover:entity-accent entity-underline inline cursor-pointer align-baseline\"><span class=\"whitespace-normal\">Juan Carlos Lorenzo<\/span><\/span><\/strong>, el c\u00e9lebre \u201cTim\u201d. All\u00ed comparti\u00f3 plantel con figuras de jerarqu\u00eda, entre ellas <strong data-start=\"1506\" data-end=\"1547\"><span class=\"hover:entity-accent entity-underline inline cursor-pointer align-baseline\"><span class=\"whitespace-normal\">Rub\u00e9n Ayala<\/span><\/span><\/strong>, aunque por esas vueltas del f\u00fatbol no logr\u00f3 continuidad en el club de Boedo.<\/p>\n<p data-start=\"1627\" data-end=\"1974\">M\u00e1s tarde jug\u00f3 el <strong data-start=\"1645\" data-end=\"1686\"><span class=\"hover:entity-accent entity-underline inline cursor-pointer align-baseline\"><span class=\"whitespace-normal\">Torneo Regional<\/span><\/span><\/strong> y el <strong data-start=\"1692\" data-end=\"1733\"><span class=\"hover:entity-accent entity-underline inline cursor-pointer align-baseline\"><span class=\"whitespace-normal\">Campeonato Nacional<\/span><\/span><\/strong> de 1970 con <strong data-start=\"1746\" data-end=\"1787\"><span class=\"hover:entity-accent entity-underline inline cursor-pointer align-baseline\"><span class=\"whitespace-normal\">Talleres de C\u00f3rdoba<\/span><\/span><\/strong>, antes de regresar a su casa futbol\u00edstica: Don Orione. Con el conjunto portuario disput\u00f3 tambi\u00e9n el Nacional de 1971 y fue protagonista de algunas de las p\u00e1ginas m\u00e1s recordadas del club.<\/p>\n<p data-start=\"1976\" data-end=\"2635\">Con la camiseta auriazul fue campe\u00f3n en 1974, 1980 y 1982, dejando una huella imborrable en la historia de la instituci\u00f3n. Pero entre tantos recuerdos hay uno que permanece grabado en la memoria colectiva: el gol que convirti\u00f3 en 1967 frente a <strong data-start=\"2220\" data-end=\"2261\"><span class=\"hover:entity-accent entity-underline inline cursor-pointer align-baseline\"><span class=\"whitespace-normal\">Club Atl\u00e9tico Chaco For Ever<\/span><\/span><\/strong>. Aquella tarde, Duarte eludi\u00f3 a cuatro rivales \u2014entre ellos Sandoval y Pisziseck\u2014 y defini\u00f3 ante el arquero Villanueva. Tras el golazo cay\u00f3 sobre el c\u00e9sped sacudido por la emoci\u00f3n, mientras la tribuna estallaba. Sus compa\u00f1eros lo levantaron en andas y lo llevaron hasta la mitad de la cancha. No era para menos: hab\u00eda sido un gol de los que se cuentan durante generaciones.<\/p>\n<p data-start=\"1976\" data-end=\"2635\"><img decoding=\"async\" class=\"aligncenter\" src=\"https:\/\/scontent.fcnq2-2.fna.fbcdn.net\/v\/t39.30808-6\/645421347_122128105449022572_8962309065371939122_n.jpg?_nc_cat=103&amp;ccb=1-7&amp;_nc_sid=13d280&amp;_nc_ohc=_RYm1IPGvcQQ7kNvwFDJnvz&amp;_nc_oc=Adk7T_bPIr2ClG4BHSl3KAz5ercOOR90SVSrP3MyZeK2WtlHYBduBJJ9B3cEuzfrVFw&amp;_nc_zt=23&amp;_nc_ht=scontent.fcnq2-2.fna&amp;_nc_gid=5Ee7mdMq7LV9Q8Ocx1RD3g&amp;_nc_ss=8&amp;oh=00_AfxhgYGrlzoPHAthOnlEwmsLWJpcDNOo_j3Zr72ongGxug&amp;oe=69AFFD1F\" alt=\"Puede ser una imagen de una o varias personas y texto\" \/><\/p>\n<p data-start=\"1976\" data-end=\"2635\"><em><strong>Jose Duarte, Jorge Molina, V\u00edctor L\u00f3pez y Negrulla Gim\u00e9nez, historia de Don Orione<\/strong><\/em><\/p>\n<p data-start=\"2637\" data-end=\"2893\">Hoy, al evocarse un nuevo aniversario de su nacimiento, el recuerdo de <strong data-start=\"2708\" data-end=\"2731\">Jos\u00e9 Eduardo Duarte<\/strong> vuelve a despertar la memoria de una \u00e9poca dorada del f\u00fatbol chaque\u00f1o. Un jugador que honr\u00f3 la camiseta de Don Orione con talento, humildad y esp\u00edritu de equipo.<\/p>\n<p data-start=\"2895\" data-end=\"3041\" data-is-last-node=\"\" data-is-only-node=\"\">Porque hay futbolistas que pasan\u2026 y hay otros que quedan para siempre en la memoria de su gente.<br data-start=\"2991\" data-end=\"2994\" \/>\u201cHuevito\u201d Duarte es, sin dudas, uno de ellos.<\/p>\n<\/div>\n<\/div>\n<\/div>\n<\/div>\n<div class=\"z-0 flex min-h-[46px] justify-start\" style=\"text-align: center;\"><img loading=\"lazy\" decoding=\"async\" class=\"alignnone size-medium wp-image-33502\" src=\"https:\/\/www.sportchaco.com.ar\/wp-content\/uploads\/2026\/03\/Ahorros-de-Verano-BANNERS-WEB_200x200-04-300x300.gif\" alt=\"\" width=\"300\" height=\"300\" srcset=\"https:\/\/www.sportchaco.com.ar\/wp-content\/uploads\/2026\/03\/Ahorros-de-Verano-BANNERS-WEB_200x200-04-300x300.gif 300w, https:\/\/www.sportchaco.com.ar\/wp-content\/uploads\/2026\/03\/Ahorros-de-Verano-BANNERS-WEB_200x200-04-150x150.gif 150w\" sizes=\"auto, (max-width: 300px) 100vw, 300px\" \/> <img loading=\"lazy\" decoding=\"async\" class=\"alignnone size-medium wp-image-33503\" src=\"https:\/\/www.sportchaco.com.ar\/wp-content\/uploads\/2026\/03\/BANNER-WEB-MOSQUITOS-SALUD_300x600-17-150x300.gif\" alt=\"\" width=\"150\" height=\"300\" \/><\/div>\n<div><\/div>\n<\/div>\n<div>\n<h1>Barranqueras homenaje\u00f3 a glorias del deporte<\/h1>\n<p class=\"bajada\">El municipio de Barranqueras, a trav\u00e9s de la Presidencia del Concejo, homenaje\u00f3 a quienes hicieron la historia grande en la ciudad portuaria. La tercera movida deportiva fue en Villa Florida Norte.<\/p>\n<\/div>\n<div class=\"[--thread-content-max-width:40rem] @w-lg\/main:[--thread-content-max-width:48rem] mx-auto max-w-(--thread-content-max-width) flex-1 group\/turn-messages focus-visible:outline-hidden relative flex w-full min-w-0 flex-col agent-turn\" tabindex=\"-1\">\n<div><\/div>\n<div class=\"mt-3 w-full empty:hidden\"><img decoding=\"async\" src=\"https:\/\/www.entretiempo.info\/vista\/fotos\/14527-5338.jpg\" \/><\/div>\n<div><\/div>\n<div>\n<div class=\"row\">\n<div class=\"col-lg-6 col-sm-6 col-6 fecha\">27\/05\/2014<\/div>\n<div class=\"col-lg-6 col-sm-6 col-6 text-right\"><\/div>\n<\/div>\n<hr \/>\n<div class=\"volanta\"><\/div>\n<figure class=\"\"><\/figure>\n<p class=\"epigrafe \">\u00a0Alicia Azula, Intendenta de Barranqueras; Ra\u00fal Vinokurov, Presidente del Consejo, junto a los homenajeados.<\/p>\n<div>El s\u00e1bado 24 de mayo, la Municipalidad de Barranqueras en forma conjunta con la Presidencia del Consejo, homenajearon a glorias del deporte portuario. De la tercera movida deportiva, participaron la Intendenta de Barranqueras, se\u00f1ora, Alicia Azula; el Presidente del Concejo, doctor, Mauricio Vinokurov; concejales y autoridades municipales. Adem\u00e1s la ceremonia cont\u00f3 con la presencia de m\u00e1s de seiscientos ni\u00f1os que disfrutaron de una gran chocolatada y disputaron los torneos rel\u00e1mpagos.<\/div>\n<div>\/\/t\u00a0<b>LOS HOMENAJEADOS<\/b>\u00a0\/t<\/div>\n<div>La Municipalidad de Barranqueras, distingui\u00f3 a F\u00e9lix Mi\u00f1o, uno de los primeros \u00e1rbitros de la Liga Chaque\u00f1a de F\u00fatbol, que hoy con 87 a\u00f1os sigue recorriendo en su bicicleta las calles de Barranqueras, tambi\u00e9n fue reconocido Ram\u00f3n Oscar \u201cPotrillo\u201d C\u00f3rdoba defensor que jugar\u00e1 m\u00e1s de 20 a\u00f1os en Orione, siendo uno de los integrantes del equipo portuario que obtuvo el Primer Campeonato en Primera A de la Liga Chaque\u00f1a en el a\u00f1o 1959, padre de otra figura en Orione y actual t\u00e9cnico de f\u00fatbol Oscar \u201cCacho\u201d C\u00f3rdoba.<\/div>\n<div><\/div>\n<div>Otro de los homenajeados fue Jos\u00e9 \u201cHuevo\u201d Duarte, volante que debut\u00f3 en Orione con tan solo 15 a\u00f1os y que fue uno de los jugadores de la Provincia del Chaco que disput\u00f3 tres Torneos de Primera de AFA con tres equipos distintos. 1970 con Talleres de C\u00f3rdoba, 1971 con Don Orione y 1977 con Sarmiento. Despu\u00e9s lleg\u00f3 el turno de Pedro \u201cLaicho\u201d Ram\u00edrez, \u00a0puntero derecho, que se destac\u00f3 por su velocidad y habilidad en el plantel de Don Orione que particip\u00f3 en el Nacional 1971, formando junto a V\u00edctor L\u00f3pez y su cu\u00f1ado Miguel Vargas, el tridente ofensivo mas importante y goleador de la historia de Don Orione.<\/div>\n<div><\/div>\n<div>El Doctor Miguel Omar Retamozo, tambi\u00e9n recibi\u00f3 su distinci\u00f3n, por el ejercicio de su profesi\u00f3n de m\u00e9dico durante 30 a\u00f1os, pero adem\u00e1s en su otra profesi\u00f3n de Periodista Deportivo fue dos veces Presidente del Circulo Deportivo de la Provincia del Chaco, y durante 11 a\u00f1os fue Presidente del Circulo de Ajedrez de Barranqueras, organizando los torneos internacionales que se desarrollaron en la localidad, adem\u00e1s de ser campe\u00f3n senior de p\u00e1del y jugador de futbol de Orione y correr en varias oportunidades la Marat\u00f3n de Barranqueras. Tambi\u00e9n fue distinguido el basquetbolista Reynaldo \u201cChori\u201d Chamorro que jug\u00f3 en \u00e9poca dorada de Don Orione junto a los norteamericanos Jackson y Sheridan en las recordadas finales ante Villa San Mart\u00edn en la d\u00e9cada de los 80.<\/div>\n<div><\/div>\n<div>Al momento de agasajar a las glorias del Barrio Villa Florida Norte la emoci\u00f3n fue aun mayor cuando lleg\u00f3 el reconocimiento para Ricardo \u201cLaucha\u201d Rea destacado jugador de Don Orione Campe\u00f3n en 1973 y 1980, pero adem\u00e1s Maratonista que en 1977 en la Marat\u00f3n Internacional \u201cVuelta de Obligado\u201d logr\u00f3 la mejor clasificaci\u00f3n de Argentina y del Chaco.<\/div>\n<div><\/div>\n<div>Otro vecino del barrio homenajeado fue Ram\u00f3n Jara, formador de grandes equipos interbarriales de futbol infantil y de futbol 5 donde jugaron m\u00e1s de cien futbolistas que vistieron la casaca de Orione y fue uno de los precursores del equipo Sol Naciente, equipo que represent\u00f3 al Chaco en diferentes torneos Nacionales e Internacionales de B\u00e1squetbol sobre Silla de Ruedas \u00a0y el final fue para el \u00e1rbitro Salvador \u201cAbuela\u201d Toledo que fue saludado por todos los jugadores de f\u00fatbol que fueron homenajeados en reconocimiento por su labor como \u00e1rbitro no solo de la liga sino tambi\u00e9n de los grandes campeonatos interbarriales que se realizaban en la misma cancha donde se hizo esta movida deportiva.<\/div>\n<div><\/div>\n<div>Adem\u00e1s no pudieron asistir por compromisos asumidos con anterioridad y que tambi\u00e9n iban a ser homenajeados Carlos \u201cNegro\u201d Gim\u00e9nez m\u00e1ximo goleador en la historia del club Don Orione y Enrique Ceballos, que se destac\u00f3 por ser integrante del plantel de Orione y Sarmiento durante la d\u00e9cada del 70 y tener el honor de enfrentar en un hist\u00f3rico partido a \u201cPele\u201d y el equipo del Santos de Brasil, adem\u00e1s de ser un reconocido formador de jugadores de las inferiores de Don Orione.<\/div>\n<div><\/div>\n<div>Esta modalidad de reconocimiento a las Glorias del Deporte de Barranqueras se realiza en los distintos barrios de la ciudad portuaria y es en el mismo barrio de las glorias del deporte donde se le rinde el merecido homenaje. El pr\u00f3ximo se realizar\u00e1 en el Barrio La Lomita, barriada que tambi\u00e9n dio muchas glorias del deporte y en especial del f\u00fatbol.<\/div>\n<div><\/div>\n<div><b>Texto y Foto: Walter Heredia.<\/b><\/div>\n<div><\/div>\n<p>&nbsp;<\/p>\n<\/div>\n<\/div>\n<\/div>\n<\/article>\n<\/div>\n<div class=\"pointer-events-none h-px w-px absolute bottom-0\" aria-hidden=\"true\" data-edge=\"true\"><\/div>\n<\/div>\n<div id=\"thread-bottom-container\" class=\"sticky bottom-0 group\/thread-bottom-container relative isolate z-10 w-full basis-auto has-data-has-thread-error:pt-2 has-data-has-thread-error:[box-shadow:var(--sharp-edge-bottom-shadow)] md:border-transparent md:pt-0 dark:border-white\/20 md:dark:border-transparent print:hidden content-fade single-line flex flex-col\">\n<div id=\"thread-bottom\">\n<div class=\"text-base mx-auto [--thread-content-margin:--spacing(4)] @w-sm\/main:[--thread-content-margin:--spacing(6)] @w-lg\/main:[--thread-content-margin:--spacing(16)] px-(--thread-content-margin)\">\n<div class=\"[--thread-content-max-width:40rem] @w-lg\/main:[--thread-content-max-width:48rem] mx-auto max-w-(--thread-content-max-width) flex-1 mb-4\">\n<div class=\"pointer-events-auto relative z-1 flex h-(--composer-container-height,100%) max-w-full flex-(--composer-container-flex,1) flex-col\">\n<form class=\"group\/composer w-full\" data-type=\"unified-composer\">\n<div class=\"hidden\"><\/div>\n<div class=\"\">\n<div class=\"bg-token-bg-primary corner-superellipse\/1.1 cursor-text overflow-clip bg-clip-padding p-2.5 contain-inline-size motion-safe:transition-colors motion-safe:duration-200 motion-safe:ease-in-out dark:bg-[#303030] grid grid-cols-[auto_1fr_auto] [grid-template-areas:'header_header_header'_'leading_primary_trailing'_'._footer_.'] group-data-expanded\/composer:[grid-template-areas:'header_header_header'_'primary_primary_primary'_'leading_footer_trailing'] shadow-short\" data-composer-surface=\"true\">\n<div class=\"-my-2.5 flex min-h-14 items-center overflow-x-hidden px-1.5 [grid-area:primary] group-data-expanded\/composer:mb-0 group-data-expanded\/composer:px-2.5\">\n<div class=\"wcDTda_prosemirror-parent text-token-text-primary max-h-[max(30svh,5rem)] max-h-52 min-h-[var(--deep-research-composer-extra-height,unset)] flex-1 overflow-auto [scrollbar-width:thin] default-browser vertical-scroll-fade-mask\">\n<p><textarea class=\"wcDTda_fallbackTextarea\" name=\"prompt-textarea\" placeholder=\"Pregunta lo que quieras\" data-virtualkeyboard=\"true\"><\/textarea><\/p>\n<div id=\"prompt-textarea\" class=\"ProseMirror\" role=\"textbox\" contenteditable=\"true\" translate=\"no\" data-virtualkeyboard=\"true\" aria-multiline=\"true\"><\/div>\n<\/div>\n<\/div>\n<\/div>\n<\/div>\n<\/form>\n<\/div>\n<\/div>\n<\/div>\n<\/div>\n<\/div>\n","protected":false},"excerpt":{"rendered":"<p>6 MAR 2026 &nbsp; Jos\u00e9 Eduardo Duarte qued\u00f3 para siempre en el recuerdo del f\u00fatbol chaque\u00f1o, pero muy especialmente en el coraz\u00f3n de los portuarios del Don Orione Athletic Club. A poco m\u00e1s de un a\u00f1o de su partida, y en lo que hubiese sido su cumplea\u00f1os n\u00famero 76, el homenaje vuelve inevitable: recordar al &hellip;<\/p>\n","protected":false},"author":2,"featured_media":33590,"comment_status":"open","ping_status":"open","sticky":false,"template":"","format":"standard","meta":{"footnotes":""},"categories":[72,78],"tags":[],"class_list":["post-33589","post","type-post","status-publish","format-standard","has-post-thumbnail","hentry","category-futbol-puro","category-historias"],"_links":{"self":[{"href":"https:\/\/www.sportchaco.com.ar\/index.php?rest_route=\/wp\/v2\/posts\/33589","targetHints":{"allow":["GET"]}}],"collection":[{"href":"https:\/\/www.sportchaco.com.ar\/index.php?rest_route=\/wp\/v2\/posts"}],"about":[{"href":"https:\/\/www.sportchaco.com.ar\/index.php?rest_route=\/wp\/v2\/types\/post"}],"author":[{"embeddable":true,"href":"https:\/\/www.sportchaco.com.ar\/index.php?rest_route=\/wp\/v2\/users\/2"}],"replies":[{"embeddable":true,"href":"https:\/\/www.sportchaco.com.ar\/index.php?rest_route=%2Fwp%2Fv2%2Fcomments&post=33589"}],"version-history":[{"count":4,"href":"https:\/\/www.sportchaco.com.ar\/index.php?rest_route=\/wp\/v2\/posts\/33589\/revisions"}],"predecessor-version":[{"id":33600,"href":"https:\/\/www.sportchaco.com.ar\/index.php?rest_route=\/wp\/v2\/posts\/33589\/revisions\/33600"}],"wp:featuredmedia":[{"embeddable":true,"href":"https:\/\/www.sportchaco.com.ar\/index.php?rest_route=\/wp\/v2\/media\/33590"}],"wp:attachment":[{"href":"https:\/\/www.sportchaco.com.ar\/index.php?rest_route=%2Fwp%2Fv2%2Fmedia&parent=33589"}],"wp:term":[{"taxonomy":"category","embeddable":true,"href":"https:\/\/www.sportchaco.com.ar\/index.php?rest_route=%2Fwp%2Fv2%2Fcategories&post=33589"},{"taxonomy":"post_tag","embeddable":true,"href":"https:\/\/www.sportchaco.com.ar\/index.php?rest_route=%2Fwp%2Fv2%2Ftags&post=33589"}],"curies":[{"name":"wp","href":"https:\/\/api.w.org\/{rel}","templated":true}]}}