{"id":33601,"date":"2026-03-06T23:15:22","date_gmt":"2026-03-07T02:15:22","guid":{"rendered":"https:\/\/www.sportchaco.com.ar\/?p=33601"},"modified":"2026-03-08T11:37:57","modified_gmt":"2026-03-08T14:37:57","slug":"efemerides-del-7-de-marzo-3","status":"publish","type":"post","link":"https:\/\/www.sportchaco.com.ar\/?p=33601","title":{"rendered":"Efem\u00e9rides del 7 de marzo"},"content":{"rendered":"<div class=\"container fullwidth-entry-title-wrapper\">\n<div class=\"container-wrapper fullwidth-entry-title\">\n<header class=\"entry-header-outer\">\n<div class=\"entry-header\"><\/div>\n<\/header>\n<\/div>\n<\/div>\n<div id=\"content\" class=\"site-content container\">\n<div id=\"main-content-row\" class=\"tie-row main-content-row\">\n<div class=\"main-content tie-col-md-8 tie-col-xs-12\" role=\"main\">\n<article id=\"the-post\" class=\"container-wrapper post-content tie-standard\">\n<div class=\"featured-area\">\n<div class=\"featured-area-inner\">\n<figure class=\"single-featured-image\"><em><strong>Foto portada de Pablo Alberto Mensi<\/strong><\/em><\/figure>\n<\/div>\n<\/div>\n<div class=\"entry-content entry clearfix\">\n<h5><\/h5>\n<h5><strong>Esta es la Efem\u00e9rides del Deporte en el Chaco de un 7 de marzo del periodista Luis Dar\u00edo Molodezky (foto).<\/strong><\/h5>\n<h5><\/h5>\n<p>&nbsp;<\/p>\n<p><img loading=\"lazy\" decoding=\"async\" class=\"alignnone size-full wp-image-33602 aligncenter\" src=\"https:\/\/www.sportchaco.com.ar\/wp-content\/uploads\/2026\/03\/Luis-2025-marzo-3-2-e1749824875302-300x217-1.jpg\" alt=\"\" width=\"300\" height=\"217\" \/><\/p>\n<p>&nbsp;<\/p>\n<p><strong>1932 \/<\/strong> Nace Rolando C\u00e1nepa. Escritor, periodista, cr\u00edtico de arte, taqu\u00edgrafo, meteor\u00f3logo y campe\u00f3n de ajedrez. En el deporte pas\u00f3 a la historia luego de haber sido el \u00fanico de 20 tableros que le empat\u00f3 en Resistencia a Bobby Fischer. Falleci\u00f3 el 7 de junio de 2018.<\/p>\n<p><strong>1950 \/<\/strong> Nace Jos\u00e9 Eduardo Duarte \u201cHuevo\u201d. Tras corto tiempo en las inferiores en Don Orione,1982 debut\u00f3 en primera con 14 a\u00f1os. Jug\u00f3 el Regional y Nacional 1970 en Talleres de C\u00f3rdoba, para regresa para el Nacional 1971. Fue campe\u00f3n con el portuario en 1974, 1980 y 1982. Fue refuerzo de For Ever y Sarmiento en el Nacional 1977. Jug\u00f3 en San Lorenzo de Almagro y fue promovido a primera por el hist\u00f3rico DT brasile\u00f1o Tim. Falleci\u00f3 en el 2025.<\/p>\n<p><strong>1958\u00a0<\/strong>\/ Fallece en Resistencia, Jos\u00e9 Santos Carballeira, uno de los fundadores del Club Resistencia Central.<\/p>\n<p><strong>1977 \/\u00a0<\/strong>Fallece Antonio Ruiz D\u00edaz. \u00a0Arranc\u00f3 con el f\u00fatbol en Sarmiento siendo muy joven, permaneciendo hasta 1933, cuando fue cedido a Chacarita Juniors donde brill\u00f3 hasta 1937. Luego de un paso fugaz en Francia recal\u00f3 en Colombia. Jug\u00f3 en municipal de Bogot\u00e1, luego denominado Millonarios. Pas\u00f3 a Venezuela donde visti\u00f3 la vinotinto en un cuadrangular internacional. A fines regres\u00f3 al decano como entrenador donde fue hacedor del equipo que gan\u00f3 9 de los 10 torneos liguistas entre 1952 y 1961. Dirigi\u00f3 a For Ever, Central Norte y V\u00e9lez Sarsfield, en el \u00fanico t\u00edtulo de la V azulada en 1963.Fue el DT del seleccionado de la Liga Chaque\u00f1a que en 1968 fue campe\u00f3n argentino logrando las Copas Presidente y Adri\u00e1n Beccar Varela. Hab\u00eda nacido el 18 de julio de 1919.<\/p>\n<p><strong>1980\u00a0<\/strong>\/ Domingo D\u2019El\u00eda retiene el t\u00edtulo argentino de los pesados en Tandil, tras empatar en doce asaltos con el local Norberto E. Fiori.<\/p>\n<p><strong>1981 \/\u00a0<\/strong>La Asociaci\u00f3n del Noroeste, se impone en el Provincial de Tr\u00edos de Bochas disputado en S\u00e1enz Pe\u00f1a, al imponerse al local 18 a 14. El equipo ganador estuvo integrado por Celestino Orellana, Ra\u00fal Capra, Drago Bruas y Hugo D\u00edaz.<\/p>\n<p><strong>1986\u00a0<\/strong>\/ Queda conformado el equipo de Impactos Deportivos, dirigido por Luis Dar\u00edo Molodezky y coordinado por Pablo Alberto Mensi, destinado a todos los deportes y las transmisiones de b\u00e1squetbol y boxeo, a cargo de Pedro Enrique Zeinsteger y Carlos Silva respectivamente. Adem\u00e1s integran el equipo los j\u00f3venes Jorge Diel y Jorge Altamirano; m\u00e1s los columnistas Mart\u00edn Vera y Roberto N\u00fa\u00f1ez. Las voces comerciales de Teresita Acosta y Juan Duarte.<\/p>\n<p><img decoding=\"async\" src=\"https:\/\/www.sportchaco.com.ar\/wp-content\/uploads\/2026\/03\/Pablo-Alberto-Mensi.jpg\" \/><\/p>\n<p><strong>1999\u00a0<\/strong>\/ Fallece Conrado C\u00e9sar Giuliano, activo deportista y luego calificado dirigente. Hizo boxeo, motociclismo, f\u00fatbol, b\u00e1squetbol, pesca, atletismo, automovilismo. Lleg\u00f3 a ser presidente de la Federaci\u00f3n Chaque\u00f1a de Pesca, de la Confederaci\u00f3n Argentina de Pesca y de la Confederaci\u00f3n Sudamericana al mismo tiempo, trayendo la sede a Resistencia.<\/p>\n<p><strong>2006\u00a0<\/strong>\/ El pescador saenzpe\u00f1ense Basilio Esteban Nykolyn, acompa\u00f1ado por Walter Dafara y Pablo Juan Nykolyn, pesca en aguas del Paran\u00e1 un dorado de 18,800 kg, hecho poco usual. La pesca embarcada fue realizada con la tradicional carnada de morenas grandes (mamachas) en la zona de los cables.<\/p>\n<\/div>\n<p><strong>2026 \/<\/strong> Fallece a los 73 Omar Canasio, gran goleador de la d\u00e9cada del 60 y 70, y que brillara donde se inici\u00f3, en Central Norte Argentina, y que aport\u00f3 su cuuota goleador en Chaco For Ever entre 1976 y 1981. \u00abPich\u00f3n\u00bb, hab\u00eda nacido un 20 de agosto de 1952. Siempre inmortalizado en las gloriosas paginas del Negro por aquel gol en Misiones en 1979 que clasific\u00f3 al equipo para el Nacional, al ganar el Regional de ese a\u00f1o. Fue campeon con For Ever en 1978, 79 y 82.<\/p>\n<p>&nbsp;<\/p>\n<div class=\"entry-content entry clearfix\">\n<p><img loading=\"lazy\" decoding=\"async\" class=\"alignnone size-medium wp-image-33603\" src=\"https:\/\/www.sportchaco.com.ar\/wp-content\/uploads\/2026\/03\/Conrado-Cesar-Giuliano-447x470-1-285x300.jpg\" alt=\"\" width=\"285\" height=\"300\" srcset=\"https:\/\/www.sportchaco.com.ar\/wp-content\/uploads\/2026\/03\/Conrado-Cesar-Giuliano-447x470-1-285x300.jpg 285w, https:\/\/www.sportchaco.com.ar\/wp-content\/uploads\/2026\/03\/Conrado-Cesar-Giuliano-447x470-1.jpg 447w\" sizes=\"auto, (max-width: 285px) 100vw, 285px\" \/><strong>Conrado C<\/strong><strong>\u00e9sar Giuliano<\/strong><\/p>\n<p><img loading=\"lazy\" decoding=\"async\" class=\"alignnone size-medium wp-image-33504\" src=\"https:\/\/www.sportchaco.com.ar\/wp-content\/uploads\/2026\/03\/MERCADO-LIBRE_200x200-05-300x300.gif\" alt=\"\" width=\"300\" height=\"300\" srcset=\"https:\/\/www.sportchaco.com.ar\/wp-content\/uploads\/2026\/03\/MERCADO-LIBRE_200x200-05-300x300.gif 300w, https:\/\/www.sportchaco.com.ar\/wp-content\/uploads\/2026\/03\/MERCADO-LIBRE_200x200-05-150x150.gif 150w\" sizes=\"auto, (max-width: 300px) 100vw, 300px\" \/> <img loading=\"lazy\" decoding=\"async\" class=\"alignnone size-medium wp-image-33501\" src=\"https:\/\/www.sportchaco.com.ar\/wp-content\/uploads\/2026\/03\/Ahorros-de-Verano-BANNERS-WEB_120x200-copia-3-180x300.gif\" alt=\"\" width=\"180\" height=\"300\" \/><\/p>\n<\/div>\n<\/article>\n<\/div>\n<\/div>\n<\/div>\n","protected":false},"excerpt":{"rendered":"<p>Foto portada de Pablo Alberto Mensi Esta es la Efem\u00e9rides del Deporte en el Chaco de un 7 de marzo del periodista Luis Dar\u00edo Molodezky (foto). &nbsp; &nbsp; 1932 \/ Nace Rolando C\u00e1nepa. Escritor, periodista, cr\u00edtico de arte, taqu\u00edgrafo, meteor\u00f3logo y campe\u00f3n de ajedrez. En el deporte pas\u00f3 a la historia luego de haber sido &hellip;<\/p>\n","protected":false},"author":2,"featured_media":33604,"comment_status":"open","ping_status":"open","sticky":false,"template":"","format":"standard","meta":{"footnotes":""},"categories":[45,33],"tags":[],"class_list":["post-33601","post","type-post","status-publish","format-standard","has-post-thumbnail","hentry","category-efemerides-dia-por-dia","category-marzo"],"_links":{"self":[{"href":"https:\/\/www.sportchaco.com.ar\/index.php?rest_route=\/wp\/v2\/posts\/33601","targetHints":{"allow":["GET"]}}],"collection":[{"href":"https:\/\/www.sportchaco.com.ar\/index.php?rest_route=\/wp\/v2\/posts"}],"about":[{"href":"https:\/\/www.sportchaco.com.ar\/index.php?rest_route=\/wp\/v2\/types\/post"}],"author":[{"embeddable":true,"href":"https:\/\/www.sportchaco.com.ar\/index.php?rest_route=\/wp\/v2\/users\/2"}],"replies":[{"embeddable":true,"href":"https:\/\/www.sportchaco.com.ar\/index.php?rest_route=%2Fwp%2Fv2%2Fcomments&post=33601"}],"version-history":[{"count":5,"href":"https:\/\/www.sportchaco.com.ar\/index.php?rest_route=\/wp\/v2\/posts\/33601\/revisions"}],"predecessor-version":[{"id":33672,"href":"https:\/\/www.sportchaco.com.ar\/index.php?rest_route=\/wp\/v2\/posts\/33601\/revisions\/33672"}],"wp:featuredmedia":[{"embeddable":true,"href":"https:\/\/www.sportchaco.com.ar\/index.php?rest_route=\/wp\/v2\/media\/33604"}],"wp:attachment":[{"href":"https:\/\/www.sportchaco.com.ar\/index.php?rest_route=%2Fwp%2Fv2%2Fmedia&parent=33601"}],"wp:term":[{"taxonomy":"category","embeddable":true,"href":"https:\/\/www.sportchaco.com.ar\/index.php?rest_route=%2Fwp%2Fv2%2Fcategories&post=33601"},{"taxonomy":"post_tag","embeddable":true,"href":"https:\/\/www.sportchaco.com.ar\/index.php?rest_route=%2Fwp%2Fv2%2Ftags&post=33601"}],"curies":[{"name":"wp","href":"https:\/\/api.w.org\/{rel}","templated":true}]}}