{"id":33610,"date":"2026-03-06T10:50:46","date_gmt":"2026-03-06T13:50:46","guid":{"rendered":"https:\/\/www.sportchaco.com.ar\/?p=33610"},"modified":"2026-03-06T16:55:48","modified_gmt":"2026-03-06T19:55:48","slug":"se-entregaron-certificados-de-la-escuela-de-tecnicos","status":"publish","type":"post","link":"https:\/\/www.sportchaco.com.ar\/?p=33610","title":{"rendered":"Se entregaron certificados de la Escuela de T\u00e9cnicos"},"content":{"rendered":"<h5><em><strong>Foto portada de Chaco Torres recibiendo su graduaci\u00f3n de manos de Willy Rodr\u00edguez<\/strong><\/em><\/h5>\n<h5>Durante un acto realizado anoche en el local del C\u00edrculo de Periodistas Deportivos del Chaco, la Escuela de T\u00e9cnico N\u00b0 199 procedi\u00f3 a la entrega de cerficados anal\u00edticos de los que completaron los distintos ciclos en la entidad.<\/h5>\n<p><img loading=\"lazy\" decoding=\"async\" class=\"alignnone size-medium wp-image-33613\" src=\"https:\/\/www.sportchaco.com.ar\/wp-content\/uploads\/2026\/03\/Gustavo-Augusto-224x300.jpg\" alt=\"\" width=\"224\" height=\"300\" srcset=\"https:\/\/www.sportchaco.com.ar\/wp-content\/uploads\/2026\/03\/Gustavo-Augusto-224x300.jpg 224w, https:\/\/www.sportchaco.com.ar\/wp-content\/uploads\/2026\/03\/Gustavo-Augusto-766x1024.jpg 766w, https:\/\/www.sportchaco.com.ar\/wp-content\/uploads\/2026\/03\/Gustavo-Augusto-768x1027.jpg 768w, https:\/\/www.sportchaco.com.ar\/wp-content\/uploads\/2026\/03\/Gustavo-Augusto-1149x1536.jpg 1149w, https:\/\/www.sportchaco.com.ar\/wp-content\/uploads\/2026\/03\/Gustavo-Augusto.jpg 1197w\" sizes=\"auto, (max-width: 224px) 100vw, 224px\" \/> <img loading=\"lazy\" decoding=\"async\" class=\"alignnone size-medium wp-image-33614\" src=\"https:\/\/www.sportchaco.com.ar\/wp-content\/uploads\/2026\/03\/matrimonio-300x224.jpg\" alt=\"\" width=\"300\" height=\"224\" srcset=\"https:\/\/www.sportchaco.com.ar\/wp-content\/uploads\/2026\/03\/matrimonio-300x224.jpg 300w, https:\/\/www.sportchaco.com.ar\/wp-content\/uploads\/2026\/03\/matrimonio-1024x766.jpg 1024w, https:\/\/www.sportchaco.com.ar\/wp-content\/uploads\/2026\/03\/matrimonio-768x575.jpg 768w, https:\/\/www.sportchaco.com.ar\/wp-content\/uploads\/2026\/03\/matrimonio-1536x1149.jpg 1536w, https:\/\/www.sportchaco.com.ar\/wp-content\/uploads\/2026\/03\/matrimonio.jpg 1600w\" sizes=\"auto, (max-width: 300px) 100vw, 300px\" \/><\/p>\n<p><em><strong>Gustvo Augusto fue uno de los graduados y un matrimonio<\/strong><\/em><\/p>\n<p style=\"text-align: center;\"><img loading=\"lazy\" decoding=\"async\" class=\"alignnone size-medium wp-image-33501\" src=\"https:\/\/www.sportchaco.com.ar\/wp-content\/uploads\/2026\/03\/Ahorros-de-Verano-BANNERS-WEB_120x200-copia-3-180x300.gif\" alt=\"\" width=\"180\" height=\"300\" \/> <img loading=\"lazy\" decoding=\"async\" class=\"alignnone size-medium wp-image-33503\" src=\"https:\/\/www.sportchaco.com.ar\/wp-content\/uploads\/2026\/03\/BANNER-WEB-MOSQUITOS-SALUD_300x600-17-150x300.gif\" alt=\"\" width=\"150\" height=\"300\" \/><\/p>\n<p>\u00a0<img loading=\"lazy\" decoding=\"async\" class=\"alignnone size-medium wp-image-33625\" src=\"https:\/\/www.sportchaco.com.ar\/wp-content\/uploads\/2026\/03\/lICENCIA-pRO-300x241.jpg\" alt=\"\" width=\"300\" height=\"241\" srcset=\"https:\/\/www.sportchaco.com.ar\/wp-content\/uploads\/2026\/03\/lICENCIA-pRO-300x241.jpg 300w, https:\/\/www.sportchaco.com.ar\/wp-content\/uploads\/2026\/03\/lICENCIA-pRO.jpg 324w\" sizes=\"auto, (max-width: 300px) 100vw, 300px\" \/> <img loading=\"lazy\" decoding=\"async\" class=\"alignnone size-medium wp-image-33626\" src=\"https:\/\/www.sportchaco.com.ar\/wp-content\/uploads\/2026\/03\/lICENCIA-a-300x300.jpg\" alt=\"\" width=\"300\" height=\"300\" srcset=\"https:\/\/www.sportchaco.com.ar\/wp-content\/uploads\/2026\/03\/lICENCIA-a-300x300.jpg 300w, https:\/\/www.sportchaco.com.ar\/wp-content\/uploads\/2026\/03\/lICENCIA-a-150x150.jpg 150w, https:\/\/www.sportchaco.com.ar\/wp-content\/uploads\/2026\/03\/lICENCIA-a.jpg 324w\" sizes=\"auto, (max-width: 300px) 100vw, 300px\" \/> \u00a0 \u00a0<img decoding=\"async\" src=\"https:\/\/scontent.fcnq2-2.fna.fbcdn.net\/v\/t39.30808-6\/649079034_122128176183022572_7274226195193548926_n.jpg?_nc_cat=108&amp;ccb=1-7&amp;_nc_sid=13d280&amp;_nc_ohc=o434oyXv7PwQ7kNvwE-Vtnp&amp;_nc_oc=AdlMJJB1pJaF-VKbJJ3PJVzbLAtuCDeGYgZp7hNkWgCJpegXDb_Esp-0PCAYwhpyt8E&amp;_nc_zt=23&amp;_nc_ht=scontent.fcnq2-2.fna&amp;_nc_gid=S0-3P2qBb68zIraJzVtHCQ&amp;_nc_ss=8&amp;oh=00_AfyZ_7kmWcgowGivA_YOawbrkgAMOV-sQVbwB_IxHNsyFQ&amp;oe=69B10E4A\" alt=\"No hay ninguna descripci\u00f3n de la foto disponible.\" \/><img decoding=\"async\" src=\"https:\/\/scontent.fcnq2-1.fna.fbcdn.net\/v\/t39.30808-6\/645374938_122128176189022572_7512655940276877250_n.jpg?_nc_cat=102&amp;ccb=1-7&amp;_nc_sid=13d280&amp;_nc_ohc=yPDUsdbUPggQ7kNvwE70DDW&amp;_nc_oc=AdlxtZ54P09Td50SvACQbROOf_SJInBp7gt934RUrBHcL-PtyouCLV7-2HGy1u27tBg&amp;_nc_zt=23&amp;_nc_ht=scontent.fcnq2-1.fna&amp;_nc_gid=HGwIGY5ZZtwba0KRQj0jLw&amp;_nc_ss=8&amp;oh=00_AfyHipzjPbtDPn27S4K2JcD4Xjqzm5V9I1hHwi0DT3h3Mg&amp;oe=69B110C8\" alt=\"Puede ser un gr\u00e1fico de texto\" \/><\/p>\n<p>Estuvieron presentes Walter Dimenna y Waldemar Alfonso, titulares de la Escuela, y alumnos de distntas categor\u00edas de la carrera, como asimimso el secretario general del gremio de los t\u00e9cnicos de Corrientes.<\/p>\n<p>Llegaron alumnos de Resistencia y el interior, que participaron del acto de graduaci\u00f3n<\/p>\n<div style=\"width: 848px;\" class=\"wp-video\"><video class=\"wp-video-shortcode\" id=\"video-33610-1\" width=\"848\" height=\"478\" preload=\"metadata\" controls=\"controls\"><source type=\"video\/mp4\" src=\"https:\/\/www.sportchaco.com.ar\/wp-content\/uploads\/2026\/03\/WhatsApp-Video-2026-03-06-at-10.33.35.mp4?_=1\" \/><a href=\"https:\/\/www.sportchaco.com.ar\/wp-content\/uploads\/2026\/03\/WhatsApp-Video-2026-03-06-at-10.33.35.mp4\">https:\/\/www.sportchaco.com.ar\/wp-content\/uploads\/2026\/03\/WhatsApp-Video-2026-03-06-at-10.33.35.mp4<\/a><\/video><\/div>\n<p><img decoding=\"async\" src=\"https:\/\/www.sportchaco.com.ar\/wp-content\/uploads\/2026\/03\/Chaco-Torres.jpg\" \/><\/p>\n","protected":false},"excerpt":{"rendered":"<p>Foto portada de Chaco Torres recibiendo su graduaci\u00f3n de manos de Willy Rodr\u00edguez Durante un acto realizado anoche en el local del C\u00edrculo de Periodistas Deportivos del Chaco, la Escuela de T\u00e9cnico N\u00b0 199 procedi\u00f3 a la entrega de cerficados anal\u00edticos de los que completaron los distintos ciclos en la entidad. Gustvo Augusto fue uno &hellip;<\/p>\n","protected":false},"author":2,"featured_media":33628,"comment_status":"open","ping_status":"open","sticky":false,"template":"","format":"standard","meta":{"footnotes":""},"categories":[44],"tags":[],"class_list":["post-33610","post","type-post","status-publish","format-standard","has-post-thumbnail","hentry","category-varios"],"_links":{"self":[{"href":"https:\/\/www.sportchaco.com.ar\/index.php?rest_route=\/wp\/v2\/posts\/33610","targetHints":{"allow":["GET"]}}],"collection":[{"href":"https:\/\/www.sportchaco.com.ar\/index.php?rest_route=\/wp\/v2\/posts"}],"about":[{"href":"https:\/\/www.sportchaco.com.ar\/index.php?rest_route=\/wp\/v2\/types\/post"}],"author":[{"embeddable":true,"href":"https:\/\/www.sportchaco.com.ar\/index.php?rest_route=\/wp\/v2\/users\/2"}],"replies":[{"embeddable":true,"href":"https:\/\/www.sportchaco.com.ar\/index.php?rest_route=%2Fwp%2Fv2%2Fcomments&post=33610"}],"version-history":[{"count":3,"href":"https:\/\/www.sportchaco.com.ar\/index.php?rest_route=\/wp\/v2\/posts\/33610\/revisions"}],"predecessor-version":[{"id":33629,"href":"https:\/\/www.sportchaco.com.ar\/index.php?rest_route=\/wp\/v2\/posts\/33610\/revisions\/33629"}],"wp:featuredmedia":[{"embeddable":true,"href":"https:\/\/www.sportchaco.com.ar\/index.php?rest_route=\/wp\/v2\/media\/33628"}],"wp:attachment":[{"href":"https:\/\/www.sportchaco.com.ar\/index.php?rest_route=%2Fwp%2Fv2%2Fmedia&parent=33610"}],"wp:term":[{"taxonomy":"category","embeddable":true,"href":"https:\/\/www.sportchaco.com.ar\/index.php?rest_route=%2Fwp%2Fv2%2Fcategories&post=33610"},{"taxonomy":"post_tag","embeddable":true,"href":"https:\/\/www.sportchaco.com.ar\/index.php?rest_route=%2Fwp%2Fv2%2Ftags&post=33610"}],"curies":[{"name":"wp","href":"https:\/\/api.w.org\/{rel}","templated":true}]}}