{"id":3362,"date":"2023-12-02T15:31:53","date_gmt":"2023-12-02T18:31:53","guid":{"rendered":"https:\/\/www.sportchaco.com.ar\/?p=3362"},"modified":"2023-12-02T15:31:53","modified_gmt":"2023-12-02T18:31:53","slug":"regional-repudia-los-disturbios-ocasionados-por-hinchas-del-club","status":"publish","type":"post","link":"https:\/\/www.sportchaco.com.ar\/?p=3362","title":{"rendered":"Regional repudia los disturbios ocasionados por \u201chinchas\u201d del club"},"content":{"rendered":"<p>Los dirigentes de Regional emitieron un comunicado en el que lamentaron los disturbios ocurridos tras el partido del domingo pasado en Villa Libertad donde el \u201cExpreso\u201d igual\u00f3 3-3 ante Juventud de Tirol por la 4\u00aa fecha de la zona 9 (regi\u00f3n Litoral Norte) del torneo Regional Amateur de f\u00fatbol,<\/p>\n<p><strong>El Comunicado:<\/strong><\/p>\n<p>\u201cEl Club Atl\u00e9tico Regional lamenta profundamente los disturbios ocurridos durante el partido disputado el d\u00eda domingo 26 de noviembre, en los cuales individuos autodenominados \u00abhinchas\u00bb del club, llevaron a cabo actos de vandalismo en nuestro estadio.<\/p>\n<p>Lamentamos informar que, se registraron acciones irresponsables que incluyeron patadas a los accesos, vandalizaci\u00f3n de portones, muros y rotura de vidrios. A pesar de los esfuerzos de la polic\u00eda para controlar la situaci\u00f3n y pedir la retirada de los individuos, estos continuaron con sus actos de vandalismo en otros accesos. Es preocupante destacar que tambi\u00e9n, lanzaron piedras a la delegaci\u00f3n y familiares del Club Atl\u00e9tico Juventud de Puerto Tirol. A los cuales hacemos llegar un afectuoso saludo, deseando que todos se encuentren bien.<\/p>\n<p>Adem\u00e1s, queremos resaltar que estos actos de vandalismo no solo afectan al club en s\u00ed, sino tambi\u00e9n a m\u00e1s de 500 ni\u00f1os y ni\u00f1as, que practican actividades en nuestras instalaciones. Nuestros chicos se ven perjudicados por estas acciones irresponsables, las cuales no solo amenazan la seguridad, sino tambi\u00e9n el ambiente deportivo y educativo que buscamos fomentar.<\/p>\n<p>La polic\u00eda y la comisi\u00f3n directiva del club han identificado a los responsables de estos disturbios, tomando medidas para abordar la situaci\u00f3n de manera inmediata. En este sentido, queremos asegurar a la familia regionalista, que la seguridad y el cuidado de nuestras instalaciones es una prioridad.<\/p>\n<p>En respuesta a estos lamentables sucesos, el Club Atl\u00e9tico Regional est\u00e1 implementando medidas adicionales de seguridad, incluyendo la instalaci\u00f3n de c\u00e1maras de seguridad. Y durante el encuentro en cuesti\u00f3n, la polic\u00eda contaba con c\u00e1maras, que documentaron los incidentes, facilitando la identificaci\u00f3n de los responsables.<\/p>\n<p>Informamos que se han iniciado acciones legales ante la fiscal\u00eda correspondiente, y a partir de ahora, la justicia ser\u00e1 la encargada de llevar a cabo las investigaciones pertinentes. El club colaborar\u00e1 plenamente con las autoridades para asegurar que los responsables sean debidamente notificados y sancionados por sus acciones.<\/p>\n<p>Reiteramos nuestro compromiso con la disciplina y el respeto dentro y fuera de nuestras instalaciones. El Club Atl\u00e9tico Regional no tolerar\u00e1 comportamientos que vayan en contra de los principios de integridad y buen esp\u00edritu deportivo que representamos.<\/p>\n<p>Agradecemos la comprensi\u00f3n de toda la gran barriada de Villa Libertad, mientras trabajamos para abordar este incidente y prevenir situaciones similares en el futuro\u201d, se\u00f1al\u00f3 el comunicado emitido por la Comisi\u00f3n Directiva del Club Atl\u00e9tico Regional.<\/p>\n","protected":false},"excerpt":{"rendered":"<p>Los dirigentes de Regional emitieron un comunicado en el que lamentaron los disturbios ocurridos tras el partido del domingo pasado en Villa Libertad donde el \u201cExpreso\u201d igual\u00f3 3-3 ante Juventud de Tirol por la 4\u00aa fecha de la zona 9 (regi\u00f3n Litoral Norte) del torneo Regional Amateur de f\u00fatbol, El Comunicado: \u201cEl Club Atl\u00e9tico Regional &hellip;<\/p>\n","protected":false},"author":3,"featured_media":3363,"comment_status":"open","ping_status":"open","sticky":false,"template":"","format":"standard","meta":{"footnotes":""},"categories":[5],"tags":[],"class_list":["post-3362","post","type-post","status-publish","format-standard","has-post-thumbnail","hentry","category-futbol"],"_links":{"self":[{"href":"https:\/\/www.sportchaco.com.ar\/index.php?rest_route=\/wp\/v2\/posts\/3362","targetHints":{"allow":["GET"]}}],"collection":[{"href":"https:\/\/www.sportchaco.com.ar\/index.php?rest_route=\/wp\/v2\/posts"}],"about":[{"href":"https:\/\/www.sportchaco.com.ar\/index.php?rest_route=\/wp\/v2\/types\/post"}],"author":[{"embeddable":true,"href":"https:\/\/www.sportchaco.com.ar\/index.php?rest_route=\/wp\/v2\/users\/3"}],"replies":[{"embeddable":true,"href":"https:\/\/www.sportchaco.com.ar\/index.php?rest_route=%2Fwp%2Fv2%2Fcomments&post=3362"}],"version-history":[{"count":1,"href":"https:\/\/www.sportchaco.com.ar\/index.php?rest_route=\/wp\/v2\/posts\/3362\/revisions"}],"predecessor-version":[{"id":3364,"href":"https:\/\/www.sportchaco.com.ar\/index.php?rest_route=\/wp\/v2\/posts\/3362\/revisions\/3364"}],"wp:featuredmedia":[{"embeddable":true,"href":"https:\/\/www.sportchaco.com.ar\/index.php?rest_route=\/wp\/v2\/media\/3363"}],"wp:attachment":[{"href":"https:\/\/www.sportchaco.com.ar\/index.php?rest_route=%2Fwp%2Fv2%2Fmedia&parent=3362"}],"wp:term":[{"taxonomy":"category","embeddable":true,"href":"https:\/\/www.sportchaco.com.ar\/index.php?rest_route=%2Fwp%2Fv2%2Fcategories&post=3362"},{"taxonomy":"post_tag","embeddable":true,"href":"https:\/\/www.sportchaco.com.ar\/index.php?rest_route=%2Fwp%2Fv2%2Ftags&post=3362"}],"curies":[{"name":"wp","href":"https:\/\/api.w.org\/{rel}","templated":true}]}}