{"id":33641,"date":"2026-03-08T00:40:00","date_gmt":"2026-03-08T03:40:00","guid":{"rendered":"https:\/\/www.sportchaco.com.ar\/?p=33641"},"modified":"2026-03-08T00:41:09","modified_gmt":"2026-03-08T03:41:09","slug":"efemerides-del-8-de-marzo-2","status":"publish","type":"post","link":"https:\/\/www.sportchaco.com.ar\/?p=33641","title":{"rendered":"Efem\u00e9rides del 8 de marzo"},"content":{"rendered":"<div class=\"container fullwidth-entry-title-wrapper\">\n<div class=\"container-wrapper fullwidth-entry-title\">\n<header class=\"entry-header-outer\">\n<div class=\"entry-header\">\n<h4><strong>Foto portada de Am\u00e9rico Pimienta.<\/strong><\/h4>\n<div class=\"single-post-meta post-meta clearfix\"><\/div>\n<\/div>\n<\/header>\n<\/div>\n<\/div>\n<div id=\"content\" class=\"site-content container\">\n<div id=\"main-content-row\" class=\"tie-row main-content-row\">\n<div class=\"main-content tie-col-md-8 tie-col-xs-12\" role=\"main\">\n<article id=\"the-post\" class=\"container-wrapper post-content tie-standard\">\n<div class=\"featured-area\">\n<div class=\"featured-area-inner\"><\/div>\n<\/div>\n<div class=\"entry-content entry clearfix\">\n<div class=\"container fullwidth-entry-title-wrapper\">\n<div class=\"container-wrapper fullwidth-entry-title\">\n<header class=\"entry-header-outer\">\n<div class=\"entry-header\">\n<div class=\"single-post-meta post-meta clearfix\">\n<h5 class=\"tie-alignright\"><\/h5>\n<\/div>\n<\/div>\n<\/header>\n<\/div>\n<\/div>\n<div id=\"content\" class=\"site-content container\">\n<div id=\"main-content-row\" class=\"tie-row main-content-row\">\n<div class=\"main-content tie-col-md-8 tie-col-xs-12\" role=\"main\">\n<article id=\"the-post\" class=\"container-wrapper post-content tie-standard\">\n<div class=\"featured-area-inner\"><\/div>\n<div class=\"entry-content entry clearfix\">\n<h5><strong>Esta es la Efem\u00e9rides del Deporte en el Chaco de un 8 de marzo del periodista Luis Dar\u00edo Molodezky.\u00a0<\/strong><\/h5>\n<p>&nbsp;<\/p>\n<p><img loading=\"lazy\" decoding=\"async\" class=\"alignnone size-medium wp-image-16986\" src=\"https:\/\/www.sportchaco.com.ar\/wp-content\/uploads\/2025\/03\/Molodezky-Luis-300x199.jpg\" sizes=\"auto, (max-width: 300px) 100vw, 300px\" srcset=\"https:\/\/www.sportchaco.com.ar\/wp-content\/uploads\/2025\/03\/Molodezky-Luis-300x199.jpg 300w, https:\/\/www.sportchaco.com.ar\/wp-content\/uploads\/2025\/03\/Molodezky-Luis-768x508.jpg 768w, https:\/\/www.sportchaco.com.ar\/wp-content\/uploads\/2025\/03\/Molodezky-Luis.jpg 772w\" alt=\"\" width=\"300\" height=\"199\" \/><strong>\u00a0Luis Dar\u00edo Molodezky<\/strong><\/p>\n<p>&nbsp;<\/p>\n<p>&nbsp;<\/p>\n<p><strong>1951 \/\u00a0<\/strong><u>Se<\/u>\u00a0cerraron los Primeros Juegos Deportivos Panamericanos en Buenos Aires. Para este magno torneo se hab\u00edan realizado obras de \u201cInfraestructura nueva\u201d como el aeropuerto ministro Pistarini de Ezeiza; el nuevo estadio del Racing Club de Avellaneda; el Vel\u00f3dromo Municipal del Parque 3 de febrero; la Villa Ol\u00edmpica en el Centro Recreativo de Ezeiza; la avenida General Paz entre Puente La Noria y Avenida del Libertador y el estadio de Hurac\u00e1n de Parque Patricios, una de las sedes del f\u00fatbol. Los Hogares de Transito N\u00ba 2 (calle Austria) y N\u00ba 3 (calle Lafinur 2988. Por los atletas jur\u00f3 el atleta criado en el Chaco Enrique Kistenmacher. Fue Bicampe\u00f3n Sudamericano en Decathlon, particip\u00f3 en los Juegos Ol\u00edmpicos de Londres de 1948 clasific\u00e1ndose 4\u00b0 en Decathlon y 10\u00b0 en Salto en Largo.\u00a0 En 1949 fue Campe\u00f3n Nacional de Salto en Largo y R\u00e9cord Nacional Absoluto en 400 m llanos (48,3\u201d), salto en largo (7,36m) y Decathlon (6.954 puntos).\u00a0 Fue docente y ex presidente de la Confederaci\u00f3n Argentina de Atletismo, falleci\u00f3 a principios de 1990.<\/p>\n<p>&nbsp;<\/p>\n<p><strong>1980\u00a0<\/strong>\/ El Chaco Automoto Club lanza una rifa, con premios de pick up Honda del primero al tercer premio y motos de la misma del cuarto al sexto, y luego televisores 20\u201d y electrodom\u00e9sticos. El valor era de 9.000 pesos por dos n\u00fameros.<\/p>\n<p>&nbsp;<\/p>\n<p><strong>1986\u00a0<\/strong>\/ Marcelo Pl\u00e1ceres, Miguel Cazzaniga y Jorge Corbal\u00e1n son convocados a integrar la preselecci\u00f3n nacional juvenil de b\u00e1squetbol, luego de la destacada actuaci\u00f3n en el Promocional jugado en Jujuy.<\/p>\n<p>&nbsp;<\/p>\n<p><strong>1997\u00a0<\/strong>\/ Defensa exitosa de Carlos Salazar en S\u00e1enz Pe\u00f1a ante Antonio Ruiz.<\/p>\n<p>&nbsp;<\/p>\n<p><strong>2001\u00a0<\/strong>\/ Fallece en Villa \u00c1ngela a los 59 a\u00f1os, Am\u00e9rico\u00a0<em>Chufa\u00a0<\/em>Pimienta, destacado entrenador de b\u00e1squetbol. Dirigi\u00f3 a la mayor\u00eda de los clubes locales como Sportivo Espa\u00f1ol, Uni\u00f3n Progresista y Alvear. En Resistencia, entren\u00f3 en las categor\u00edas formativas al Centro Deportivo Don Bosco y Regatas.<\/p>\n<p>&nbsp;<\/p>\n<p><strong>2007\u00a0<\/strong>\/ Daniel Romero representante del Club Taraguy es elegido presidente de la Uni\u00f3n de Rugby del Nordeste por un per\u00edodo de dos a\u00f1os, reemplaza al saliente Nicol\u00e1s Bancalari. Adem\u00e1s integran el Consejo Livio Cedaro como vice, secretario Carlos Barbieri, prosecretario Osvaldo Lucas, tesorero Carlos Piat y protesorero Miguel Escalada.<\/p>\n<\/div>\n<p style=\"text-align: center;\"><img loading=\"lazy\" decoding=\"async\" class=\"alignnone size-medium wp-image-33504\" src=\"https:\/\/www.sportchaco.com.ar\/wp-content\/uploads\/2026\/03\/MERCADO-LIBRE_200x200-05-300x300.gif\" alt=\"\" width=\"300\" height=\"300\" srcset=\"https:\/\/www.sportchaco.com.ar\/wp-content\/uploads\/2026\/03\/MERCADO-LIBRE_200x200-05-300x300.gif 300w, https:\/\/www.sportchaco.com.ar\/wp-content\/uploads\/2026\/03\/MERCADO-LIBRE_200x200-05-150x150.gif 150w\" sizes=\"auto, (max-width: 300px) 100vw, 300px\" \/> <img loading=\"lazy\" decoding=\"async\" class=\"alignnone size-medium wp-image-33501\" src=\"https:\/\/www.sportchaco.com.ar\/wp-content\/uploads\/2026\/03\/Ahorros-de-Verano-BANNERS-WEB_120x200-copia-3-180x300.gif\" alt=\"\" width=\"180\" height=\"300\" \/><\/p>\n<\/article>\n<\/div>\n<\/div>\n<\/div>\n<\/div>\n<\/article>\n<\/div>\n<\/div>\n<\/div>\n","protected":false},"excerpt":{"rendered":"<p>Foto portada de Am\u00e9rico Pimienta. Esta es la Efem\u00e9rides del Deporte en el Chaco de un 8 de marzo del periodista Luis Dar\u00edo Molodezky.\u00a0 &nbsp; \u00a0Luis Dar\u00edo Molodezky &nbsp; &nbsp; 1951 \/\u00a0Se\u00a0cerraron los Primeros Juegos Deportivos Panamericanos en Buenos Aires. Para este magno torneo se hab\u00edan realizado obras de \u201cInfraestructura nueva\u201d como el aeropuerto ministro &hellip;<\/p>\n","protected":false},"author":2,"featured_media":33642,"comment_status":"open","ping_status":"open","sticky":false,"template":"","format":"standard","meta":{"footnotes":""},"categories":[45,33],"tags":[],"class_list":["post-33641","post","type-post","status-publish","format-standard","has-post-thumbnail","hentry","category-efemerides-dia-por-dia","category-marzo"],"_links":{"self":[{"href":"https:\/\/www.sportchaco.com.ar\/index.php?rest_route=\/wp\/v2\/posts\/33641","targetHints":{"allow":["GET"]}}],"collection":[{"href":"https:\/\/www.sportchaco.com.ar\/index.php?rest_route=\/wp\/v2\/posts"}],"about":[{"href":"https:\/\/www.sportchaco.com.ar\/index.php?rest_route=\/wp\/v2\/types\/post"}],"author":[{"embeddable":true,"href":"https:\/\/www.sportchaco.com.ar\/index.php?rest_route=\/wp\/v2\/users\/2"}],"replies":[{"embeddable":true,"href":"https:\/\/www.sportchaco.com.ar\/index.php?rest_route=%2Fwp%2Fv2%2Fcomments&post=33641"}],"version-history":[{"count":2,"href":"https:\/\/www.sportchaco.com.ar\/index.php?rest_route=\/wp\/v2\/posts\/33641\/revisions"}],"predecessor-version":[{"id":33644,"href":"https:\/\/www.sportchaco.com.ar\/index.php?rest_route=\/wp\/v2\/posts\/33641\/revisions\/33644"}],"wp:featuredmedia":[{"embeddable":true,"href":"https:\/\/www.sportchaco.com.ar\/index.php?rest_route=\/wp\/v2\/media\/33642"}],"wp:attachment":[{"href":"https:\/\/www.sportchaco.com.ar\/index.php?rest_route=%2Fwp%2Fv2%2Fmedia&parent=33641"}],"wp:term":[{"taxonomy":"category","embeddable":true,"href":"https:\/\/www.sportchaco.com.ar\/index.php?rest_route=%2Fwp%2Fv2%2Fcategories&post=33641"},{"taxonomy":"post_tag","embeddable":true,"href":"https:\/\/www.sportchaco.com.ar\/index.php?rest_route=%2Fwp%2Fv2%2Ftags&post=33641"}],"curies":[{"name":"wp","href":"https:\/\/api.w.org\/{rel}","templated":true}]}}