{"id":33666,"date":"2026-03-08T10:06:25","date_gmt":"2026-03-08T13:06:25","guid":{"rendered":"https:\/\/www.sportchaco.com.ar\/?p=33666"},"modified":"2026-03-08T11:51:50","modified_gmt":"2026-03-08T14:51:50","slug":"33666","status":"publish","type":"post","link":"https:\/\/www.sportchaco.com.ar\/?p=33666","title":{"rendered":"Falleci\u00f3 el exgoleador Pich\u00f3n Canasio"},"content":{"rendered":"<h5>Ayer falleci\u00f3 a los 73 en nuestra ciudad Omar Canasio, gran goleador de la d\u00e9cada del 60 y 70, y que brilllara donde se inici\u00f3, en Central Norte Argentina, y que aport\u00f3 su cuuota goleador en Chaco For Ever entre 1976 y 1981.<\/h5>\n<p>&nbsp;<\/p>\n<p>\u00abPich\u00f3n\u00bb, nacido un 20 de agosto de 1952,\u00a0 sufr\u00eda un cancer dur\u00edsimo que lo hizo padecer en los \u00faltimos a\u00f1os, se fue acompa\u00f1ado por el dolor de su familia y amigos de la vida y del f\u00fatbol en particularl al que tanto amaba.<\/p>\n<p>&nbsp;<\/p>\n<p>Siempre inmortalizado en las gloriosas paginas del Negro por aquel gol en Misiones en 1979 que clasific\u00f3 al equipo para el Nacional, al ganar el Regional de ese a\u00f1o.<\/p>\n<p>&nbsp;<\/p>\n<p><img loading=\"lazy\" decoding=\"async\" class=\"alignnone size-medium wp-image-33667 aligncenter\" src=\"https:\/\/www.sportchaco.com.ar\/wp-content\/uploads\/2026\/03\/WhatsApp-Image-2026-03-08-at-09.52.06-225x300.jpeg\" alt=\"\" width=\"225\" height=\"300\" srcset=\"https:\/\/www.sportchaco.com.ar\/wp-content\/uploads\/2026\/03\/WhatsApp-Image-2026-03-08-at-09.52.06-225x300.jpeg 225w, https:\/\/www.sportchaco.com.ar\/wp-content\/uploads\/2026\/03\/WhatsApp-Image-2026-03-08-at-09.52.06.jpeg 739w\" sizes=\"auto, (max-width: 225px) 100vw, 225px\" \/><\/p>\n<p style=\"text-align: center;\">\u00a0<img loading=\"lazy\" decoding=\"async\" class=\"alignnone size-medium wp-image-33498\" src=\"https:\/\/www.sportchaco.com.ar\/wp-content\/uploads\/2026\/03\/Agua-Segura_200x200-05-300x300.gif\" alt=\"\" width=\"300\" height=\"300\" srcset=\"https:\/\/www.sportchaco.com.ar\/wp-content\/uploads\/2026\/03\/Agua-Segura_200x200-05-300x300.gif 300w, https:\/\/www.sportchaco.com.ar\/wp-content\/uploads\/2026\/03\/Agua-Segura_200x200-05-150x150.gif 150w\" sizes=\"auto, (max-width: 300px) 100vw, 300px\" \/> <img loading=\"lazy\" decoding=\"async\" class=\"alignnone size-medium wp-image-33501\" src=\"https:\/\/www.sportchaco.com.ar\/wp-content\/uploads\/2026\/03\/Ahorros-de-Verano-BANNERS-WEB_120x200-copia-3-180x300.gif\" alt=\"\" width=\"180\" height=\"300\" \/><\/p>\n<p><a href=\"https:\/\/www.facebook.com\/photo.php?fbid=10220235351539444&amp;set=a.10200788572382119&amp;type=3&amp;eid=ARBJFMx_tRFDgHRNsv-UtCra39lqFUp7IRNyua6i4RiYW57ir06LcdI3PdIqx9H08ZNsCUB5mQe6jGua\" data-saferedirecturl=\"https:\/\/www.google.com\/url?q=https:\/\/www.facebook.com\/photo.php?fbid%3D10220235351539444%26set%3Da.10200788572382119%26type%3D3%26eid%3DARBJFMx_tRFDgHRNsv-UtCra39lqFUp7IRNyua6i4RiYW57ir06LcdI3PdIqx9H08ZNsCUB5mQe6jGua&amp;source=gmail&amp;ust=1773060950389000&amp;usg=AOvVaw2k8ZFbz2Y0icTa01HUxx7p\">\u00a0<\/a><\/p>\n<p>&nbsp;<\/p>\n<p><a href=\"https:\/\/youtu.be\/zBiJpwTHWK8?si=xv2AVT_y20q-JFfT\">Ayer cumplio 67 pirulos, Omar \u00abPichon\u00bb Canassio, gran delantero de Chaco For Ever en las temporadas 1976\/77\/79 y 1981. Siempre inmortalizado en las gloriosas paginas del Negro por aquel gol en Misiones en 1979 que le diera el titulo del regional, clasificando a otro Nacional.<\/a><\/p>\n<p><a href=\"https:\/\/www.facebook.com\/photo.php?fbid=10220235351539444&amp;set=a.10200788572382119&amp;type=3&amp;eid=ARBJFMx_tRFDgHRNsv-UtCra39lqFUp7IRNyua6i4RiYW57ir06LcdI3PdIqx9H08ZNsCUB5mQe6jGua\" data-saferedirecturl=\"https:\/\/www.google.com\/url?q=https:\/\/www.facebook.com\/photo.php?fbid%3D10220235351539444%26set%3Da.10200788572382119%26type%3D3%26eid%3DARBJFMx_tRFDgHRNsv-UtCra39lqFUp7IRNyua6i4RiYW57ir06LcdI3PdIqx9H08ZNsCUB5mQe6jGua&amp;source=gmail&amp;ust=1773060950389000&amp;usg=AOvVaw2k8ZFbz2Y0icTa01HUxx7p\">\u00a0<\/a><\/p>\n<p>&nbsp;<\/p>\n<p><strong><a href=\"https:\/\/www.facebook.com\/carlos.rcia?__tn__=%2CdlC-R-R&amp;eid=ARDuP2dM9rBMy-fDvw9Vqle_RrE5-P5zsGBRE71FUwvjjZn5YjA6layl2ciidh8yK-S0Pl4TE63zc3Lr&amp;hc_ref=ARStq3EbMwbiovy1OxnrLHxl3bvfkmoQMOibnb5qx9D8FNAFwfUDBMgGTorvfO5zjnE\" data-saferedirecturl=\"https:\/\/www.google.com\/url?q=https:\/\/www.facebook.com\/carlos.rcia?__tn__%3D%252CdlC-R-R%26eid%3DARDuP2dM9rBMy-fDvw9Vqle_RrE5-P5zsGBRE71FUwvjjZn5YjA6layl2ciidh8yK-S0Pl4TE63zc3Lr%26hc_ref%3DARStq3EbMwbiovy1OxnrLHxl3bvfkmoQMOibnb5qx9D8FNAFwfUDBMgGTorvfO5zjnE&amp;source=gmail&amp;ust=1773060950389000&amp;usg=AOvVaw1DnVtK1g63tDbD0WgLmXD5\">Carlos Ortiz<\/a><\/strong>\u00a0est\u00e1 con\u00a0<a href=\"https:\/\/www.facebook.com\/guillermonicolas.biazevich?__tn__=%2CdlC-R-R&amp;eid=ARDvuSl7JyvhCrpkob2_bm1NHgpemTiu4K3zwpSDuibTVwo44uCovFUzceMWwRAX8f-v97y6ivjltqvk&amp;hc_ref=ARStq3EbMwbiovy1OxnrLHxl3bvfkmoQMOibnb5qx9D8FNAFwfUDBMgGTorvfO5zjnE\" data-saferedirecturl=\"https:\/\/www.google.com\/url?q=https:\/\/www.facebook.com\/guillermonicolas.biazevich?__tn__%3D%252CdlC-R-R%26eid%3DARDvuSl7JyvhCrpkob2_bm1NHgpemTiu4K3zwpSDuibTVwo44uCovFUzceMWwRAX8f-v97y6ivjltqvk%26hc_ref%3DARStq3EbMwbiovy1OxnrLHxl3bvfkmoQMOibnb5qx9D8FNAFwfUDBMgGTorvfO5zjnE&amp;source=gmail&amp;ust=1773060950389000&amp;usg=AOvVaw2zNRrWmJJwodn128FZN7wk\">Guillermo Nicol\u00e1s Biazevich<\/a>.<\/p>\n<p><a href=\"https:\/\/www.facebook.com\/photo.php?fbid=10220235432341464&amp;set=a.10200788572382119&amp;type=3\" data-saferedirecturl=\"https:\/\/www.google.com\/url?q=https:\/\/www.facebook.com\/photo.php?fbid%3D10220235432341464%26set%3Da.10200788572382119%26type%3D3&amp;source=gmail&amp;ust=1773060950389000&amp;usg=AOvVaw3e4NwWNq8q_IzMja3JBJxY\">50 min<\/a>\u00a0\u00b7<\/p>\n<ol start=\"1993\">\n<li>Torneo infantil en la cancha de Platense Porvenir en Reconquista, en su categoria Chaco For Ever salio primero, en la imagen, Guillermo Biazevich, Gustavo Savoia (llegaria a la primera de Colon) y Cristian \u00abPipi\u00bb Gimenez, con los gloriosos colores Al<\/li>\n<\/ol>\n","protected":false},"excerpt":{"rendered":"<p>Ayer falleci\u00f3 a los 73 en nuestra ciudad Omar Canasio, gran goleador de la d\u00e9cada del 60 y 70, y que brilllara donde se inici\u00f3, en Central Norte Argentina, y que aport\u00f3 su cuuota goleador en Chaco For Ever entre 1976 y 1981. &nbsp; \u00abPich\u00f3n\u00bb, nacido un 20 de agosto de 1952,\u00a0 sufr\u00eda un cancer &hellip;<\/p>\n","protected":false},"author":2,"featured_media":33668,"comment_status":"open","ping_status":"open","sticky":false,"template":"","format":"standard","meta":{"footnotes":""},"categories":[5],"tags":[],"class_list":["post-33666","post","type-post","status-publish","format-standard","has-post-thumbnail","hentry","category-futbol"],"_links":{"self":[{"href":"https:\/\/www.sportchaco.com.ar\/index.php?rest_route=\/wp\/v2\/posts\/33666","targetHints":{"allow":["GET"]}}],"collection":[{"href":"https:\/\/www.sportchaco.com.ar\/index.php?rest_route=\/wp\/v2\/posts"}],"about":[{"href":"https:\/\/www.sportchaco.com.ar\/index.php?rest_route=\/wp\/v2\/types\/post"}],"author":[{"embeddable":true,"href":"https:\/\/www.sportchaco.com.ar\/index.php?rest_route=\/wp\/v2\/users\/2"}],"replies":[{"embeddable":true,"href":"https:\/\/www.sportchaco.com.ar\/index.php?rest_route=%2Fwp%2Fv2%2Fcomments&post=33666"}],"version-history":[{"count":4,"href":"https:\/\/www.sportchaco.com.ar\/index.php?rest_route=\/wp\/v2\/posts\/33666\/revisions"}],"predecessor-version":[{"id":33679,"href":"https:\/\/www.sportchaco.com.ar\/index.php?rest_route=\/wp\/v2\/posts\/33666\/revisions\/33679"}],"wp:featuredmedia":[{"embeddable":true,"href":"https:\/\/www.sportchaco.com.ar\/index.php?rest_route=\/wp\/v2\/media\/33668"}],"wp:attachment":[{"href":"https:\/\/www.sportchaco.com.ar\/index.php?rest_route=%2Fwp%2Fv2%2Fmedia&parent=33666"}],"wp:term":[{"taxonomy":"category","embeddable":true,"href":"https:\/\/www.sportchaco.com.ar\/index.php?rest_route=%2Fwp%2Fv2%2Fcategories&post=33666"},{"taxonomy":"post_tag","embeddable":true,"href":"https:\/\/www.sportchaco.com.ar\/index.php?rest_route=%2Fwp%2Fv2%2Ftags&post=33666"}],"curies":[{"name":"wp","href":"https:\/\/api.w.org\/{rel}","templated":true}]}}