{"id":33673,"date":"2026-03-08T11:43:27","date_gmt":"2026-03-08T14:43:27","guid":{"rendered":"https:\/\/www.sportchaco.com.ar\/?p=33673"},"modified":"2026-03-08T11:44:26","modified_gmt":"2026-03-08T14:44:26","slug":"33673","status":"publish","type":"post","link":"https:\/\/www.sportchaco.com.ar\/?p=33673","title":{"rendered":"F-1: Russel en Australia y Colapinto d\u00e9cimo cuarto"},"content":{"rendered":"<p>El brit\u00e1nico Russell gana el\u00a0<span tabindex=\"0\" role=\"tooltip\"><span class=\"c5aZPb\" tabindex=\"0\" role=\"button\" data-enable-toggle-animation=\"true\" data-extra-container-classes=\"ZLo7Eb\" data-hover-hide-delay=\"1000\" data-hover-open-delay=\"500\" data-send-open-event=\"true\" data-theme=\"0\" data-width=\"250\" data-ved=\"2ahUKEwj0jJ_1w5CTAxUHKbkGHW9qLM4QmpgGegQIJBAE\"><span class=\"JPfdse\" data-bubble-link=\"\" data-segment-text=\"GP de Australia\">GP de Australia<\/span><\/span><\/span>\u00a0en un golpe de mano de Mercedes.\u00a0<b>El brit\u00e1nico George Russell venci\u00f3 este domingo en el Gran Premio de Australia, la carrera inaugural de la temporada de F\u00f3rmula 1, en un doblete del equipo Mercedes<\/b>, que coloc\u00f3 en segundo lugar al italiano Kimi Antonelli.<\/p>\n<p>&nbsp;<\/p>\n<header class=\"news-headline\">\n<h1 class=\"news-headline__title\">Franco Colapinto termin\u00f3 14\u00b0 y George Russell gan\u00f3 el GP de Australia en el inicio de la F\u00f3rmula 1<\/h1>\n<p class=\"ignore-parser\">Russell gan\u00f3 el GP de Australia y abri\u00f3 la temporada 2026 de F\u00f3rmula 1. Franco Colapinto termin\u00f3 14\u00b0 tras una penalizaci\u00f3n y Gasly sum\u00f3 un punto para Alpine.<\/p>\n<\/header>\n<div class=\"row\">\n<div class=\"col-12 col-lg-9\">\n<div class=\"news-author-and-share\">\n<div class=\"news-author-and-share__author-wrapper \">\n<div class=\"news-author-and-share__author-wrapper names\"><\/div>\n<\/div>\n<\/div>\n<div class=\"detail-gallery\">\n<div class=\"detail-gallery__slide-wrapper\">\n<div class=\"detail-gallery__slide\"><\/div>\n<\/div>\n<\/div>\n<article class=\"article-body article-body--first-paragraph\" data-td-script-src=\"https:\/\/www.0221.com.ar\/js-custom\/vendor\/jquery\/jquery-3.6.0.min-min-version-1772856422.js\">\n<p data-start=\"312\" data-end=\"628\">La temporada 2026 de la\u00a0<strong><a class=\"agrupador\" href=\"https:\/\/www.0221.com.ar\/tag\/formula-1\" rel=\"9797\">F\u00f3rmula 1<\/a><\/strong>\u00a0comenz\u00f3 en\u00a0<strong>Melbourne\u00a0<\/strong>con victoria de\u00a0<strong>George Russell\u00a0<\/strong>para\u00a0<strong>Mercedes\u00a0<\/strong>en el\u00a0<strong>Gran Premio de Australia<\/strong>.\u00a0<strong><a class=\"agrupador\" href=\"https:\/\/www.0221.com.ar\/\/franco-colapinto-a18347\" rel=\"18347\">Franco Colapinto<\/a><\/strong>\u00a0sufri\u00f3 una penalizaci\u00f3n por un error de su equipo, pero logr\u00f3 recuperarse en carrera y finaliz\u00f3 en el puesto 14 tras una larga tanda con los mismos neum\u00e1ticos.<\/p>\n<\/article>\n<div>\n<div id=\"Inline\"><\/div>\n<\/div>\n<article class=\"article-body article-body--second-paragraph\">\n<p data-start=\"630\" data-end=\"886\">Russell lider\u00f3 el 1-2 del equipo alem\u00e1n junto a su compa\u00f1ero\u00a0<strong>Kimi Antonelli<\/strong>. El joven piloto italiano logr\u00f3 una destacada recuperaci\u00f3n luego del accidente sufrido el viernes y termin\u00f3 en el segundo lugar. Detr\u00e1s de los Mercedes apareci\u00f3\u00a0<strong>Ferrari<\/strong>, con\u00a0<strong>Charles Leclerc\u00a0<\/strong>en el tercer puesto y\u00a0<strong>Lewis Hamilton\u00a0<\/strong>en la cuarta posici\u00f3n.<\/p>\n<\/article>\n<section class=\"may-also-be-of-interest-to-you-news news_background\">\n<header class=\"standard-header\"><\/header>\n<div class=\"may-also-be-of-interest-to-you-news__news-wrapper\">\n<article class=\"news-article__article-wrapper\">\n<figure class=\"news-article__figure figure\"><\/figure>\n<div class=\"news-article__info-wrapper\">\n<div class=\"news-article__title-wrapper\">\n<h2 class=\"news-article__title news-article--truncate-lines-4\"><\/h2>\n<\/div>\n<\/div>\n<\/article>\n<article class=\"news-article__article-wrapper\">\n<div class=\"news-article__info-wrapper\">\n<div class=\"news-article__title-wrapper\">\n<h2 class=\"news-article__title news-article--truncate-lines-4\">Colapinto se mostr\u00f3 disconforme por la clasificaci\u00f3n en Australia y reconoci\u00f3 problemas<\/h2>\n<\/div>\n<\/div>\n<\/article>\n<\/div>\n<\/section>\n<article class=\"article-body article-body--third-paragraph\">\n<h2>La carrera de Franco Colapinto y el punto para\u00a0<a class=\"agrupador\" href=\"https:\/\/www.0221.com.ar\/alpine-a34489\" rel=\"34489\">Alpine<\/a><\/h2>\n<p data-start=\"1190\" data-end=\"1434\">Colapinto tuvo un arranque complicado por un error de su equipo que lo oblig\u00f3 a cumplir una penalizaci\u00f3n en las primeras vueltas de la carrera. A pesar de esa dificultad inicial, el piloto argentino logr\u00f3 recuperarse con un ritmo s\u00f3lido.<\/p>\n<\/article>\n<article class=\"article-body article-body--fourth-paragraph\">\n<figure id=\"543478-Libre-159153538_wrap\" class=\"embed_cont type_imagen\" contenteditable=\"false\">\n<div id=\"543478-Libre-159153538_content\" class=\"embed_content\"><img decoding=\"async\" id=\"543478-Libre-159153538_embed\" title=\"Franco Colapinto termin\u00f3 14\u00b0 tras una penalizaci\u00f3n y Gasly sum\u00f3 un punto para Alpine\" src=\"https:\/\/media.0221.com.ar\/p\/0c576b44903d7b54e83565cea501f8ed\/adjuntos\/357\/imagenes\/100\/269\/0100269513\/1400x0\/smart\/franco-colapinto-alpine.avif\" alt=\"Franco Colapinto termin\u00f3 14\u00b0 tras una penalizaci\u00f3n y Gasly sum\u00f3 un punto para Alpine\" width=\"1400\" height=\"undefined\" data-td-src-property=\"https:\/\/media.0221.com.ar\/p\/0c576b44903d7b54e83565cea501f8ed\/adjuntos\/357\/imagenes\/100\/269\/0100269513\/1400x0\/smart\/franco-colapinto-alpine.avif\" \/><\/div><figcaption class=\"embed_wrapper-cont\">\n<div id=\"543478-Libre-159153538_epigrafe\" class=\"embed_epigrafe\">\n<p>Franco Colapinto termin\u00f3 14\u00b0 tras una penalizaci\u00f3n y Gasly sum\u00f3 un punto para Alpine<\/p>\n<\/div>\n<div id=\"543478-Libre-159153538_copyright\" class=\"embed_copyright\"><\/div>\n<\/figcaption><\/figure>\n<p data-start=\"1436\" data-end=\"1647\">Durante m\u00e1s de 40 vueltas gir\u00f3 con el mismo juego de neum\u00e1ticos y logr\u00f3 sostener un buen rendimiento en pista. En el tramo final, adem\u00e1s, resisti\u00f3 la presi\u00f3n de\u00a0<strong>Carlos Sainz\u00a0<\/strong>y termin\u00f3 la carrera en el puesto 14.<\/p>\n<\/article>\n<div class=\"banner banner--align-center banner--no-background\">\n<div class=\"banner__content-wrapper\">\n<div id=\"InRead\"><\/div>\n<\/div>\n<\/div>\n<article class=\"article-body article-body--fifth-paragraph\">\n<p data-start=\"1649\" data-end=\"1802\">En Alpine, el equipo pudo sumar un punto gracias al d\u00e9cimo puesto de\u00a0<strong>Pierre Gasly<\/strong>, quien logr\u00f3 meterse en la zona de puntos en el estreno del campeonato.<\/p>\n<\/article>\n<article class=\"article-body article-body--sixth-paragraph\">\n<h2>La remontada de Verstappen y lo que viene en la F1<\/h2>\n<p data-start=\"1860\" data-end=\"2058\">Otro de los desempe\u00f1os destacados del Gran Premio de Australia fue el de\u00a0<strong>Max Verstappen<\/strong>. El neerland\u00e9s larg\u00f3 desde el puesto 20 y protagoniz\u00f3 una gran remontada hasta finalizar en la sexta posici\u00f3n.<\/p>\n<figure id=\"543477-Libre-723261341_wrap\" class=\"embed_cont type_imagen\" contenteditable=\"false\">\n<div id=\"543477-Libre-723261341_content\" class=\"embed_content\"><img decoding=\"async\" id=\"543477-Libre-723261341_embed\" title=\"Russell se qued\u00f3 con la primera victoria de la F1\" src=\"https:\/\/media.0221.com.ar\/p\/b22559fba93a0dc076051d04a03542cc\/adjuntos\/357\/imagenes\/100\/269\/0100269512\/1400x0\/smart\/formula-1-2026.avif\" alt=\"Russell se qued\u00f3 con la primera victoria de la F1\" width=\"1400\" height=\"undefined\" data-td-src-property=\"https:\/\/media.0221.com.ar\/p\/b22559fba93a0dc076051d04a03542cc\/adjuntos\/357\/imagenes\/100\/269\/0100269512\/1400x0\/smart\/formula-1-2026.avif\" \/><\/div><figcaption class=\"embed_wrapper-cont\">\n<div id=\"543477-Libre-723261341_epigrafe\" class=\"embed_epigrafe\">\n<p>Russell se qued\u00f3 con la primera victoria de la F1<\/p>\n<\/div>\n<div id=\"543477-Libre-723261341_copyright\" class=\"embed_copyright\"><\/div>\n<\/figcaption><\/figure>\n<p data-start=\"2060\" data-end=\"2200\">En las vueltas finales incluso pele\u00f3 por el quinto lugar con\u00a0<strong>Lando<\/strong>\u00a0<strong>Norris<\/strong>, en una de las batallas m\u00e1s atractivas de la carrera en Melbourne.<\/p>\n<p data-start=\"2202\" data-end=\"2384\" data-is-last-node=\"\" data-is-only-node=\"\">La F\u00f3rmula 1 tendr\u00e1 continuidad el pr\u00f3ximo fin de semana con el segundo cap\u00edtulo del campeonato. La categor\u00eda viajar\u00e1 a\u00a0<strong>China\u00a0<\/strong>para disputar el Gran Premio en el circuito de\u00a0<strong>Shanghai<\/strong>.<\/p>\n<p data-start=\"2202\" data-end=\"2384\" data-is-last-node=\"\" data-is-only-node=\"\"><img loading=\"lazy\" decoding=\"async\" class=\"alignnone size-medium wp-image-33504\" src=\"https:\/\/www.sportchaco.com.ar\/wp-content\/uploads\/2026\/03\/MERCADO-LIBRE_200x200-05-300x300.gif\" alt=\"\" width=\"300\" height=\"300\" srcset=\"https:\/\/www.sportchaco.com.ar\/wp-content\/uploads\/2026\/03\/MERCADO-LIBRE_200x200-05-300x300.gif 300w, https:\/\/www.sportchaco.com.ar\/wp-content\/uploads\/2026\/03\/MERCADO-LIBRE_200x200-05-150x150.gif 150w\" sizes=\"auto, (max-width: 300px) 100vw, 300px\" \/> <img loading=\"lazy\" decoding=\"async\" class=\"alignnone size-medium wp-image-33498\" src=\"https:\/\/www.sportchaco.com.ar\/wp-content\/uploads\/2026\/03\/Agua-Segura_200x200-05-300x300.gif\" alt=\"\" width=\"300\" height=\"300\" srcset=\"https:\/\/www.sportchaco.com.ar\/wp-content\/uploads\/2026\/03\/Agua-Segura_200x200-05-300x300.gif 300w, https:\/\/www.sportchaco.com.ar\/wp-content\/uploads\/2026\/03\/Agua-Segura_200x200-05-150x150.gif 150w\" sizes=\"auto, (max-width: 300px) 100vw, 300px\" \/><\/p>\n<p><iframe loading=\"lazy\" title=\"RUSSELL GAN\u00d3 DE PUNTA A PUNTA Y MERCEDES SONRI\u00d3 EN AUSTRALIA | FRANCO TERMIN\u00d3 14\u00b0 | F\u00f3rmula 1\" width=\"500\" height=\"281\" src=\"https:\/\/www.youtube.com\/embed\/zBiJpwTHWK8?feature=oembed\" frameborder=\"0\" allow=\"accelerometer; autoplay; clipboard-write; encrypted-media; gyroscope; picture-in-picture; web-share\" referrerpolicy=\"strict-origin-when-cross-origin\" allowfullscreen><\/iframe><\/p>\n<\/article>\n<div class=\"banner banner--horizontal-wrap d-flex flex-wrap justify-content-start banner--no-background\">\n<div class=\"banner__content-wrapper mx-auto text-center mb-5\">\n<div id=\"MediumRectangle_4\"><\/div>\n<\/div>\n<\/div>\n<\/div>\n<\/div>\n","protected":false},"excerpt":{"rendered":"<p>El brit\u00e1nico Russell gana el\u00a0GP de Australia\u00a0en un golpe de mano de Mercedes.\u00a0El brit\u00e1nico George Russell venci\u00f3 este domingo en el Gran Premio de Australia, la carrera inaugural de la temporada de F\u00f3rmula 1, en un doblete del equipo Mercedes, que coloc\u00f3 en segundo lugar al italiano Kimi Antonelli. &nbsp; Franco Colapinto termin\u00f3 14\u00b0 y &hellip;<\/p>\n","protected":false},"author":2,"featured_media":33674,"comment_status":"open","ping_status":"open","sticky":false,"template":"","format":"standard","meta":{"footnotes":""},"categories":[2],"tags":[],"class_list":["post-33673","post","type-post","status-publish","format-standard","has-post-thumbnail","hentry","category-automovilismo"],"_links":{"self":[{"href":"https:\/\/www.sportchaco.com.ar\/index.php?rest_route=\/wp\/v2\/posts\/33673","targetHints":{"allow":["GET"]}}],"collection":[{"href":"https:\/\/www.sportchaco.com.ar\/index.php?rest_route=\/wp\/v2\/posts"}],"about":[{"href":"https:\/\/www.sportchaco.com.ar\/index.php?rest_route=\/wp\/v2\/types\/post"}],"author":[{"embeddable":true,"href":"https:\/\/www.sportchaco.com.ar\/index.php?rest_route=\/wp\/v2\/users\/2"}],"replies":[{"embeddable":true,"href":"https:\/\/www.sportchaco.com.ar\/index.php?rest_route=%2Fwp%2Fv2%2Fcomments&post=33673"}],"version-history":[{"count":2,"href":"https:\/\/www.sportchaco.com.ar\/index.php?rest_route=\/wp\/v2\/posts\/33673\/revisions"}],"predecessor-version":[{"id":33677,"href":"https:\/\/www.sportchaco.com.ar\/index.php?rest_route=\/wp\/v2\/posts\/33673\/revisions\/33677"}],"wp:featuredmedia":[{"embeddable":true,"href":"https:\/\/www.sportchaco.com.ar\/index.php?rest_route=\/wp\/v2\/media\/33674"}],"wp:attachment":[{"href":"https:\/\/www.sportchaco.com.ar\/index.php?rest_route=%2Fwp%2Fv2%2Fmedia&parent=33673"}],"wp:term":[{"taxonomy":"category","embeddable":true,"href":"https:\/\/www.sportchaco.com.ar\/index.php?rest_route=%2Fwp%2Fv2%2Fcategories&post=33673"},{"taxonomy":"post_tag","embeddable":true,"href":"https:\/\/www.sportchaco.com.ar\/index.php?rest_route=%2Fwp%2Fv2%2Ftags&post=33673"}],"curies":[{"name":"wp","href":"https:\/\/api.w.org\/{rel}","templated":true}]}}