{"id":3369,"date":"2023-12-02T20:45:48","date_gmt":"2023-12-02T23:45:48","guid":{"rendered":"https:\/\/www.sportchaco.com.ar\/?p=3369"},"modified":"2023-12-02T20:45:48","modified_gmt":"2023-12-02T23:45:48","slug":"deportivo-riestra-llego-por-primera-vez-a-la-primera-division","status":"publish","type":"post","link":"https:\/\/www.sportchaco.com.ar\/?p=3369","title":{"rendered":"Deportivo Riestra lleg\u00f3 por primera vez a la Primera Divisi\u00f3n"},"content":{"rendered":"<p>El delantero Gustavo Fern\u00e1ndez, de cabeza a los 15 minutos del segundo tiempo, marc\u00f3 el gol de la consagraci\u00f3n en el estadio de Instituto de C\u00f3rdoba, escenario neutral de la definici\u00f3n.<\/p>\n<p>Riestra, un peque\u00f1o club fundado en el barrio de Pompeya hace 92 a\u00f1os, jugar\u00e1 la pr\u00f3xima temporada en la Liga Profesional (LPF), en lo que ser\u00e1 su primera experiencia en la elite del f\u00fatbol argentino.<\/p>\n<p>En toda su historia, los \u00abMalevos\u00bb militaron 26 temporadas en la Primera D, 43 en la Primera C, 4 en la Primera B y apenas cinco en la Primera Nacional, en la que debutaron en la campa\u00f1a 2017\/2018.<\/p>\n<p>&nbsp;<\/p>\n<p>El equipo de Mat\u00edas M\u00f3dolo ingres\u00f3 al Reducido en la \u00faltima fecha de la fase regular de la Primera Nacional, como s\u00e9ptimo clasificado de la Zona B. En los cruces \u00abmata-mata\u00bb, Riestra baj\u00f3 a todos los favoritos: San Mart\u00edn de Tucum\u00e1n, Quilmes, Almirante Brown -finalista por el primer ascenso- y Maip\u00fa, que fue tercero en su mismo grupo.<\/p>\n<p>&nbsp;<\/p>\n<h2>S\u00edntesis<\/h2>\n<p><strong>Deportivo Maip\u00fa:<\/strong> Juan Pablo Cozzani; Santiago Moyano, Felipe Coronel, Imanol Gonz\u00e1lez y Guillermo Ferracuti; Agust\u00edn Manzur y Fausto Montero; Santiago Gonz\u00e1lez, Rubens Sambueza, Luciano Herrera; Ezequiel Almir\u00f3n. <strong>DT:<\/strong> Luis Garc\u00eda.<\/p>\n<p><strong>Deportivo Riestra:<\/strong> Ignacio Arce; Jonathan Goit\u00eda, Eric Tovo, Nahuel Iribarren, Jonathan Goya y Nicol\u00e1s Dematei; Ferm\u00edn Antonini y Milton C\u00e9liz; L\u00e1zaro Romero, Walter Acu\u00f1a y Gustavo Fern\u00e1ndez. <strong>DT:<\/strong> Matias M\u00f3dolo.<\/p>\n<p><strong>Gol en el segundo tiempo:<\/strong> 15m. Fern\u00e1ndez (DR).<\/p>\n<p><strong>Cambios en el segundo tiempo:<\/strong> 20m. Marcelo Eggel por Montero y Emiliano Ozuna por Ferracutti (DM); 26m. Leonardo Landriel por Acu\u00f1a y Tom\u00e1s Villoldo por Goya (DR); 31m. Gonzalo Klusener por Almir\u00f3n y Luciano Paredes por Moyano (DM); 32m. Marcelo Larrondo por Coronel (DM); 37m. Ram\u00f3n Gonz\u00e1lez por Romero y Diego Magallanes por Goit\u00eda (DR) y 42m. Emilio MacEachen por Dematei (DR).<\/p>\n<p><strong>Amonestados:<\/strong> Sambueza, Herrera, Eggel y Larrondo (DM); Fern\u00e1ndez, Romero, Arce, Dematei y Antonini (DR).<\/p>\n<p><strong>\u00c1rbitro:<\/strong> Dar\u00edo Herrera.<\/p>\n<p><strong>Estadio:<\/strong> Instituto de C\u00f3rdoba.<\/p>\n","protected":false},"excerpt":{"rendered":"<p>El delantero Gustavo Fern\u00e1ndez, de cabeza a los 15 minutos del segundo tiempo, marc\u00f3 el gol de la consagraci\u00f3n en el estadio de Instituto de C\u00f3rdoba, escenario neutral de la definici\u00f3n. Riestra, un peque\u00f1o club fundado en el barrio de Pompeya hace 92 a\u00f1os, jugar\u00e1 la pr\u00f3xima temporada en la Liga Profesional (LPF), en lo &hellip;<\/p>\n","protected":false},"author":3,"featured_media":3370,"comment_status":"open","ping_status":"open","sticky":false,"template":"","format":"standard","meta":{"footnotes":""},"categories":[5,47],"tags":[],"class_list":["post-3369","post","type-post","status-publish","format-standard","has-post-thumbnail","hentry","category-futbol","category-nacionales"],"_links":{"self":[{"href":"https:\/\/www.sportchaco.com.ar\/index.php?rest_route=\/wp\/v2\/posts\/3369","targetHints":{"allow":["GET"]}}],"collection":[{"href":"https:\/\/www.sportchaco.com.ar\/index.php?rest_route=\/wp\/v2\/posts"}],"about":[{"href":"https:\/\/www.sportchaco.com.ar\/index.php?rest_route=\/wp\/v2\/types\/post"}],"author":[{"embeddable":true,"href":"https:\/\/www.sportchaco.com.ar\/index.php?rest_route=\/wp\/v2\/users\/3"}],"replies":[{"embeddable":true,"href":"https:\/\/www.sportchaco.com.ar\/index.php?rest_route=%2Fwp%2Fv2%2Fcomments&post=3369"}],"version-history":[{"count":1,"href":"https:\/\/www.sportchaco.com.ar\/index.php?rest_route=\/wp\/v2\/posts\/3369\/revisions"}],"predecessor-version":[{"id":3371,"href":"https:\/\/www.sportchaco.com.ar\/index.php?rest_route=\/wp\/v2\/posts\/3369\/revisions\/3371"}],"wp:featuredmedia":[{"embeddable":true,"href":"https:\/\/www.sportchaco.com.ar\/index.php?rest_route=\/wp\/v2\/media\/3370"}],"wp:attachment":[{"href":"https:\/\/www.sportchaco.com.ar\/index.php?rest_route=%2Fwp%2Fv2%2Fmedia&parent=3369"}],"wp:term":[{"taxonomy":"category","embeddable":true,"href":"https:\/\/www.sportchaco.com.ar\/index.php?rest_route=%2Fwp%2Fv2%2Fcategories&post=3369"},{"taxonomy":"post_tag","embeddable":true,"href":"https:\/\/www.sportchaco.com.ar\/index.php?rest_route=%2Fwp%2Fv2%2Ftags&post=3369"}],"curies":[{"name":"wp","href":"https:\/\/api.w.org\/{rel}","templated":true}]}}