{"id":33691,"date":"2026-03-08T22:19:01","date_gmt":"2026-03-09T01:19:01","guid":{"rendered":"https:\/\/www.sportchaco.com.ar\/?p=33691"},"modified":"2026-03-08T22:20:10","modified_gmt":"2026-03-09T01:20:10","slug":"efemerides-del-9-de-marzo-3","status":"publish","type":"post","link":"https:\/\/www.sportchaco.com.ar\/?p=33691","title":{"rendered":"Efem\u00e9rides del 9 de marzo"},"content":{"rendered":"<div class=\"container fullwidth-entry-title-wrapper\">\n<div class=\"container-wrapper fullwidth-entry-title\">\n<header class=\"entry-header-outer\">\n<div class=\"entry-header\">\n<h1 class=\"post-title entry-title\"><\/h1>\n<div class=\"single-post-meta post-meta clearfix\"><\/div>\n<\/div>\n<\/header>\n<\/div>\n<\/div>\n<div id=\"content\" class=\"site-content container\">\n<div id=\"main-content-row\" class=\"tie-row main-content-row\">\n<div class=\"main-content tie-col-md-8 tie-col-xs-12\" role=\"main\">\n<article id=\"the-post\" class=\"container-wrapper post-content tie-standard\">\n<div class=\"featured-area\">\n<div class=\"featured-area-inner\">\n<figure class=\"single-featured-image\"><\/figure>\n<\/div>\n<\/div>\n<div class=\"entry-content entry clearfix\">\n<div class=\"container fullwidth-entry-title-wrapper\">\n<div class=\"container-wrapper fullwidth-entry-title\">\n<header class=\"entry-header-outer\">\n<div class=\"entry-header\">\n<h1 class=\"post-title entry-title\"><\/h1>\n<h4 class=\"single-post-meta post-meta clearfix\"><\/h4>\n<\/div>\n<\/header>\n<\/div>\n<\/div>\n<div id=\"content\" class=\"site-content container\">\n<div id=\"main-content-row\" class=\"tie-row main-content-row\">\n<div class=\"main-content tie-col-md-8 tie-col-xs-12\" role=\"main\">\n<article id=\"the-post\" class=\"container-wrapper post-content tie-standard\">\n<h5 class=\"share-links icons-text share-pill\"><\/h5>\n<div class=\"entry-content entry clearfix\">\n<h5><strong>Esta es la Efem\u00e9rides del Deporte en el Chaco de un 9 de marzo del periodista Luis Dar\u00edo Molodezky.<\/strong><\/h5>\n<p><strong><img loading=\"lazy\" decoding=\"async\" class=\"size-medium wp-image-6636 aligncenter\" src=\"https:\/\/www.sportchaco.com.ar\/wp-content\/uploads\/2024\/03\/Luis-Molodezky-210x300.jpg\" sizes=\"auto, (max-width: 210px) 100vw, 210px\" srcset=\"https:\/\/www.sportchaco.com.ar\/wp-content\/uploads\/2024\/03\/Luis-Molodezky-210x300.jpg 210w, https:\/\/www.sportchaco.com.ar\/wp-content\/uploads\/2024\/03\/Luis-Molodezky.jpg 275w\" alt=\"\" width=\"210\" height=\"300\" \/><\/strong><\/p>\n<p><strong>1929 \/\u00a0<\/strong>Nace En Fray Bentos, Uruguay, el destacado dirigente Eduardo Antonio Siri. Cuando ten\u00eda tres a\u00f1os su familia se radic\u00f3 en Entre R\u00edos, viviendo en Villaguay y La Paz. Hizo la carrera de derecho en la Universidad del Litoral de Santa Fe.\u00a0 Lleg\u00f3 al Chaco pujante en la d\u00e9cada del \u201950 y se incorpor\u00f3 a Villa San Mart\u00edn como colaborador primero y dirigente despu\u00e9s. En el 59\u2019 ya era presidente de la Federaci\u00f3n Chaque\u00f1a, y presidi\u00f3 la delegaci\u00f3n en el hist\u00f3rico Argentino de Mendoza 1963 y fue titular en el realizado en el Chaco en 1973. Fallecio el 14 de julio del 2022.<\/p>\n<p><strong>1954\u00a0<\/strong>\/ Emprende viaje a San Juan la delegaci\u00f3n femenina de la provincia Presidente Per\u00f3n para intervenir en el Campeonato Nacional de B\u00e1squetbol.<\/p>\n<p><strong>1975 \/<\/strong>\u00a0Se presenta en Resistencia Oscar \u201cRingo\u201d Bonavena\u201d, realizando una exhibici\u00f3n en el club Villa San Mart\u00edn, enfrentando a Ra\u00fal \u201c Paponi\u201d Aguirre, en un espect\u00e1culo que qued\u00f3 en el recuerdo de los aficionados de la \u00e9poca. Ringo falleci\u00f3 asesinado un a\u00f1o despu\u00e9s, el 22 de mayo de 1976 en Reno, Nevada, con solo 33 a\u00f1os. Paponi falleci\u00f3 el 6 de febrero de 2019 a los 68 a\u00f1os.<\/p>\n<p><strong>1980\u00a0<\/strong>\/ V\u00e9lez Sarsfield de Tres Isletas inaugura un moderno sistema lum\u00ednico en su cancha de f\u00fatbol, que adem\u00e1s servir\u00e1 para la concreci\u00f3n de espect\u00e1culos culturales.<\/p>\n<p><strong>1980\u00a0<\/strong>\/ La Asociaci\u00f3n de Bochas del Noroeste, se impone en el torneo provincial por tercetos, disputado en Resistencia. El campe\u00f3n estuvo integrado por Demetrio Becerro y Celestino Orellana de Club Atl\u00e9tico Corzuela, Drago Grbavac y Yamil Al\u00ed del Club Social de Las Bre\u00f1as. DT: Ra\u00fal Pereyra del Bochin de Las Bre\u00f1as.<\/p>\n<p><strong>2001\u00a0<\/strong>\/ Fallece en Villa \u00c1ngela, Domingo Escribanich\u00a0<em>Cherro,\u00a0<\/em>un grande del boxeo amateur de esa ciudad. Se distingui\u00f3 por su guapeza y su constancia de ir siempre para adelante; del ring se lo bajaba de dos maneras: ganador o vencido, pero jam\u00e1s por abandono, no conceb\u00eda esta condici\u00f3n. Fue \u00e1rbitro y tambi\u00e9n entrenador.<\/p>\n<p><strong>2006\u00a0<\/strong>\/ Chaco fue la revelaci\u00f3n en el 95\u00ba Argentino de Ciclismo de Ruta en Paran\u00e1, Entre R\u00edos, obteniendo el primer lugar en el medallero. Oro para D\u00e9bora Coronel en la categor\u00eda 1993 damas menores, en la especialidad pelot\u00f3n en 20 kil\u00f3metros; Talia Ayel\u00e9n Aguirre categor\u00eda 1991, damas menores, modalidad pelot\u00f3n con un recorrido de 30 kil\u00f3metros; Elbio Leonel Gassmann, categor\u00eda 1990, especialidad 8 kil\u00f3metros contrarreloj.<\/p>\n<p><strong>2008\u00a0<\/strong>\/ Jorge Rub\u00e9n Rocha, representante del Club Paikyn, se consagra campe\u00f3n provincial individual de Bochas, en el torneo fiscalizado por la Federaci\u00f3n de Chaco, disputado en Quitilipi. En Tr\u00edos el ganador es Asociaci\u00f3n Italiana de Charata (Oscar Fabro, Marcelo Rucaro y Javier Sukle).<\/p>\n<\/div>\n<p><strong>Foto de Eduardo Siri con Luis Dar\u00edo Molodezky<\/strong><\/p>\n<\/article>\n<p><img loading=\"lazy\" decoding=\"async\" class=\"alignnone size-medium wp-image-33502\" src=\"https:\/\/www.sportchaco.com.ar\/wp-content\/uploads\/2026\/03\/Ahorros-de-Verano-BANNERS-WEB_200x200-04-300x300.gif\" alt=\"\" width=\"300\" height=\"300\" srcset=\"https:\/\/www.sportchaco.com.ar\/wp-content\/uploads\/2026\/03\/Ahorros-de-Verano-BANNERS-WEB_200x200-04-300x300.gif 300w, https:\/\/www.sportchaco.com.ar\/wp-content\/uploads\/2026\/03\/Ahorros-de-Verano-BANNERS-WEB_200x200-04-150x150.gif 150w\" sizes=\"auto, (max-width: 300px) 100vw, 300px\" \/> <img loading=\"lazy\" decoding=\"async\" class=\"alignnone size-medium wp-image-33503\" src=\"https:\/\/www.sportchaco.com.ar\/wp-content\/uploads\/2026\/03\/BANNER-WEB-MOSQUITOS-SALUD_300x600-17-150x300.gif\" alt=\"\" width=\"150\" height=\"300\" \/><\/p>\n<p><img loading=\"lazy\" decoding=\"async\" class=\"attachment-jannah-image-post size-jannah-image-post wp-post-image\" src=\"https:\/\/www.sportchaco.com.ar\/wp-content\/uploads\/2025\/03\/Siri-E-con-Molodezky-1-e1741447390458.jpeg\" sizes=\"auto, (max-width: 600px) 100vw, 600px\" srcset=\"https:\/\/www.sportchaco.com.ar\/wp-content\/uploads\/2025\/03\/Siri-E-con-Molodezky-1-e1741447390458.jpeg 600w, https:\/\/www.sportchaco.com.ar\/wp-content\/uploads\/2025\/03\/Siri-E-con-Molodezky-1-e1741447390458-300x198.jpeg 300w\" alt=\"\" width=\"600\" height=\"395\" data-main-img=\"1\" \/><\/p>\n<\/div>\n<\/div>\n<\/div>\n<\/div>\n<\/article>\n<\/div>\n<\/div>\n<\/div>\n","protected":false},"excerpt":{"rendered":"<p>Esta es la Efem\u00e9rides del Deporte en el Chaco de un 9 de marzo del periodista Luis Dar\u00edo Molodezky. 1929 \/\u00a0Nace En Fray Bentos, Uruguay, el destacado dirigente Eduardo Antonio Siri. Cuando ten\u00eda tres a\u00f1os su familia se radic\u00f3 en Entre R\u00edos, viviendo en Villaguay y La Paz. Hizo la carrera de derecho en la &hellip;<\/p>\n","protected":false},"author":2,"featured_media":33692,"comment_status":"open","ping_status":"open","sticky":false,"template":"","format":"standard","meta":{"footnotes":""},"categories":[45,33],"tags":[],"class_list":["post-33691","post","type-post","status-publish","format-standard","has-post-thumbnail","hentry","category-efemerides-dia-por-dia","category-marzo"],"_links":{"self":[{"href":"https:\/\/www.sportchaco.com.ar\/index.php?rest_route=\/wp\/v2\/posts\/33691","targetHints":{"allow":["GET"]}}],"collection":[{"href":"https:\/\/www.sportchaco.com.ar\/index.php?rest_route=\/wp\/v2\/posts"}],"about":[{"href":"https:\/\/www.sportchaco.com.ar\/index.php?rest_route=\/wp\/v2\/types\/post"}],"author":[{"embeddable":true,"href":"https:\/\/www.sportchaco.com.ar\/index.php?rest_route=\/wp\/v2\/users\/2"}],"replies":[{"embeddable":true,"href":"https:\/\/www.sportchaco.com.ar\/index.php?rest_route=%2Fwp%2Fv2%2Fcomments&post=33691"}],"version-history":[{"count":2,"href":"https:\/\/www.sportchaco.com.ar\/index.php?rest_route=\/wp\/v2\/posts\/33691\/revisions"}],"predecessor-version":[{"id":33694,"href":"https:\/\/www.sportchaco.com.ar\/index.php?rest_route=\/wp\/v2\/posts\/33691\/revisions\/33694"}],"wp:featuredmedia":[{"embeddable":true,"href":"https:\/\/www.sportchaco.com.ar\/index.php?rest_route=\/wp\/v2\/media\/33692"}],"wp:attachment":[{"href":"https:\/\/www.sportchaco.com.ar\/index.php?rest_route=%2Fwp%2Fv2%2Fmedia&parent=33691"}],"wp:term":[{"taxonomy":"category","embeddable":true,"href":"https:\/\/www.sportchaco.com.ar\/index.php?rest_route=%2Fwp%2Fv2%2Fcategories&post=33691"},{"taxonomy":"post_tag","embeddable":true,"href":"https:\/\/www.sportchaco.com.ar\/index.php?rest_route=%2Fwp%2Fv2%2Ftags&post=33691"}],"curies":[{"name":"wp","href":"https:\/\/api.w.org\/{rel}","templated":true}]}}