{"id":33720,"date":"2026-03-09T19:31:34","date_gmt":"2026-03-09T22:31:34","guid":{"rendered":"https:\/\/www.sportchaco.com.ar\/?p=33720"},"modified":"2026-03-09T19:34:18","modified_gmt":"2026-03-09T22:34:18","slug":"alvear-y-defensores-se-ponen-al-dia","status":"publish","type":"post","link":"https:\/\/www.sportchaco.com.ar\/?p=33720","title":{"rendered":"Alvear y Defensores se ponen al d\u00eda"},"content":{"rendered":"<p><strong>09-03-2026<\/strong><\/p>\n<p><img loading=\"lazy\" decoding=\"async\" class=\"aligncenter size-full wp-image-33500\" src=\"https:\/\/www.sportchaco.com.ar\/wp-content\/uploads\/2026\/03\/Agua-Segura_940x90-33.gif\" alt=\"\" width=\"937\" height=\"90\" \/><\/p>\n<p>Este martes jugar\u00e1n Villa Alvear y Defensores por su partido pendiente de la 1\u00aa fecha de la zona \u00abB\u00bb del Apertura y se pondr\u00e1n al d\u00eda. El mismo ir\u00e1 a puertas cerradas en el \u00abEleuterio &#8216;Coco&#8217; Luca\u00bb desde las 17 horas.<\/p>\n<p>Este encuentro se hab\u00eda suspendido el fin de semana de inicio del torneo por pedido del equipo de Vilelas que ven\u00eda de conseguir el ascenso al Federal \u00abA\u00bb.<\/p>\n<p>Luego, el campeonato de Primera Divisi\u00f3n continuar\u00e1 el s\u00e1bado y domingo con el desarrollo de la segunda fecha, la cual hab\u00eda sido pospuesta por el paro de AFA del \u00faltimo fin de semana.<\/p>\n<p><strong>TORNEO APERTURA \u00abHUGO SAUCEDO\u00bb<\/strong><br \/>\n<b>2\u00aa FECHA<br \/>\nZONA \u201cA\u201d<\/b><br \/>\n<b>S\u00e1bado 14-03<\/b><br \/>\nA las 17, Sarmiento \u2013 Estudiantes<br \/>\nA las 17, CUNE \u2013 Dep. Luj\u00e1n, en C. E. de Comercio<br \/>\nA las 17, Parque Patricios \u2013 Rcia. Central, en Chaco Hebr\u00f3n<br \/>\nA las 18, Don Orione \u2013 Indep. Tirol<\/p>\n<p><strong>Domingo 15-03<\/strong><br \/>\nA las 18, Central Ben\u00edtez \u2013 San Mart\u00edn<br \/>\n<strong>Libre:<\/strong>\u00a0Policiales<\/p>\n<p><b>ZONA \u201cB\u201d<br \/>\n<\/b><b>Martes 10-03<br \/>\n<\/b>A las 17, Villa Alvear \u2013 Defensores\u00a0<em>(1\u00aa fecha)<\/em><\/p>\n<p><b>S\u00e1bado 14-03<\/b><br \/>\nA las 17, Juventud \u2013 Bancarios<br \/>\nA las 17, Dep. Itat\u00ed \u2013 For Ever, en Estudiantes<br \/>\nA las 17:30, Defensores \u2013 Fontana<\/p>\n<p><strong>Domingo 15-03<\/strong><br \/>\nA las 17, Regional \u2013 Villa Alvear<br \/>\nA las 20:30, Central Norte \u2013 Dep. G\u00fciraldes<br \/>\n<strong>Libre:<\/strong>\u00a0C. E. de Comercio<\/p>\n<p><strong>POSICIONES<\/strong><br \/>\n<strong>ZONA \u00abA\u00bb<\/strong><br \/>\nSan Mart\u00edn (MB) 3<br \/>\nDep. Luj\u00e1n 3<br \/>\nEstudiantes 3<br \/>\nDon Orione 3<br \/>\nCentral Ben\u00edtez 1<br \/>\nIndepte. Tirol 1<br \/>\nRcia. Central 0<br \/>\nParque Patricios 0<br \/>\nPoliciales 0<br \/>\nCUNE 0<br \/>\nSarmiento \u2013<\/p>\n<p><strong>ZONA \u00abB\u00bb<\/strong><br \/>\nFontana 3<br \/>\nBancarios 1<br \/>\nCentral Norte 1<br \/>\nDep. G\u00fciraldes 1<br \/>\nFor Ever 1<br \/>\nJuventud 1<br \/>\nRegional 1<br \/>\nC. E. de Comercio 0<br \/>\nDefensores \u2013<br \/>\nDep. Itat\u00ed \u2013<br \/>\nVilla Alvear \u2013<\/p>\n<p><img loading=\"lazy\" decoding=\"async\" class=\"aligncenter size-full wp-image-33504\" src=\"https:\/\/www.sportchaco.com.ar\/wp-content\/uploads\/2026\/03\/MERCADO-LIBRE_200x200-05.gif\" alt=\"\" width=\"417\" height=\"417\" \/><\/p>\n","protected":false},"excerpt":{"rendered":"<p>09-03-2026 Este martes jugar\u00e1n Villa Alvear y Defensores por su partido pendiente de la 1\u00aa fecha de la zona \u00abB\u00bb del Apertura y se pondr\u00e1n al d\u00eda. El mismo ir\u00e1 a puertas cerradas en el \u00abEleuterio &#8216;Coco&#8217; Luca\u00bb desde las 17 horas. Este encuentro se hab\u00eda suspendido el fin de semana de inicio del torneo &hellip;<\/p>\n","protected":false},"author":3,"featured_media":33721,"comment_status":"open","ping_status":"open","sticky":false,"template":"","format":"standard","meta":{"footnotes":""},"categories":[5],"tags":[],"class_list":["post-33720","post","type-post","status-publish","format-standard","has-post-thumbnail","hentry","category-futbol"],"_links":{"self":[{"href":"https:\/\/www.sportchaco.com.ar\/index.php?rest_route=\/wp\/v2\/posts\/33720","targetHints":{"allow":["GET"]}}],"collection":[{"href":"https:\/\/www.sportchaco.com.ar\/index.php?rest_route=\/wp\/v2\/posts"}],"about":[{"href":"https:\/\/www.sportchaco.com.ar\/index.php?rest_route=\/wp\/v2\/types\/post"}],"author":[{"embeddable":true,"href":"https:\/\/www.sportchaco.com.ar\/index.php?rest_route=\/wp\/v2\/users\/3"}],"replies":[{"embeddable":true,"href":"https:\/\/www.sportchaco.com.ar\/index.php?rest_route=%2Fwp%2Fv2%2Fcomments&post=33720"}],"version-history":[{"count":2,"href":"https:\/\/www.sportchaco.com.ar\/index.php?rest_route=\/wp\/v2\/posts\/33720\/revisions"}],"predecessor-version":[{"id":33723,"href":"https:\/\/www.sportchaco.com.ar\/index.php?rest_route=\/wp\/v2\/posts\/33720\/revisions\/33723"}],"wp:featuredmedia":[{"embeddable":true,"href":"https:\/\/www.sportchaco.com.ar\/index.php?rest_route=\/wp\/v2\/media\/33721"}],"wp:attachment":[{"href":"https:\/\/www.sportchaco.com.ar\/index.php?rest_route=%2Fwp%2Fv2%2Fmedia&parent=33720"}],"wp:term":[{"taxonomy":"category","embeddable":true,"href":"https:\/\/www.sportchaco.com.ar\/index.php?rest_route=%2Fwp%2Fv2%2Fcategories&post=33720"},{"taxonomy":"post_tag","embeddable":true,"href":"https:\/\/www.sportchaco.com.ar\/index.php?rest_route=%2Fwp%2Fv2%2Ftags&post=33720"}],"curies":[{"name":"wp","href":"https:\/\/api.w.org\/{rel}","templated":true}]}}