{"id":33738,"date":"2026-03-10T23:10:54","date_gmt":"2026-03-11T02:10:54","guid":{"rendered":"https:\/\/www.sportchaco.com.ar\/?p=33738"},"modified":"2026-03-11T11:09:20","modified_gmt":"2026-03-11T14:09:20","slug":"efemerides-del-11-de-marzo-3","status":"publish","type":"post","link":"https:\/\/www.sportchaco.com.ar\/?p=33738","title":{"rendered":"Efem\u00e9rides del 11 de marzo"},"content":{"rendered":"<div class=\"container fullwidth-entry-title-wrapper\">\n<div class=\"container-wrapper fullwidth-entry-title\">\n<header class=\"entry-header-outer\">\n<div class=\"entry-header\">\n<div class=\"single-post-meta post-meta clearfix\"><span class=\"meta-reading-time meta-item\">a<\/span><\/div>\n<\/div>\n<\/header>\n<\/div>\n<\/div>\n<div id=\"content\" class=\"site-content container\">\n<div id=\"main-content-row\" class=\"tie-row main-content-row\">\n<div class=\"main-content tie-col-md-8 tie-col-xs-12\" role=\"main\">\n<article id=\"the-post\" class=\"container-wrapper post-content tie-standard\">\n<div class=\"featured-area\">\n<div class=\"featured-area-inner\"><\/div>\n<\/div>\n<div class=\"entry-content entry clearfix\">\n<p><strong>11-03-2025<\/strong><\/p>\n<p>&nbsp;<\/p>\n<h4><strong>Esta es la Efem\u00e9rides del Deporte en el Chaco de un 11 de marzo del periodista Luis Dar\u00edo Molodezky.<\/strong><\/h4>\n<p>&nbsp;<\/p>\n<p><strong><img loading=\"lazy\" decoding=\"async\" class=\"size-medium wp-image-6636 aligncenter\" src=\"https:\/\/www.sportchaco.com.ar\/wp-content\/uploads\/2024\/03\/Luis-Molodezky-210x300.jpg\" sizes=\"auto, (max-width: 210px) 100vw, 210px\" srcset=\"https:\/\/www.sportchaco.com.ar\/wp-content\/uploads\/2024\/03\/Luis-Molodezky-210x300.jpg 210w, https:\/\/www.sportchaco.com.ar\/wp-content\/uploads\/2024\/03\/Luis-Molodezky.jpg 275w\" alt=\"\" width=\"210\" height=\"300\" \/><\/strong><\/p>\n<p><strong>1920 \/\u00a0<\/strong>Nace en Mercedes, Corrientes, Avelino Fern\u00e1ndez, quien jug\u00f3 al futbol en Estudiantes, \u00e1rbitro, dirigente de Don Orione y de la Liga Chaque\u00f1a de F\u00fatbol. Se radica en Barranqueras en 1936, organizando campeonatos barriales con equipos de Resistencia y Puerto Vilelas. Fue dirigente gremial y estuvo presente en Buenos Aires el 17 de octubre de 1945, y desde entonces su frase de cabecera era \u201ccorrentino, portuario y peronista\u201d que la gritaba con \u00e9nfasis, frase que lo llev\u00f3 a la c\u00e1rcel en la dictadura de Aramburu. En 1953 es elegido diputado provincial en la gobernaci\u00f3n de Felipe Gallardo en representaci\u00f3n gremial. De un f\u00edsico envidiable, ten\u00eda el apelativo de \u201cpatr\u00f3n\u201d. Falleci\u00f3 a los 89 a\u00f1os un 13 de noviembre de 2009.<\/p>\n<p><strong>1950\u00a0<\/strong>\/ El Centro Deportivo Don Bosco, con la presidencia de Jos\u00e9 Baldo, inaugura su primer estadio en la esquina de avenida Paraguay y French (actualmente predio de la Escuela Industrial). Se disputa un torneo de b\u00e1squetbol con la participaci\u00f3n de Atl\u00e9tic, Miguel Can\u00e9, 12 de Octubre, Regional, Juventud, Centenario, Alborada, Villa San Mart\u00edn, Hind\u00fa, Regatas, V\u00e9lez Sarsfield y el conjunto salesiano. \u201cDon Bosco ha dejado de ser el gitano del b\u00e1squet\u201d, dijo su presidente.<\/p>\n<p><strong>1980\u00a0<\/strong>\/ Queda habilitado por la CABB el jugador norteamericano Steve Washington para jugar en Villa San Mart\u00edn, tras pagar el canon de 4.000 d\u00f3lares (6.940.000 pesos).<\/p>\n<p><img loading=\"lazy\" decoding=\"async\" class=\"alignnone size-medium wp-image-33740\" src=\"https:\/\/www.sportchaco.com.ar\/wp-content\/uploads\/2026\/03\/STEVE-con-dirigentes-villa-300x200.jpg\" alt=\"\" width=\"300\" height=\"200\" srcset=\"https:\/\/www.sportchaco.com.ar\/wp-content\/uploads\/2026\/03\/STEVE-con-dirigentes-villa-300x200.jpg 300w, https:\/\/www.sportchaco.com.ar\/wp-content\/uploads\/2026\/03\/STEVE-con-dirigentes-villa.jpg 600w\" sizes=\"auto, (max-width: 300px) 100vw, 300px\" \/><\/p>\n<h5>Foto de Steve Washington reci\u00e9n arribado es presentado por la CD encabezada por Figueroa, Downie y G\u00f3mez.<\/h5>\n<p>&nbsp;<\/p>\n<p><strong>1984 \/<\/strong>\u00a0Hist\u00f3rico empate de Uni\u00f3n de General Pinedo ante San Lorenzo de Almagro por el torneo Nacional 11, partido disputado en e Atlanta. Jorge Rinaldi marc\u00f3 para el azulgrana y Juan Carlo Arguello para los chaque\u00f1os.<\/p>\n<p><em><strong>Foto portada: Juan Carlos Arguello con la camiseta de Uni\u00f3n de Pinedo en 1984<\/strong><\/em><\/p>\n<p>&nbsp;<\/p>\n<p><img loading=\"lazy\" decoding=\"async\" class=\"alignnone size-medium wp-image-33504\" src=\"https:\/\/www.sportchaco.com.ar\/wp-content\/uploads\/2026\/03\/MERCADO-LIBRE_200x200-05-300x300.gif\" alt=\"\" width=\"300\" height=\"300\" srcset=\"https:\/\/www.sportchaco.com.ar\/wp-content\/uploads\/2026\/03\/MERCADO-LIBRE_200x200-05-300x300.gif 300w, https:\/\/www.sportchaco.com.ar\/wp-content\/uploads\/2026\/03\/MERCADO-LIBRE_200x200-05-150x150.gif 150w\" sizes=\"auto, (max-width: 300px) 100vw, 300px\" \/> <img loading=\"lazy\" decoding=\"async\" class=\"alignnone size-medium wp-image-33501\" src=\"https:\/\/www.sportchaco.com.ar\/wp-content\/uploads\/2026\/03\/Ahorros-de-Verano-BANNERS-WEB_120x200-copia-3-180x300.gif\" alt=\"\" width=\"180\" height=\"300\" \/><\/p>\n<h5><\/h5>\n<\/div>\n<\/article>\n<\/div>\n<\/div>\n<\/div>\n","protected":false},"excerpt":{"rendered":"<p>a 11-03-2025 &nbsp; Esta es la Efem\u00e9rides del Deporte en el Chaco de un 11 de marzo del periodista Luis Dar\u00edo Molodezky. &nbsp; 1920 \/\u00a0Nace en Mercedes, Corrientes, Avelino Fern\u00e1ndez, quien jug\u00f3 al futbol en Estudiantes, \u00e1rbitro, dirigente de Don Orione y de la Liga Chaque\u00f1a de F\u00fatbol. Se radica en Barranqueras en 1936, organizando &hellip;<\/p>\n","protected":false},"author":2,"featured_media":33739,"comment_status":"open","ping_status":"open","sticky":false,"template":"","format":"standard","meta":{"footnotes":""},"categories":[45,33],"tags":[],"class_list":["post-33738","post","type-post","status-publish","format-standard","has-post-thumbnail","hentry","category-efemerides-dia-por-dia","category-marzo"],"_links":{"self":[{"href":"https:\/\/www.sportchaco.com.ar\/index.php?rest_route=\/wp\/v2\/posts\/33738","targetHints":{"allow":["GET"]}}],"collection":[{"href":"https:\/\/www.sportchaco.com.ar\/index.php?rest_route=\/wp\/v2\/posts"}],"about":[{"href":"https:\/\/www.sportchaco.com.ar\/index.php?rest_route=\/wp\/v2\/types\/post"}],"author":[{"embeddable":true,"href":"https:\/\/www.sportchaco.com.ar\/index.php?rest_route=\/wp\/v2\/users\/2"}],"replies":[{"embeddable":true,"href":"https:\/\/www.sportchaco.com.ar\/index.php?rest_route=%2Fwp%2Fv2%2Fcomments&post=33738"}],"version-history":[{"count":3,"href":"https:\/\/www.sportchaco.com.ar\/index.php?rest_route=\/wp\/v2\/posts\/33738\/revisions"}],"predecessor-version":[{"id":33802,"href":"https:\/\/www.sportchaco.com.ar\/index.php?rest_route=\/wp\/v2\/posts\/33738\/revisions\/33802"}],"wp:featuredmedia":[{"embeddable":true,"href":"https:\/\/www.sportchaco.com.ar\/index.php?rest_route=\/wp\/v2\/media\/33739"}],"wp:attachment":[{"href":"https:\/\/www.sportchaco.com.ar\/index.php?rest_route=%2Fwp%2Fv2%2Fmedia&parent=33738"}],"wp:term":[{"taxonomy":"category","embeddable":true,"href":"https:\/\/www.sportchaco.com.ar\/index.php?rest_route=%2Fwp%2Fv2%2Fcategories&post=33738"},{"taxonomy":"post_tag","embeddable":true,"href":"https:\/\/www.sportchaco.com.ar\/index.php?rest_route=%2Fwp%2Fv2%2Ftags&post=33738"}],"curies":[{"name":"wp","href":"https:\/\/api.w.org\/{rel}","templated":true}]}}