{"id":33746,"date":"2026-03-10T12:37:36","date_gmt":"2026-03-10T15:37:36","guid":{"rendered":"https:\/\/www.sportchaco.com.ar\/?p=33746"},"modified":"2026-03-10T22:55:51","modified_gmt":"2026-03-11T01:55:51","slug":"1965-villa-san-martin-y-villa-crespo","status":"publish","type":"post","link":"https:\/\/www.sportchaco.com.ar\/?p=33746","title":{"rendered":"1965: Villa San Mart\u00edn y Villa Crespo"},"content":{"rendered":"<p>&nbsp;<\/p>\n<p>En el marco de un cuadragular de los que abundaba en aquella \u00e9poca, el 22 de junio\u00a0 de 1965, llega a Resistencia Villa Crespo, famoso equipo de la \u00e9poca con hygadores hist\u00f3ricos, No menos hist\u00f3ricos de los integrantes del plantel tricuolor. En la foto del diario El Territorio<strong data-start=\"170\" data-end=\"216\">\u00a0Villa San Mart\u00edn y Villa Crespo<\/strong>, con la formaci\u00f3n inicial en el partido que protagonizaron en cancha de Hind\u00fa y que se defini\u00f3 a favor de Villa San Mart\u00edn.<\/p>\n<p>Aparecen en la nota gr\u00e1fica: <strong data-start=\"370\" data-end=\"609\">Noyano (VC); Corval\u00e1n (Villa San Mart\u00edn); Batilana (Villa Crespo); Valdez (Villa Crespo); Dosso (Villa San Mart\u00edn); Hindec (Villa Crespo); Lutringer (Villa San Mart\u00edn); Ros (Villa Crespo); S\u00e1nchez (Villa San Mart\u00edn); Cabrera (Villa Crespo) y Bucki Carlen<\/strong><\/p>\n<p>&nbsp;<\/p>\n","protected":false},"excerpt":{"rendered":"<p>&nbsp; En el marco de un cuadragular de los que abundaba en aquella \u00e9poca, el 22 de junio\u00a0 de 1965, llega a Resistencia Villa Crespo, famoso equipo de la \u00e9poca con hygadores hist\u00f3ricos, No menos hist\u00f3ricos de los integrantes del plantel tricuolor. En la foto del diario El Territorio\u00a0Villa San Mart\u00edn y Villa Crespo, con &hellip;<\/p>\n","protected":false},"author":2,"featured_media":33747,"comment_status":"open","ping_status":"open","sticky":false,"template":"","format":"standard","meta":{"footnotes":""},"categories":[1],"tags":[],"class_list":["post-33746","post","type-post","status-publish","format-standard","has-post-thumbnail","hentry","category-fotos-del-recuerdo"],"_links":{"self":[{"href":"https:\/\/www.sportchaco.com.ar\/index.php?rest_route=\/wp\/v2\/posts\/33746","targetHints":{"allow":["GET"]}}],"collection":[{"href":"https:\/\/www.sportchaco.com.ar\/index.php?rest_route=\/wp\/v2\/posts"}],"about":[{"href":"https:\/\/www.sportchaco.com.ar\/index.php?rest_route=\/wp\/v2\/types\/post"}],"author":[{"embeddable":true,"href":"https:\/\/www.sportchaco.com.ar\/index.php?rest_route=\/wp\/v2\/users\/2"}],"replies":[{"embeddable":true,"href":"https:\/\/www.sportchaco.com.ar\/index.php?rest_route=%2Fwp%2Fv2%2Fcomments&post=33746"}],"version-history":[{"count":4,"href":"https:\/\/www.sportchaco.com.ar\/index.php?rest_route=\/wp\/v2\/posts\/33746\/revisions"}],"predecessor-version":[{"id":33761,"href":"https:\/\/www.sportchaco.com.ar\/index.php?rest_route=\/wp\/v2\/posts\/33746\/revisions\/33761"}],"wp:featuredmedia":[{"embeddable":true,"href":"https:\/\/www.sportchaco.com.ar\/index.php?rest_route=\/wp\/v2\/media\/33747"}],"wp:attachment":[{"href":"https:\/\/www.sportchaco.com.ar\/index.php?rest_route=%2Fwp%2Fv2%2Fmedia&parent=33746"}],"wp:term":[{"taxonomy":"category","embeddable":true,"href":"https:\/\/www.sportchaco.com.ar\/index.php?rest_route=%2Fwp%2Fv2%2Fcategories&post=33746"},{"taxonomy":"post_tag","embeddable":true,"href":"https:\/\/www.sportchaco.com.ar\/index.php?rest_route=%2Fwp%2Fv2%2Ftags&post=33746"}],"curies":[{"name":"wp","href":"https:\/\/api.w.org\/{rel}","templated":true}]}}