{"id":33752,"date":"2026-03-10T21:25:40","date_gmt":"2026-03-11T00:25:40","guid":{"rendered":"https:\/\/www.sportchaco.com.ar\/?p=33752"},"modified":"2026-03-10T21:25:40","modified_gmt":"2026-03-11T00:25:40","slug":"debut-victorioso-para-villa-alvear","status":"publish","type":"post","link":"https:\/\/www.sportchaco.com.ar\/?p=33752","title":{"rendered":"Debut victorioso para Villa Alvear"},"content":{"rendered":"<p><strong>10-03-2026<\/strong><\/p>\n<p><img loading=\"lazy\" decoding=\"async\" class=\"aligncenter size-full wp-image-33500\" src=\"https:\/\/www.sportchaco.com.ar\/wp-content\/uploads\/2026\/03\/Agua-Segura_940x90-33.gif\" alt=\"\" width=\"937\" height=\"90\" \/><\/p>\n<p>Este martes se pusieron al d\u00eda en el torneo Apertura \u00abHugo Saucedo\u00bb de la Liga Chaque\u00f1a de f\u00fatbol, Villa Alvear y Defensores de Vilelas.<\/p>\n<p>El partido pendiente de la 1\u00aa fecha de la zona \u00abB\u00bb fue para el \u00abfunebrero\u00bb por 3 a 2 gracias a los goles de Leonardo Vallejos Juric, que marc\u00f3 dos, y Gonzalo Ferreyra; descont\u00f3 para el \u00abverde\u00bb, tambi\u00e9n con un doblete, Juan Rea.<\/p>\n<p>La segunda fecha del campeonato se desarrollar\u00e1 durante el fin de semana. Alvear visitar\u00e1 el domingo a Regional y \u00abDefe\u00bb recibir\u00e1 el s\u00e1bado al otro l\u00edder del grupo, Fontana.<\/p>\n<p><strong>EL JUEGO<\/strong><br \/>\nUn arranque discreto, de ambos equipos que realizaban su primer partido oficial y que les costaba la tenencia del bal\u00f3n, con lo cual las ocasiones eran escasas. Mucho pelotazo sin sentido, algo de fricci\u00f3n en la mitad de cancha y no m\u00e1s que eso.<\/p>\n<p>Pero en el cierre del primer tiempo apareci\u00f3 en dos oportunidades Leonardo Vallejos Juric y en cinco minutos marc\u00f3 dos goles para el \u00abfunebrero\u00bb. Ambos corrigiendo centros con el pie para vencer al arquero de Defensores. Al descanso 2-0 arriba Villa Alvear.<\/p>\n<p>Para el complemento el CAVA estir\u00f3 a tres goles la diferencia en el marcador a trav\u00e9s de un golazo de Gonzalo Ferreyra. Inmediatamente Santiago Godoy meti\u00f3 cuatro cambios juntos y el equipo visitante reaccion\u00f3. El primer descuento de Defensores lleg\u00f3 con un penal a favor que Juan Rea cambi\u00f3 por gol y a cinco minutos del final el propio defensor puso otro gol de cabeza para el 2-3.<\/p>\n<p>Hasta el final se vivi\u00f3 con intensidad, ya que, durante los minutos adicionados por el \u00e1rbitro Mitoire el partido fue de ida y vuelta. Finalmente, Villa Alvear celebr\u00f3 en el pitazo final y comenz\u00f3 el Apertura con una victoria que le permite ser l\u00edder del grupo B junto a Fontana.<\/p>\n<p><em><strong>Marcos Daniel Acosta<\/strong><\/em><\/p>\n<p><img loading=\"lazy\" decoding=\"async\" class=\"aligncenter size-large wp-image-33762\" src=\"https:\/\/www.sportchaco.com.ar\/wp-content\/uploads\/2026\/03\/IMG-20260310-WA0005-1024x682.jpg\" alt=\"\" width=\"1024\" height=\"682\" srcset=\"https:\/\/www.sportchaco.com.ar\/wp-content\/uploads\/2026\/03\/IMG-20260310-WA0005-1024x682.jpg 1024w, https:\/\/www.sportchaco.com.ar\/wp-content\/uploads\/2026\/03\/IMG-20260310-WA0005-300x200.jpg 300w, https:\/\/www.sportchaco.com.ar\/wp-content\/uploads\/2026\/03\/IMG-20260310-WA0005-768x511.jpg 768w, https:\/\/www.sportchaco.com.ar\/wp-content\/uploads\/2026\/03\/IMG-20260310-WA0005-1536x1022.jpg 1536w, https:\/\/www.sportchaco.com.ar\/wp-content\/uploads\/2026\/03\/IMG-20260310-WA0005.jpg 1600w\" sizes=\"auto, (max-width: 1024px) 100vw, 1024px\" \/><\/p>\n<p><strong>VILLA ALVEAR (3):<\/strong> Valent\u00edn Florent\u00edn; Lautaro Schulz, Gerardo Cortes, Leonardo Vallejos Juric y Gonzalo Fern\u00e1ndez; Sebasti\u00e1n Bogado, Kevin Sol\u00eds (34ST Mart\u00edn Esquivel), Gonzalo Ferreyra y Mauro Romero; Juan C. Dom\u00ednguez (29ST Gabriel Alm\u00faa) y Jos\u00e9 Valdez (48ST Daniel Escalante). <strong>DT:<\/strong> David Moreno.<br \/>\n<strong>DEFENSORES (2):<\/strong> Facundo Carrara; Pablo Montenegro (17ST Alfredo Vargas), Miguel Castillo, Juan Rea y Ricardo Maciel (17ST Emanuel Otazo); Thiago Contreras (17ST Maximiliano Spilere), Jorge Ram\u00edrez, Hugo Brizuela (24ST Ulises L\u00f3pez) y Santiago Piedrabuena (17ST Ignacio Esquivel); Gast\u00f3n Gauna y Joaqu\u00edn Ruiz D\u00edaz. <strong>DT:<\/strong> Santiago Godoy.<br \/>\n<strong>Goles:<\/strong> 36PT Leonardo Vallejos Juric (VA). 41PT Leonardo Vallejos Juric (VA). 11ST Gonzalo Ferreyra (VA). 28ST Juan Rea (D), de penal. 40ST Juan Rea (D).<br \/>\n<strong>\u00c1rbitro:<\/strong> Diego Mitoire. <strong>Asistentes:<\/strong> Mauricio Rea y Denis Pierlorenzi. <strong>Reserva:<\/strong> Villa Alvear 1 &#8211; Defensores 2. <strong>Estadio:<\/strong> \u00abEleuterio Luca\u00bb, de Villa Alvear.<\/p>\n<p><strong>TORNEO APERTURA \u00abHUGO SAUCEDO\u00bb<\/strong><br \/>\n<b>2\u00aa FECHA<br \/>\nZONA \u201cA\u201d<\/b><br \/>\n<b>S\u00e1bado 14-03<\/b><br \/>\nA las 17, Sarmiento \u2013 Estudiantes<br \/>\nA las 17, CUNE \u2013 Dep. Luj\u00e1n, en C. E. de Comercio<br \/>\nA las 17, Parque Patricios \u2013 Rcia. Central, en Chaco Hebr\u00f3n<br \/>\nA las 18, Don Orione \u2013 Indep. Tirol<\/p>\n<p><strong>Domingo 15-03<\/strong><br \/>\nA las 18, Central Ben\u00edtez \u2013 San Mart\u00edn<br \/>\n<strong>Libre:<\/strong>\u00a0Policiales<\/p>\n<p><b>ZONA \u201cB\u201d<br \/>\n<\/b><b>Martes 10-03<br \/>\n<\/b>Villa Alvear 3 \u2013 Defensores 2 <em>(1\u00aa fecha)<\/em><\/p>\n<p><b>S\u00e1bado 14-03<\/b><br \/>\nA las 17, Juventud \u2013 Bancarios<br \/>\nA las 17, Dep. Itat\u00ed \u2013 For Ever, en Estudiantes<br \/>\nA las 17:30, Defensores \u2013 Fontana<\/p>\n<p><strong>Domingo 15-03<\/strong><br \/>\nA las 17, Regional \u2013 Villa Alvear<br \/>\nA las 20:30, Central Norte \u2013 Dep. G\u00fciraldes<br \/>\n<strong>Libre:<\/strong>\u00a0C. E. de Comercio<\/p>\n<p><strong>POSICIONES<\/strong><br \/>\n<strong>ZONA \u00abA\u00bb<\/strong><br \/>\nSan Mart\u00edn (MB) 3<br \/>\nDep. Luj\u00e1n 3<br \/>\nEstudiantes 3<br \/>\nDon Orione 3<br \/>\nCentral Ben\u00edtez 1<br \/>\nIndepte. Tirol 1<br \/>\nRcia. Central 0<br \/>\nParque Patricios 0<br \/>\nPoliciales 0<br \/>\nCUNE 0<br \/>\nSarmiento \u2013<\/p>\n<p><strong>ZONA \u00abB\u00bb<\/strong><br \/>\nFontana 3<br \/>\nVilla Alvear 3<br \/>\nBancarios 1<br \/>\nCentral Norte 1<br \/>\nDep. G\u00fciraldes 1<br \/>\nFor Ever 1<br \/>\nJuventud 1<br \/>\nRegional 1<br \/>\nDefensores 0<br \/>\nC. E. de Comercio 0<br \/>\nDep. Itat\u00ed \u2013<\/p>\n<p><em><strong>Fotos: Gentileza Jessica Toledo<\/strong><\/em><\/p>\n<p><img loading=\"lazy\" decoding=\"async\" class=\"aligncenter size-full wp-image-33504\" src=\"https:\/\/www.sportchaco.com.ar\/wp-content\/uploads\/2026\/03\/MERCADO-LIBRE_200x200-05.gif\" alt=\"\" width=\"417\" height=\"417\" \/><\/p>\n","protected":false},"excerpt":{"rendered":"<p>10-03-2026 Este martes se pusieron al d\u00eda en el torneo Apertura \u00abHugo Saucedo\u00bb de la Liga Chaque\u00f1a de f\u00fatbol, Villa Alvear y Defensores de Vilelas. El partido pendiente de la 1\u00aa fecha de la zona \u00abB\u00bb fue para el \u00abfunebrero\u00bb por 3 a 2 gracias a los goles de Leonardo Vallejos Juric, que marc\u00f3 dos, &hellip;<\/p>\n","protected":false},"author":3,"featured_media":33763,"comment_status":"open","ping_status":"open","sticky":false,"template":"","format":"standard","meta":{"footnotes":""},"categories":[5],"tags":[],"class_list":["post-33752","post","type-post","status-publish","format-standard","has-post-thumbnail","hentry","category-futbol"],"_links":{"self":[{"href":"https:\/\/www.sportchaco.com.ar\/index.php?rest_route=\/wp\/v2\/posts\/33752","targetHints":{"allow":["GET"]}}],"collection":[{"href":"https:\/\/www.sportchaco.com.ar\/index.php?rest_route=\/wp\/v2\/posts"}],"about":[{"href":"https:\/\/www.sportchaco.com.ar\/index.php?rest_route=\/wp\/v2\/types\/post"}],"author":[{"embeddable":true,"href":"https:\/\/www.sportchaco.com.ar\/index.php?rest_route=\/wp\/v2\/users\/3"}],"replies":[{"embeddable":true,"href":"https:\/\/www.sportchaco.com.ar\/index.php?rest_route=%2Fwp%2Fv2%2Fcomments&post=33752"}],"version-history":[{"count":2,"href":"https:\/\/www.sportchaco.com.ar\/index.php?rest_route=\/wp\/v2\/posts\/33752\/revisions"}],"predecessor-version":[{"id":33764,"href":"https:\/\/www.sportchaco.com.ar\/index.php?rest_route=\/wp\/v2\/posts\/33752\/revisions\/33764"}],"wp:featuredmedia":[{"embeddable":true,"href":"https:\/\/www.sportchaco.com.ar\/index.php?rest_route=\/wp\/v2\/media\/33763"}],"wp:attachment":[{"href":"https:\/\/www.sportchaco.com.ar\/index.php?rest_route=%2Fwp%2Fv2%2Fmedia&parent=33752"}],"wp:term":[{"taxonomy":"category","embeddable":true,"href":"https:\/\/www.sportchaco.com.ar\/index.php?rest_route=%2Fwp%2Fv2%2Fcategories&post=33752"},{"taxonomy":"post_tag","embeddable":true,"href":"https:\/\/www.sportchaco.com.ar\/index.php?rest_route=%2Fwp%2Fv2%2Ftags&post=33752"}],"curies":[{"name":"wp","href":"https:\/\/api.w.org\/{rel}","templated":true}]}}