{"id":33758,"date":"2026-03-10T20:40:32","date_gmt":"2026-03-10T23:40:32","guid":{"rendered":"https:\/\/www.sportchaco.com.ar\/?p=33758"},"modified":"2026-03-10T20:40:32","modified_gmt":"2026-03-10T23:40:32","slug":"ruben-magnano-brindara-una-charla-abierta-en-la-asociacion-italiana-de-charata","status":"publish","type":"post","link":"https:\/\/www.sportchaco.com.ar\/?p=33758","title":{"rendered":"Rub\u00e9n Magnano brindar\u00e1 una charla abierta en la Asociaci\u00f3n Italiana de Charata"},"content":{"rendered":"<header class=\"qc-article__header\">\n<div class=\"qc-article__volanta\"><\/div>\n<div class=\"qc-article__volanta\">\n<em><strong>Foto portada: Rub\u00e9n Magnano, el \u00abpadre\u00bb de la Generaci\u00f3n Dorada de b\u00e1squet llega a Charata y Las Bre\u00f1as.<\/strong><\/em><\/div>\n<h5 class=\"qc-article__title\"><em><strong>Rub\u00e9n Magnano brindar\u00e1 una charla abierta en la Asociaci\u00f3n Italiana de Charata<\/strong><\/em> <i>El prestigioso entrenador del b\u00e1squet argentino participar\u00e1 de un encuentro con deportistas, entrenadores y familias del club. La jornada incluir\u00e1 adem\u00e1s una colecta solidaria de alimentos no perecederos. Tambi\u00e9n estar\u00e1 en Las Bre\u00f1as.\u00a0<\/i><\/h5>\n<\/header>\n<div class=\"qc-article__media\">\n<div class=\"qc-article__media-frame\">\n<div class=\"qc-article__actions\">\n<div class=\"qc-share-inline\" aria-label=\"Compartir noticia\"><\/div>\n<\/div>\n<\/div>\n<\/div>\n<div class=\"qc-article__body\">\n<p>La\u00a0<strong>Asociaci\u00f3n Italiana de Charata<\/strong>\u00a0ser\u00e1 sede de una jornada especial vinculada al deporte y la formaci\u00f3n con la presencia de\u00a0<strong>Rub\u00e9n Magnano<\/strong>, uno de los entrenadores m\u00e1s prestigiosos en la historia del b\u00e1squet argentino.<\/p>\n<p>El encuentro se realizar\u00e1\u00a0<strong>este jueves 12 de marzo \u2013desde las 20- en el estadio Antonio Golob<\/strong>\u00a0y est\u00e1\u00a0<strong>destinado a deportistas, entrenadores, socios, padres, sponsors y a toda la comunidad deportiva<\/strong>\u00a0que forma parte de las distintas disciplinas del club.\u00a0<strong>La propuesta apunta a generar un espacio de aprendizaje y reflexi\u00f3n a partir de la experiencia de uno de los grandes referentes del b\u00e1squet nacional.<\/strong><\/p>\n<figure class=\"image image-style-side\"><img loading=\"lazy\" decoding=\"async\" src=\"https:\/\/quintocuartonea.com\/media\/WhatsApp%20Image%202026-03-10%20at%2011.20.39.jpeg\" width=\"1080\" height=\"1350\" \/><\/figure>\n<p>Durante la charla,\u00a0<strong>Magnano compartir\u00e1 vivencias y conceptos vinculados al trabajo en equipo, la formaci\u00f3n de deportistas y los valores que atraviesan el alto rendimiento, en un mano a mano pensado para quienes buscan seguir creciendo dentro del deporte.<\/strong><\/p>\n<p>La actividad tambi\u00e9n tendr\u00e1 un perfil solidario. Desde la organizaci\u00f3n invitaron a todos los asistentes a colaborar con la donaci\u00f3n de un alimento no perecedero, que ser\u00e1 destinado a acciones comunitarias.<\/p>\n<p><strong>De esta manera, la Asociaci\u00f3n Italiana de Charata impulsa una jornada que combinar\u00e1 deporte, aprendizaje y solidaridad, con la presencia de una figura emblem\u00e1tica del b\u00e1squet argentino en el estadio Antonio Golob, que cuenta con refrigeraci\u00f3n central para mayor comodidad de los asistentes.<\/strong><\/p>\n<h2><strong>En Las Bre\u00f1as<\/strong><\/h2>\n<p>El\u00a0<strong>club Ambalab organiza el Campus Magnano<\/strong>, que se llevar\u00e1 a cabo en\u00a0<strong>Las Bre\u00f1as desde el viernes 13 al domingo 15 de marzo de 2026,<\/strong>\u00a0con la presencia y coordinaci\u00f3n del reconocido entrenador Rub\u00e9n Magnano.<\/p>\n<\/div>\n<div class=\"qc-article__author\">Firma: Guillermo Koster &#8211; Gentileza &#8211; Quinto Cuarto NEA<\/div>\n<section class=\"qc-comments\" aria-label=\"Comentarios\">\n<h2 class=\"qc-comments__title\" style=\"text-align: center;\"><img loading=\"lazy\" decoding=\"async\" class=\"alignnone size-medium wp-image-33501\" src=\"https:\/\/www.sportchaco.com.ar\/wp-content\/uploads\/2026\/03\/Ahorros-de-Verano-BANNERS-WEB_120x200-copia-3-180x300.gif\" alt=\"\" width=\"180\" height=\"300\" \/> <img loading=\"lazy\" decoding=\"async\" class=\"alignnone size-medium wp-image-33499\" src=\"https:\/\/www.sportchaco.com.ar\/wp-content\/uploads\/2026\/03\/Agua-Segura_300x600-17-150x300.gif\" alt=\"\" width=\"150\" height=\"300\" \/><\/h2>\n<\/section>\n","protected":false},"excerpt":{"rendered":"<p>Foto portada: Rub\u00e9n Magnano, el \u00abpadre\u00bb de la Generaci\u00f3n Dorada de b\u00e1squet llega a Charata y Las Bre\u00f1as. Rub\u00e9n Magnano brindar\u00e1 una charla abierta en la Asociaci\u00f3n Italiana de Charata El prestigioso entrenador del b\u00e1squet argentino participar\u00e1 de un encuentro con deportistas, entrenadores y familias del club. La jornada incluir\u00e1 adem\u00e1s una colecta solidaria de &hellip;<\/p>\n","protected":false},"author":2,"featured_media":33759,"comment_status":"open","ping_status":"open","sticky":false,"template":"","format":"standard","meta":{"footnotes":""},"categories":[3],"tags":[],"class_list":["post-33758","post","type-post","status-publish","format-standard","has-post-thumbnail","hentry","category-basquetbol"],"_links":{"self":[{"href":"https:\/\/www.sportchaco.com.ar\/index.php?rest_route=\/wp\/v2\/posts\/33758","targetHints":{"allow":["GET"]}}],"collection":[{"href":"https:\/\/www.sportchaco.com.ar\/index.php?rest_route=\/wp\/v2\/posts"}],"about":[{"href":"https:\/\/www.sportchaco.com.ar\/index.php?rest_route=\/wp\/v2\/types\/post"}],"author":[{"embeddable":true,"href":"https:\/\/www.sportchaco.com.ar\/index.php?rest_route=\/wp\/v2\/users\/2"}],"replies":[{"embeddable":true,"href":"https:\/\/www.sportchaco.com.ar\/index.php?rest_route=%2Fwp%2Fv2%2Fcomments&post=33758"}],"version-history":[{"count":1,"href":"https:\/\/www.sportchaco.com.ar\/index.php?rest_route=\/wp\/v2\/posts\/33758\/revisions"}],"predecessor-version":[{"id":33760,"href":"https:\/\/www.sportchaco.com.ar\/index.php?rest_route=\/wp\/v2\/posts\/33758\/revisions\/33760"}],"wp:featuredmedia":[{"embeddable":true,"href":"https:\/\/www.sportchaco.com.ar\/index.php?rest_route=\/wp\/v2\/media\/33759"}],"wp:attachment":[{"href":"https:\/\/www.sportchaco.com.ar\/index.php?rest_route=%2Fwp%2Fv2%2Fmedia&parent=33758"}],"wp:term":[{"taxonomy":"category","embeddable":true,"href":"https:\/\/www.sportchaco.com.ar\/index.php?rest_route=%2Fwp%2Fv2%2Fcategories&post=33758"},{"taxonomy":"post_tag","embeddable":true,"href":"https:\/\/www.sportchaco.com.ar\/index.php?rest_route=%2Fwp%2Fv2%2Ftags&post=33758"}],"curies":[{"name":"wp","href":"https:\/\/api.w.org\/{rel}","templated":true}]}}