{"id":33788,"date":"2026-03-11T10:52:55","date_gmt":"2026-03-11T13:52:55","guid":{"rendered":"https:\/\/www.sportchaco.com.ar\/?p=33788"},"modified":"2026-03-11T10:52:55","modified_gmt":"2026-03-11T13:52:55","slug":"libertad-presento-sus-equipos-u11-y-u13-y-sigue-apostando-al-crecimiento-del-basquet","status":"publish","type":"post","link":"https:\/\/www.sportchaco.com.ar\/?p=33788","title":{"rendered":"Libertad present\u00f3 sus equipos U11 y U13 y sigue apostando al crecimiento del b\u00e1squet"},"content":{"rendered":"<p>&nbsp;<\/p>\n<p>&nbsp;<\/p>\n<p><strong>Con una emotiva jornada que reuni\u00f3 a familias, vecinos y medios de comunicaci\u00f3n, el club LIBERTAD\u00a0 destac\u00f3 el trabajo formativo con los m\u00e1s chicos y proyecta nuevas iniciativas para fortalecer el desarrollo deportivo en Resistencia.<\/strong><\/p>\n<p><strong>\u00a0<\/strong><\/p>\n<p><strong>\u00a0<\/strong><\/p>\n<p>El Club Villa Libertad vivi\u00f3 una noche especial con la presentaci\u00f3n oficial de sus equipos de b\u00e1squet U11 y U13, que representar\u00e1n a la instituci\u00f3n en el torneo de la Asociaci\u00f3n de B\u00e1squet de Resistencia (ABR) y en el torneo departamental. El evento reuni\u00f3 a m\u00e1s de 250 personas entre padres, familiares, amigos y vecinos del barrio, consolidando el fuerte acompa\u00f1amiento de la comunidad al proyecto deportivo del club.<\/p>\n<p><img decoding=\"async\" src=\"https:\/\/baskettotal.com.ar\/wp-content\/uploads\/2026\/03\/LIBERTAD-2-1000x491.jpg\" \/><\/p>\n<p>La actividad cont\u00f3 adem\u00e1s con la presencia de medios locales como Radio Libertad y Chaco TV, que acompa\u00f1aron una iniciativa poco habitual en la ciudad: una presentaci\u00f3n formal dedicada exclusivamente a las categor\u00edas formativas.<\/p>\n<p>Tradicionalmente este tipo de eventos se reserva para equipos de primera divisi\u00f3n o selecciones, pero en Villa Libertad decidieron que los protagonistas fueran los m\u00e1s chicos.<\/p>\n<p><img decoding=\"async\" src=\"https:\/\/baskettotal.com.ar\/wp-content\/uploads\/2026\/03\/LIBERTAD-3.jpg\" \/><\/p>\n<p>\u201cFue una noche m\u00e1gica para los chicos. Ver la cancha llena, con sus familias acompa\u00f1ando, demuestra que el trabajo que venimos haciendo en el club vale la pena\u201d, expres\u00f3 el entrenador Jos\u00e9 Valant, quien destac\u00f3 el crecimiento de las divisiones formativas y el compromiso de toda la instituci\u00f3n.<\/p>\n<p>&nbsp;<\/p>\n<p>El club, que recientemente logr\u00f3 incorporarse al sistema GES de la Confederaci\u00f3n Argentina de B\u00e1squet (CAB), contin\u00faa fortaleciendo su estructura deportiva y social. En ese marco, desde la instituci\u00f3n tambi\u00e9n reiteraron la necesidad de contar con un techo para el estadio, una obra clave para garantizar la continuidad de las actividades durante todo el a\u00f1o.<\/p>\n<p>&nbsp;<\/p>\n<p>\u201cVilla Libertad es un club barrial que trabaja todos los d\u00edas para que los chicos tengan un espacio de contenci\u00f3n y desarrollo deportivo. El pr\u00f3ximo paso es poder contar con un techo que nos permita seguir creciendo y brindar mejores condiciones para todos\u201d, agreg\u00f3 Valant.<\/p>\n<p>&nbsp;<\/p>\n<p>La agenda deportiva continuar\u00e1 este viernes a las 19 con la disputa de la primera Copa del Cl\u00e1sico Barrial U11, un encuentro in\u00e9dito que enfrentar\u00e1 a Villa Libertad, Juventud y Villa Centenario. El evento se realizar\u00e1 en la cancha de Juventud y ser\u00e1 organizado de manera conjunta entre los clubes, con el objetivo de seguir fortaleciendo el b\u00e1squet formativo en la ciudad.<\/p>\n<p style=\"text-align: center;\"><img loading=\"lazy\" decoding=\"async\" class=\"alignnone size-medium wp-image-33504\" src=\"https:\/\/www.sportchaco.com.ar\/wp-content\/uploads\/2026\/03\/MERCADO-LIBRE_200x200-05-300x300.gif\" alt=\"\" width=\"300\" height=\"300\" srcset=\"https:\/\/www.sportchaco.com.ar\/wp-content\/uploads\/2026\/03\/MERCADO-LIBRE_200x200-05-300x300.gif 300w, https:\/\/www.sportchaco.com.ar\/wp-content\/uploads\/2026\/03\/MERCADO-LIBRE_200x200-05-150x150.gif 150w\" sizes=\"auto, (max-width: 300px) 100vw, 300px\" \/> <img loading=\"lazy\" decoding=\"async\" class=\"alignnone size-medium wp-image-33501\" src=\"https:\/\/www.sportchaco.com.ar\/wp-content\/uploads\/2026\/03\/Ahorros-de-Verano-BANNERS-WEB_120x200-copia-3-180x300.gif\" alt=\"\" width=\"180\" height=\"300\" \/><\/p>\n<p>&nbsp;<\/p>\n","protected":false},"excerpt":{"rendered":"<p>&nbsp; &nbsp; Con una emotiva jornada que reuni\u00f3 a familias, vecinos y medios de comunicaci\u00f3n, el club LIBERTAD\u00a0 destac\u00f3 el trabajo formativo con los m\u00e1s chicos y proyecta nuevas iniciativas para fortalecer el desarrollo deportivo en Resistencia. \u00a0 \u00a0 El Club Villa Libertad vivi\u00f3 una noche especial con la presentaci\u00f3n oficial de sus equipos de &hellip;<\/p>\n","protected":false},"author":2,"featured_media":33789,"comment_status":"open","ping_status":"open","sticky":false,"template":"","format":"standard","meta":{"footnotes":""},"categories":[3],"tags":[],"class_list":["post-33788","post","type-post","status-publish","format-standard","has-post-thumbnail","hentry","category-basquetbol"],"_links":{"self":[{"href":"https:\/\/www.sportchaco.com.ar\/index.php?rest_route=\/wp\/v2\/posts\/33788","targetHints":{"allow":["GET"]}}],"collection":[{"href":"https:\/\/www.sportchaco.com.ar\/index.php?rest_route=\/wp\/v2\/posts"}],"about":[{"href":"https:\/\/www.sportchaco.com.ar\/index.php?rest_route=\/wp\/v2\/types\/post"}],"author":[{"embeddable":true,"href":"https:\/\/www.sportchaco.com.ar\/index.php?rest_route=\/wp\/v2\/users\/2"}],"replies":[{"embeddable":true,"href":"https:\/\/www.sportchaco.com.ar\/index.php?rest_route=%2Fwp%2Fv2%2Fcomments&post=33788"}],"version-history":[{"count":1,"href":"https:\/\/www.sportchaco.com.ar\/index.php?rest_route=\/wp\/v2\/posts\/33788\/revisions"}],"predecessor-version":[{"id":33790,"href":"https:\/\/www.sportchaco.com.ar\/index.php?rest_route=\/wp\/v2\/posts\/33788\/revisions\/33790"}],"wp:featuredmedia":[{"embeddable":true,"href":"https:\/\/www.sportchaco.com.ar\/index.php?rest_route=\/wp\/v2\/media\/33789"}],"wp:attachment":[{"href":"https:\/\/www.sportchaco.com.ar\/index.php?rest_route=%2Fwp%2Fv2%2Fmedia&parent=33788"}],"wp:term":[{"taxonomy":"category","embeddable":true,"href":"https:\/\/www.sportchaco.com.ar\/index.php?rest_route=%2Fwp%2Fv2%2Fcategories&post=33788"},{"taxonomy":"post_tag","embeddable":true,"href":"https:\/\/www.sportchaco.com.ar\/index.php?rest_route=%2Fwp%2Fv2%2Ftags&post=33788"}],"curies":[{"name":"wp","href":"https:\/\/api.w.org\/{rel}","templated":true}]}}