{"id":33796,"date":"2026-03-11T23:27:23","date_gmt":"2026-03-12T02:27:23","guid":{"rendered":"https:\/\/www.sportchaco.com.ar\/?p=33796"},"modified":"2026-03-12T11:22:41","modified_gmt":"2026-03-12T14:22:41","slug":"efemerides-del-12-de-marzo-2","status":"publish","type":"post","link":"https:\/\/www.sportchaco.com.ar\/?p=33796","title":{"rendered":"Efem\u00e9rides del 12 de marzo"},"content":{"rendered":"<div class=\"container fullwidth-entry-title-wrapper\">\n<div class=\"container-wrapper fullwidth-entry-title\">\n<header class=\"entry-header-outer\">\n<div class=\"entry-header\">\n<div class=\"single-post-meta post-meta clearfix\">\n<div class=\"tie-alignright\">27<\/div>\n<\/div>\n<\/div>\n<\/header>\n<\/div>\n<\/div>\n<div id=\"content\" class=\"site-content container\">\n<div id=\"main-content-row\" class=\"tie-row main-content-row\">\n<div class=\"main-content tie-col-md-8 tie-col-xs-12\" role=\"main\">\n<article id=\"the-post\" class=\"container-wrapper post-content tie-standard\">\n<div class=\"featured-area\">\n<div class=\"featured-area-inner\">\n<figure class=\"single-featured-image\">FOTO PORTADA: For Ever 1974<\/figure>\n<\/div>\n<\/div>\n<div class=\"entry-content entry clearfix\">\n<div class=\"container fullwidth-entry-title-wrapper\">\n<div class=\"container-wrapper fullwidth-entry-title\">\n<header class=\"entry-header-outer\">\n<div class=\"entry-header\">\n<h1 class=\"post-title entry-title\"><\/h1>\n<h5 class=\"single-post-meta post-meta clearfix\"><\/h5>\n<\/div>\n<\/header>\n<\/div>\n<\/div>\n<div id=\"content\" class=\"site-content container\">\n<div id=\"main-content-row\" class=\"tie-row main-content-row\">\n<div class=\"main-content tie-col-md-8 tie-col-xs-12\" role=\"main\">\n<article id=\"the-post\" class=\"container-wrapper post-content tie-standard\">\n<div class=\"featured-area-inner\">\n<h4 class=\"single-featured-image\"><\/h4>\n<\/div>\n<div class=\"entry-content entry clearfix\">\n<h5><strong>Estas son las Efem\u00e9rides del Deporte en el Chaco de un 12 de marzo del periodista Luis Dar\u00edo Molodezky.<\/strong><\/h5>\n<h5><img loading=\"lazy\" decoding=\"async\" class=\"size-medium wp-image-6636 aligncenter\" src=\"https:\/\/www.sportchaco.com.ar\/wp-content\/uploads\/2024\/03\/Luis-Molodezky-210x300.jpg\" sizes=\"auto, (max-width: 210px) 100vw, 210px\" srcset=\"https:\/\/www.sportchaco.com.ar\/wp-content\/uploads\/2024\/03\/Luis-Molodezky-210x300.jpg 210w, https:\/\/www.sportchaco.com.ar\/wp-content\/uploads\/2024\/03\/Luis-Molodezky.jpg 275w\" alt=\"\" width=\"210\" height=\"300\" \/><\/h5>\n<p><strong>1930 \/<\/strong>\u00a0Nace en Barranqueras H\u00e9ctor Tronquito<br \/>\nGamarra, destacado jugador y t\u00e9cnico. Arranc\u00f3 en Don Orione y<br \/>\npas\u00f3 por River y Newell\u2019s. Jug\u00f3 en Chile y Colombia, para terminar<br \/>\nen Sarmiento jugando en el campe\u00f3n de 1958. Como t\u00e9cnico<br \/>\nllev\u00f3 a For Ever al primer Nacional, y tambi\u00e9n dirigi\u00f3 y obtuvo<br \/>\nt\u00edtulos con equipos del Chaco y la regi\u00f3n. Falleci\u00f3 el 6 de enero de 2023 a los 92 a\u00f1os.<\/p>\n<p><img loading=\"lazy\" decoding=\"async\" class=\"alignnone size-medium wp-image-33800 aligncenter\" src=\"https:\/\/www.sportchaco.com.ar\/wp-content\/uploads\/2026\/03\/Tronquito-Gamarra-90-e1741706332770-300x214.jpg\" alt=\"\" width=\"300\" height=\"214\" srcset=\"https:\/\/www.sportchaco.com.ar\/wp-content\/uploads\/2026\/03\/Tronquito-Gamarra-90-e1741706332770-300x214.jpg 300w, https:\/\/www.sportchaco.com.ar\/wp-content\/uploads\/2026\/03\/Tronquito-Gamarra-90-e1741706332770.jpg 354w\" sizes=\"auto, (max-width: 300px) 100vw, 300px\" \/><\/p>\n<p><strong>1931 \/<\/strong>\u00a0Se funda la Federaci\u00f3n Atl\u00e9tica Chaque\u00f1a,<br \/>\npor iniciativa de Guillermo Alejandro Sliffer, un atleta llegado desde<br \/>\nla ciudad de La Plata, despu\u00e9s de la Revoluci\u00f3n de 1930. Era velocista<br \/>\nde 100 y 200 metros llanos.<\/p>\n<p><strong>1974 \/<\/strong>\u00a0Chaco For Ever se clasifica para el Nacional<br \/>\nde ese a\u00f1o, al vencer en la serie final a Patronato de Paran\u00e1. Tras<br \/>\nperder en la ida 2 a 0, golea en la revancha por 4 a 0, con goles de<br \/>\nOscar Curbetti, Pablo C\u00e1ceres y dos de Ram\u00f3n Garc\u00eda, refuerzo<br \/>\nllegado de Independiente Tirol. El plantel dirigido por Jos\u00e9 Lestani,<br \/>\nlo integran Ram\u00f3n Villanueva, Atilano Gonz\u00e1lez, Juan Valent\u00edn<br \/>\nGonz\u00e1lez, Pablo C\u00e1ceres, H\u00e9ctor Rodr\u00edguez, Ricardo Romero, Jos\u00e9<br \/>\nAyala, Oscar Palavecino, Pedro Olivera, Enrique Genolet, Miguel<br \/>\nAngel Vargas, Oscar Altamiranda, Marcos Fretes, Victoriano<br \/>\nMedina, Carlos Ebel, Julio C\u00e9sar Di Meola, H\u00e9ctor Palmetler, Roberto<br \/>\nArolfo, Leonardo Domingo Rotger, Alberto Romero, Ignacio<br \/>\nPujol, Ram\u00f3n Franco, Carlos Gonz\u00e1lez, Carlos Mart\u00ednez, Ricardo<br \/>\nRoca, Oscar Paul\u00edn, Virgilio Br\u00edtez, Juan Esteban Su\u00e1rez,<br \/>\nJuan Jos\u00e9 M\u00fcller, Ra\u00fal Cendra, Eduardo Escobar, V\u00edctor L\u00f3pez,<br \/>\nRam\u00f3n Gerber y Mario Fern\u00e1ndez. Como refuerzo llegaron<br \/>\nMarcelo Bress\u00e1n, Pedro Villalba, Carlos Casco, Chiche Gallard,<br \/>\nVicente Tadeo Lugo y Jos\u00e9 Romero.<\/p>\n<p><strong>2006 \/<\/strong>\u00a0El saenzpe\u00f1ense Turi Sosa se adjudica el 3\u00ba<br \/>\nCampeonato Provincial de Pool, que se disput\u00f3 en la ciudad termal.<\/p>\n<p><strong>2012 \/<\/strong> Se inaugura el sistema de refrigeraci\u00f3n del estadio de la Asociaci\u00f3n Italiana de Charata, el segundo en el pa\u00eds dentro de los estadios de clubes de b\u00e1squetbol.<\/p>\n<p>&nbsp;<\/p>\n<p><img loading=\"lazy\" decoding=\"async\" class=\"alignnone size-medium wp-image-33503\" src=\"https:\/\/www.sportchaco.com.ar\/wp-content\/uploads\/2026\/03\/BANNER-WEB-MOSQUITOS-SALUD_300x600-17-150x300.gif\" alt=\"\" width=\"150\" height=\"300\" \/> <img loading=\"lazy\" decoding=\"async\" class=\"alignnone size-medium wp-image-33502\" src=\"https:\/\/www.sportchaco.com.ar\/wp-content\/uploads\/2026\/03\/Ahorros-de-Verano-BANNERS-WEB_200x200-04-300x300.gif\" alt=\"\" width=\"300\" height=\"300\" srcset=\"https:\/\/www.sportchaco.com.ar\/wp-content\/uploads\/2026\/03\/Ahorros-de-Verano-BANNERS-WEB_200x200-04-300x300.gif 300w, https:\/\/www.sportchaco.com.ar\/wp-content\/uploads\/2026\/03\/Ahorros-de-Verano-BANNERS-WEB_200x200-04-150x150.gif 150w\" sizes=\"auto, (max-width: 300px) 100vw, 300px\" \/><\/p>\n<\/div>\n<\/article>\n<\/div>\n<\/div>\n<\/div>\n<\/div>\n<\/article>\n<\/div>\n<\/div>\n<\/div>\n","protected":false},"excerpt":{"rendered":"<p>27 FOTO PORTADA: For Ever 1974 Estas son las Efem\u00e9rides del Deporte en el Chaco de un 12 de marzo del periodista Luis Dar\u00edo Molodezky. 1930 \/\u00a0Nace en Barranqueras H\u00e9ctor Tronquito Gamarra, destacado jugador y t\u00e9cnico. Arranc\u00f3 en Don Orione y pas\u00f3 por River y Newell\u2019s. Jug\u00f3 en Chile y Colombia, para terminar en Sarmiento &hellip;<\/p>\n","protected":false},"author":2,"featured_media":33799,"comment_status":"open","ping_status":"open","sticky":false,"template":"","format":"standard","meta":{"footnotes":""},"categories":[45,33],"tags":[],"class_list":["post-33796","post","type-post","status-publish","format-standard","has-post-thumbnail","hentry","category-efemerides-dia-por-dia","category-marzo"],"_links":{"self":[{"href":"https:\/\/www.sportchaco.com.ar\/index.php?rest_route=\/wp\/v2\/posts\/33796","targetHints":{"allow":["GET"]}}],"collection":[{"href":"https:\/\/www.sportchaco.com.ar\/index.php?rest_route=\/wp\/v2\/posts"}],"about":[{"href":"https:\/\/www.sportchaco.com.ar\/index.php?rest_route=\/wp\/v2\/types\/post"}],"author":[{"embeddable":true,"href":"https:\/\/www.sportchaco.com.ar\/index.php?rest_route=\/wp\/v2\/users\/2"}],"replies":[{"embeddable":true,"href":"https:\/\/www.sportchaco.com.ar\/index.php?rest_route=%2Fwp%2Fv2%2Fcomments&post=33796"}],"version-history":[{"count":5,"href":"https:\/\/www.sportchaco.com.ar\/index.php?rest_route=\/wp\/v2\/posts\/33796\/revisions"}],"predecessor-version":[{"id":33856,"href":"https:\/\/www.sportchaco.com.ar\/index.php?rest_route=\/wp\/v2\/posts\/33796\/revisions\/33856"}],"wp:featuredmedia":[{"embeddable":true,"href":"https:\/\/www.sportchaco.com.ar\/index.php?rest_route=\/wp\/v2\/media\/33799"}],"wp:attachment":[{"href":"https:\/\/www.sportchaco.com.ar\/index.php?rest_route=%2Fwp%2Fv2%2Fmedia&parent=33796"}],"wp:term":[{"taxonomy":"category","embeddable":true,"href":"https:\/\/www.sportchaco.com.ar\/index.php?rest_route=%2Fwp%2Fv2%2Fcategories&post=33796"},{"taxonomy":"post_tag","embeddable":true,"href":"https:\/\/www.sportchaco.com.ar\/index.php?rest_route=%2Fwp%2Fv2%2Ftags&post=33796"}],"curies":[{"name":"wp","href":"https:\/\/api.w.org\/{rel}","templated":true}]}}