{"id":33814,"date":"2026-03-11T20:16:57","date_gmt":"2026-03-11T23:16:57","guid":{"rendered":"https:\/\/www.sportchaco.com.ar\/?p=33814"},"modified":"2026-03-11T20:16:57","modified_gmt":"2026-03-11T23:16:57","slug":"villa-san-martin-encara-su-ultima-gira-de-tres-partidos","status":"publish","type":"post","link":"https:\/\/www.sportchaco.com.ar\/?p=33814","title":{"rendered":"Villa San Mart\u00edn encara su \u00faltima gira de tres partidos"},"content":{"rendered":"<p><strong>11-03-2026<\/strong><\/p>\n<p><img loading=\"lazy\" decoding=\"async\" class=\"aligncenter size-full wp-image-33500\" src=\"https:\/\/www.sportchaco.com.ar\/wp-content\/uploads\/2026\/03\/Agua-Segura_940x90-33.gif\" alt=\"\" width=\"937\" height=\"90\" \/><\/p>\n<p>Por la Conferencia Norte de La Liga Argentina de B\u00e1squet, Villa San Mart\u00edn, \u00fanico representante chaque\u00f1o en esta categor\u00eda, se prepara luego de juegos fruct\u00edferos y con victorias en casa, para una dura gira por La Rioja y Santiago del Estero, respectivamente.<\/p>\n<p>Con respecto a la primera parada, la cita ser\u00e1 este jueves 12 en La Rioja Capital, ante el dif\u00edcil Amancay desde las 21 horas, en un juego donde se medir\u00e1n equipos con aspiraciones altas y en busca de posicionarse lo mejor posible de cara a los playoff.<\/p>\n<p>Continuando con la gira, el \u201ctricolor\u201d chaque\u00f1o se medir\u00e1 el s\u00e1bado 14 ante Fusi\u00f3n Riojana desde las 21:30 horas. Vale remarcar que el elenco riojano se ubica en la posici\u00f3n 14\u00b0 con 37 puntos.<\/p>\n<p>Finalmente, el lunes 16, los dirigidos por Eduardo Japez llegar\u00e1n hasta Santiago del Estero para enfrentar a Independiente a las 22. En cuanto a la tabla de posiciones, los santiague\u00f1os se posicionan en la 12\u00b0 ubicaci\u00f3n con 41 puntos, pero con 3 juegos m\u00e1s que Villa San Mart\u00edn.<\/p>\n<figure class=\"wp-block-image size-large\"><a href=\"https:\/\/baskettotal.com.ar\/wp-content\/uploads\/2026\/03\/1001487141.jpg\"><img loading=\"lazy\" decoding=\"async\" class=\"lazy wp-image-30418 lazy-loaded\" src=\"https:\/\/baskettotal.com.ar\/wp-content\/uploads\/2026\/03\/1001487141-1024x682.jpg\" sizes=\"auto, (max-width: 1024px) 100vw, 1024px\" srcset=\"https:\/\/baskettotal.com.ar\/wp-content\/uploads\/2026\/03\/1001487141-1024x682.jpg 1024w, https:\/\/baskettotal.com.ar\/wp-content\/uploads\/2026\/03\/1001487141-300x200.jpg 300w, https:\/\/baskettotal.com.ar\/wp-content\/uploads\/2026\/03\/1001487141-768x512.jpg 768w, https:\/\/baskettotal.com.ar\/wp-content\/uploads\/2026\/03\/1001487141.jpg 1040w\" alt=\"\" width=\"1024\" height=\"682\" data-lazy-type=\"image\" data-lazy-src=\"https:\/\/baskettotal.com.ar\/wp-content\/uploads\/2026\/03\/1001487141-1024x682.jpg\" data-lazy-srcset=\"https:\/\/baskettotal.com.ar\/wp-content\/uploads\/2026\/03\/1001487141-1024x682.jpg 1024w, https:\/\/baskettotal.com.ar\/wp-content\/uploads\/2026\/03\/1001487141-300x200.jpg 300w, https:\/\/baskettotal.com.ar\/wp-content\/uploads\/2026\/03\/1001487141-768x512.jpg 768w, https:\/\/baskettotal.com.ar\/wp-content\/uploads\/2026\/03\/1001487141.jpg 1040w\" data-lazy-sizes=\"(max-width: 1024px) 100vw, 1024px\" \/><\/a><\/figure>\n<p><strong>LOS CHAQUE\u00d1OS<\/strong><br \/>\nPor el lado de Villa San Mart\u00edn, el elenco \u201ctricolor\u201d se ubica en la 9\u00b0 posici\u00f3n, cosechando 40 puntos y en zona de playoff. El equipo viene de tener una seguidilla de partidos como local (Barrio Parque, Bochas y Salta Basket), teniendo un saldo positivo (2 victorias y 1 ca\u00edda), por lo que palpita esta gira con mucha confianza y con ansias de traer victorias que le permitan consolidarse como equipo y en la tabla de cara a lo decisivo, o sea los playoff.<\/p>\n<p><strong>EL B\u00c1SQUET POR RADIO<\/strong><br \/>\nEl equipo deportivo de\u00a0<em>\u00abCara y Ceca del Deporte\u00bb<\/em> transmitir\u00e1 en vivo el partido de Amancay y Villa San Mart\u00edn desde las 20:45 horas a trav\u00e9s de Radio Provincia (101.5). El relato estar\u00e1 a cargo de Marcos Daniel Acosta, los comentarios ser\u00e1n de Luis Dar\u00edo Molodezky, en los aportes del campo de juego estar\u00e1 Facundo Maciel del Rio, adem\u00e1s, la voz comercial ser\u00e1 de Ulises Araujo y la puesta a punto de Luis Linares.<\/p>\n<p><em><strong>Fotos: Gentileza Prensa Villa San Mart\u00edn<\/strong><\/em><\/p>\n<p><img loading=\"lazy\" decoding=\"async\" class=\"aligncenter size-full wp-image-33504\" src=\"https:\/\/www.sportchaco.com.ar\/wp-content\/uploads\/2026\/03\/MERCADO-LIBRE_200x200-05.gif\" alt=\"\" width=\"417\" height=\"417\" \/><\/p>\n","protected":false},"excerpt":{"rendered":"<p>11-03-2026 Por la Conferencia Norte de La Liga Argentina de B\u00e1squet, Villa San Mart\u00edn, \u00fanico representante chaque\u00f1o en esta categor\u00eda, se prepara luego de juegos fruct\u00edferos y con victorias en casa, para una dura gira por La Rioja y Santiago del Estero, respectivamente. Con respecto a la primera parada, la cita ser\u00e1 este jueves 12 &hellip;<\/p>\n","protected":false},"author":3,"featured_media":33815,"comment_status":"open","ping_status":"open","sticky":false,"template":"","format":"standard","meta":{"footnotes":""},"categories":[3],"tags":[],"class_list":["post-33814","post","type-post","status-publish","format-standard","has-post-thumbnail","hentry","category-basquetbol"],"_links":{"self":[{"href":"https:\/\/www.sportchaco.com.ar\/index.php?rest_route=\/wp\/v2\/posts\/33814","targetHints":{"allow":["GET"]}}],"collection":[{"href":"https:\/\/www.sportchaco.com.ar\/index.php?rest_route=\/wp\/v2\/posts"}],"about":[{"href":"https:\/\/www.sportchaco.com.ar\/index.php?rest_route=\/wp\/v2\/types\/post"}],"author":[{"embeddable":true,"href":"https:\/\/www.sportchaco.com.ar\/index.php?rest_route=\/wp\/v2\/users\/3"}],"replies":[{"embeddable":true,"href":"https:\/\/www.sportchaco.com.ar\/index.php?rest_route=%2Fwp%2Fv2%2Fcomments&post=33814"}],"version-history":[{"count":1,"href":"https:\/\/www.sportchaco.com.ar\/index.php?rest_route=\/wp\/v2\/posts\/33814\/revisions"}],"predecessor-version":[{"id":33816,"href":"https:\/\/www.sportchaco.com.ar\/index.php?rest_route=\/wp\/v2\/posts\/33814\/revisions\/33816"}],"wp:featuredmedia":[{"embeddable":true,"href":"https:\/\/www.sportchaco.com.ar\/index.php?rest_route=\/wp\/v2\/media\/33815"}],"wp:attachment":[{"href":"https:\/\/www.sportchaco.com.ar\/index.php?rest_route=%2Fwp%2Fv2%2Fmedia&parent=33814"}],"wp:term":[{"taxonomy":"category","embeddable":true,"href":"https:\/\/www.sportchaco.com.ar\/index.php?rest_route=%2Fwp%2Fv2%2Fcategories&post=33814"},{"taxonomy":"post_tag","embeddable":true,"href":"https:\/\/www.sportchaco.com.ar\/index.php?rest_route=%2Fwp%2Fv2%2Ftags&post=33814"}],"curies":[{"name":"wp","href":"https:\/\/api.w.org\/{rel}","templated":true}]}}