{"id":33846,"date":"2026-03-12T23:07:34","date_gmt":"2026-03-13T02:07:34","guid":{"rendered":"https:\/\/www.sportchaco.com.ar\/?p=33846"},"modified":"2026-03-12T23:20:45","modified_gmt":"2026-03-13T02:20:45","slug":"efemerides-13-de-marzo-2","status":"publish","type":"post","link":"https:\/\/www.sportchaco.com.ar\/?p=33846","title":{"rendered":"Efem\u00e9rides 13 de marzo"},"content":{"rendered":"<div class=\"container fullwidth-entry-title-wrapper\">\n<div class=\"container-wrapper fullwidth-entry-title\">\n<header class=\"entry-header-outer\">\n<div class=\"entry-header\">\n<div class=\"single-post-meta post-meta clearfix\">07<\/div>\n<\/div>\n<\/header>\n<\/div>\n<\/div>\n<div id=\"content\" class=\"site-content container\">\n<div id=\"main-content-row\" class=\"tie-row main-content-row\">\n<div class=\"main-content tie-col-md-8 tie-col-xs-12\" role=\"main\">\n<article id=\"the-post\" class=\"container-wrapper post-content tie-standard\">\n<div class=\"entry-content entry clearfix\">\n<div id=\"content\" class=\"site-content container\">\n<div id=\"main-content-row\" class=\"tie-row main-content-row\">\n<div class=\"main-content tie-col-md-8 tie-col-xs-12\" role=\"main\">\n<article id=\"the-post\" class=\"container-wrapper post-content tie-standard\">\n<div class=\"entry-content entry clearfix\">\n<h5><strong>Esta es la Efem\u00e9rides del Deporte en el Chaco de un 13 de marzo del periodista Luis Dar\u00edo Molodezky.<\/strong><\/h5>\n<h5><\/h5>\n<p><img loading=\"lazy\" decoding=\"async\" class=\"alignnone size-full wp-image-33602 aligncenter\" src=\"https:\/\/www.sportchaco.com.ar\/wp-content\/uploads\/2026\/03\/Luis-2025-marzo-3-2-e1749824875302-300x217-1.jpg\" alt=\"\" width=\"300\" height=\"217\" \/><\/p>\n<p><strong>1941 \/<\/strong> Se inicia el Campeonato Argentino de Novicios de boxeo, donde Chaco estuvo representado por Pedro Acosta, Jos\u00e9 Za\u00edn, Luis Torres, Florencio Zain, Silveiro Mi\u00f1o, Baltazar Dom\u00ednguez y Germ\u00e1n Alonso que fue finalista, perdiendo por KO en el primer asalto.<\/p>\n<p><strong>1950<\/strong>\u00a0\/ H\u00e9ctor Mart\u00ednez en medio mediano fue subcampe\u00f3n del Nacional de Trabajadores en Buenos Aires. En representaci\u00f3n del Territorio Nacional Chaco estuvieron el Pedro Simi y el gallo Ad\u00e1n Basualdo en Veteranos. Domingo Vedoya, Osvaldo Fern\u00e1ndez, Ceferino Rodr\u00edguez en Veteranos<\/p>\n<p><strong>1950\u00a0<\/strong>\/ Chaco se clasifica subcampe\u00f3n en el torneo de b\u00e1squet no federado, en el Campeonato Argentino de los Trabajadores. El equipo de San Carlos, de La Escondida, represent\u00f3 al entonces Territorio Nacional del Chaco.<\/p>\n<p><strong>1990\u00a0<\/strong>\/ Se funda en el Club San Patricio Rugby Club y ese mismo a\u00f1o se afilia a la URNE. Tiene su cancha en la Ruta Nacional 12, a mil metros del control policial de Corrientes. Su camiseta es roja y negra, a rayas horizontales finas en degrad\u00e9. Participa en las categor\u00edas premini, infantil, menores, intermedia y primera.<\/p>\n<p><strong>1994\u00a0<\/strong>\/ Con 21 a\u00f1os y ya siendo campe\u00f3n argentino de la F\u00f3rmula Renault del a\u00f1o anterior, debuta en el TC 2000 a bordo de un Ford Sierra, Juan Manuel Silva, en la escuder\u00eda de Tito Bessone.<\/p>\n<p>&nbsp;<\/p>\n<h4>Foto del Pato Silva en su debut en el TC 2000 a bordo de un Ford Sierra en 1994.<\/h4>\n<p style=\"text-align: center;\"><img loading=\"lazy\" decoding=\"async\" class=\"alignnone size-medium wp-image-33503\" src=\"https:\/\/www.sportchaco.com.ar\/wp-content\/uploads\/2026\/03\/BANNER-WEB-MOSQUITOS-SALUD_300x600-17-150x300.gif\" alt=\"\" width=\"150\" height=\"300\" \/> <img loading=\"lazy\" decoding=\"async\" class=\"alignnone size-medium wp-image-33501\" src=\"https:\/\/www.sportchaco.com.ar\/wp-content\/uploads\/2026\/03\/Ahorros-de-Verano-BANNERS-WEB_120x200-copia-3-180x300.gif\" alt=\"\" width=\"180\" height=\"300\" \/><\/p>\n<\/div>\n<\/article>\n<\/div>\n<\/div>\n<\/div>\n<\/div>\n<\/article>\n<\/div>\n<\/div>\n<\/div>\n","protected":false},"excerpt":{"rendered":"<p>07 Esta es la Efem\u00e9rides del Deporte en el Chaco de un 13 de marzo del periodista Luis Dar\u00edo Molodezky. 1941 \/ Se inicia el Campeonato Argentino de Novicios de boxeo, donde Chaco estuvo representado por Pedro Acosta, Jos\u00e9 Za\u00edn, Luis Torres, Florencio Zain, Silveiro Mi\u00f1o, Baltazar Dom\u00ednguez y Germ\u00e1n Alonso que fue finalista, perdiendo &hellip;<\/p>\n","protected":false},"author":2,"featured_media":33847,"comment_status":"open","ping_status":"open","sticky":false,"template":"","format":"standard","meta":{"footnotes":""},"categories":[45,33],"tags":[],"class_list":["post-33846","post","type-post","status-publish","format-standard","has-post-thumbnail","hentry","category-efemerides-dia-por-dia","category-marzo"],"_links":{"self":[{"href":"https:\/\/www.sportchaco.com.ar\/index.php?rest_route=\/wp\/v2\/posts\/33846","targetHints":{"allow":["GET"]}}],"collection":[{"href":"https:\/\/www.sportchaco.com.ar\/index.php?rest_route=\/wp\/v2\/posts"}],"about":[{"href":"https:\/\/www.sportchaco.com.ar\/index.php?rest_route=\/wp\/v2\/types\/post"}],"author":[{"embeddable":true,"href":"https:\/\/www.sportchaco.com.ar\/index.php?rest_route=\/wp\/v2\/users\/2"}],"replies":[{"embeddable":true,"href":"https:\/\/www.sportchaco.com.ar\/index.php?rest_route=%2Fwp%2Fv2%2Fcomments&post=33846"}],"version-history":[{"count":4,"href":"https:\/\/www.sportchaco.com.ar\/index.php?rest_route=\/wp\/v2\/posts\/33846\/revisions"}],"predecessor-version":[{"id":33874,"href":"https:\/\/www.sportchaco.com.ar\/index.php?rest_route=\/wp\/v2\/posts\/33846\/revisions\/33874"}],"wp:featuredmedia":[{"embeddable":true,"href":"https:\/\/www.sportchaco.com.ar\/index.php?rest_route=\/wp\/v2\/media\/33847"}],"wp:attachment":[{"href":"https:\/\/www.sportchaco.com.ar\/index.php?rest_route=%2Fwp%2Fv2%2Fmedia&parent=33846"}],"wp:term":[{"taxonomy":"category","embeddable":true,"href":"https:\/\/www.sportchaco.com.ar\/index.php?rest_route=%2Fwp%2Fv2%2Fcategories&post=33846"},{"taxonomy":"post_tag","embeddable":true,"href":"https:\/\/www.sportchaco.com.ar\/index.php?rest_route=%2Fwp%2Fv2%2Ftags&post=33846"}],"curies":[{"name":"wp","href":"https:\/\/api.w.org\/{rel}","templated":true}]}}