{"id":33851,"date":"2026-03-12T11:11:07","date_gmt":"2026-03-12T14:11:07","guid":{"rendered":"https:\/\/www.sportchaco.com.ar\/?p=33851"},"modified":"2026-03-12T11:11:07","modified_gmt":"2026-03-12T14:11:07","slug":"carta-abierta-al-gobernador-zdero-porque-cuando-un-club-del-interior-crece-el-chaco-crece-con-el","status":"publish","type":"post","link":"https:\/\/www.sportchaco.com.ar\/?p=33851","title":{"rendered":"Carta abierta al Gobernador Zdero: \u201cPorque cuando un club del interior crece, el Chaco crece con \u00e9l\u201d"},"content":{"rendered":"<p><strong>12-03-2026<\/strong><\/p>\n<p><img loading=\"lazy\" decoding=\"async\" class=\"aligncenter size-full wp-image-33500\" src=\"https:\/\/www.sportchaco.com.ar\/wp-content\/uploads\/2026\/03\/Agua-Segura_940x90-33.gif\" alt=\"\" width=\"937\" height=\"90\" \/><\/p>\n<p>El documento, fechado el 12 de marzo de 2026 en Puerto Vilelas, expresa la preocupaci\u00f3n de la instituci\u00f3n por los costos que implica competir en una categor\u00eda profesional del f\u00fatbol argentino. Seg\u00fan explicaron las autoridades del club, el pasado 25 de febrero presentaron formalmente una nota ante la Loter\u00eda Chaque\u00f1a solicitando acompa\u00f1amiento econ\u00f3mico para sostener la participaci\u00f3n en el torneo nacional, aunque hasta el momento no habr\u00edan recibido una respuesta formal.<\/p>\n<p>En la carta, quienes integran la familia del club se\u00f1alan que disputar el Federal \u00abA\u00bb requiere una estructura importante en t\u00e9rminos de log\u00edstica, recursos y organizaci\u00f3n, algo que representa un enorme esfuerzo para una instituci\u00f3n del interior provincial.<\/p>\n<p>\u201cQuienes formamos parte de la familia del Club Atl\u00e9tico Defensores de Vilelas nos dirigimos a usted con la emoci\u00f3n y la esperanza de quienes sienten que est\u00e1n viviendo un momento hist\u00f3rico\u201d, se\u00f1ala el documento en su inicio.<\/p>\n<p>La dirigencia remarca adem\u00e1s que el ascenso del equipo fue fruto del esfuerzo colectivo de toda la comunidad.<\/p>\n<p>\u201cEl ascenso de Defensores no fue casualidad. Fue una verdadera haza\u00f1a construida con sacrificio, trabajo silencioso y el coraz\u00f3n de un pueblo que nunca dej\u00f3 de creer\u201d, expresa la carta.<\/p>\n<p><img loading=\"lazy\" decoding=\"async\" class=\"aligncenter size-large wp-image-33854\" src=\"https:\/\/www.sportchaco.com.ar\/wp-content\/uploads\/2026\/03\/defensores-hinchada-1024x683.jpg\" alt=\"\" width=\"1024\" height=\"683\" srcset=\"https:\/\/www.sportchaco.com.ar\/wp-content\/uploads\/2026\/03\/defensores-hinchada-1024x683.jpg 1024w, https:\/\/www.sportchaco.com.ar\/wp-content\/uploads\/2026\/03\/defensores-hinchada-300x200.jpg 300w, https:\/\/www.sportchaco.com.ar\/wp-content\/uploads\/2026\/03\/defensores-hinchada-768x512.jpg 768w, https:\/\/www.sportchaco.com.ar\/wp-content\/uploads\/2026\/03\/defensores-hinchada.jpg 1280w\" sizes=\"auto, (max-width: 1024px) 100vw, 1024px\" \/><\/p>\n<p>En ese sentido, tambi\u00e9n destacan el rol social que cumple la instituci\u00f3n en la provincia.<\/p>\n<p>\u201cDefensores no es solamente un equipo de f\u00fatbol. Es la representaci\u00f3n genuina del trabajo de cientos de clubes de nuestra extensa geograf\u00eda provincial, instituciones que todos los d\u00edas abren sus puertas para contener, educar y formar a nuestros chicos y j\u00f3venes\u201d.<\/p>\n<p>Otro de los puntos que subraya el documento es que el plantel est\u00e1 integrado en su totalidad por jugadores con identidad chaque\u00f1a, varios de ellos surgidos de la cantera del propio club o formados en instituciones barriales.<\/p>\n<p>\u201cNuestro plantel est\u00e1 integrado en su totalidad por jugadores de identidad chaque\u00f1a, varios de ellos formados en la cantera de nuestro propio club\u201d, destaca el texto.<\/p>\n<p>En ese marco, la instituci\u00f3n solicit\u00f3 igualdad de oportunidades para afrontar el desaf\u00edo deportivo.<\/p>\n<p>\u201cNo pedimos privilegios. Pedimos, se\u00f1or Gobernador, tener el mismo tratamiento que reciben otras instituciones deportivas que representan al Chaco en los torneos nacionales\u201d.<\/p>\n<p>La carta tambi\u00e9n pone de relieve el impacto social y econ\u00f3mico que genera el f\u00fatbol en las comunidades del interior.<\/p>\n<p>\u201cEl f\u00fatbol tambi\u00e9n construye identidad, futuro y dinamiza la econom\u00eda chaque\u00f1a\u201d, remarca el documento.<\/p>\n<p>Finalmente, la Comisi\u00f3n Directiva expres\u00f3 su expectativa de lograr el acompa\u00f1amiento del Gobierno provincial para afrontar este momento clave en la historia del club.<\/p>\n<p>El texto fue firmado por la presidenta Amelia Beatriz Pujol y el vicepresidente Daniel David Coria, quienes cerraron el documento con una frase que resume el esp\u00edritu del pedido: \u201cPorque cuando un club del interior crece, el Chaco crece con \u00e9l\u201d.<\/p>\n<p><img loading=\"lazy\" decoding=\"async\" class=\"aligncenter size-full wp-image-33504\" src=\"https:\/\/www.sportchaco.com.ar\/wp-content\/uploads\/2026\/03\/MERCADO-LIBRE_200x200-05.gif\" alt=\"\" width=\"417\" height=\"417\" \/><\/p>\n","protected":false},"excerpt":{"rendered":"<p>12-03-2026 El documento, fechado el 12 de marzo de 2026 en Puerto Vilelas, expresa la preocupaci\u00f3n de la instituci\u00f3n por los costos que implica competir en una categor\u00eda profesional del f\u00fatbol argentino. Seg\u00fan explicaron las autoridades del club, el pasado 25 de febrero presentaron formalmente una nota ante la Loter\u00eda Chaque\u00f1a solicitando acompa\u00f1amiento econ\u00f3mico para &hellip;<\/p>\n","protected":false},"author":3,"featured_media":32376,"comment_status":"open","ping_status":"open","sticky":false,"template":"","format":"standard","meta":{"footnotes":""},"categories":[5],"tags":[],"class_list":["post-33851","post","type-post","status-publish","format-standard","has-post-thumbnail","hentry","category-futbol"],"_links":{"self":[{"href":"https:\/\/www.sportchaco.com.ar\/index.php?rest_route=\/wp\/v2\/posts\/33851","targetHints":{"allow":["GET"]}}],"collection":[{"href":"https:\/\/www.sportchaco.com.ar\/index.php?rest_route=\/wp\/v2\/posts"}],"about":[{"href":"https:\/\/www.sportchaco.com.ar\/index.php?rest_route=\/wp\/v2\/types\/post"}],"author":[{"embeddable":true,"href":"https:\/\/www.sportchaco.com.ar\/index.php?rest_route=\/wp\/v2\/users\/3"}],"replies":[{"embeddable":true,"href":"https:\/\/www.sportchaco.com.ar\/index.php?rest_route=%2Fwp%2Fv2%2Fcomments&post=33851"}],"version-history":[{"count":1,"href":"https:\/\/www.sportchaco.com.ar\/index.php?rest_route=\/wp\/v2\/posts\/33851\/revisions"}],"predecessor-version":[{"id":33855,"href":"https:\/\/www.sportchaco.com.ar\/index.php?rest_route=\/wp\/v2\/posts\/33851\/revisions\/33855"}],"wp:featuredmedia":[{"embeddable":true,"href":"https:\/\/www.sportchaco.com.ar\/index.php?rest_route=\/wp\/v2\/media\/32376"}],"wp:attachment":[{"href":"https:\/\/www.sportchaco.com.ar\/index.php?rest_route=%2Fwp%2Fv2%2Fmedia&parent=33851"}],"wp:term":[{"taxonomy":"category","embeddable":true,"href":"https:\/\/www.sportchaco.com.ar\/index.php?rest_route=%2Fwp%2Fv2%2Fcategories&post=33851"},{"taxonomy":"post_tag","embeddable":true,"href":"https:\/\/www.sportchaco.com.ar\/index.php?rest_route=%2Fwp%2Fv2%2Ftags&post=33851"}],"curies":[{"name":"wp","href":"https:\/\/api.w.org\/{rel}","templated":true}]}}