{"id":33858,"date":"2026-03-12T17:13:45","date_gmt":"2026-03-12T20:13:45","guid":{"rendered":"https:\/\/www.sportchaco.com.ar\/?p=33858"},"modified":"2026-03-12T17:13:45","modified_gmt":"2026-03-12T20:13:45","slug":"marcelo-gonzalez-representara-al-chaco-en-el-cofedis","status":"publish","type":"post","link":"https:\/\/www.sportchaco.com.ar\/?p=33858","title":{"rendered":"Marcelo G\u00f3nzalez representar\u00e1 al Chaco en el COFEDIS"},"content":{"rendered":"<p><strong>12-03-2026<\/strong><\/p>\n<p><img loading=\"lazy\" decoding=\"async\" class=\"aligncenter size-full wp-image-33066\" src=\"https:\/\/www.sportchaco.com.ar\/wp-content\/uploads\/2026\/02\/MERCADO-LIBRE_320x50-21.gif\" alt=\"\" width=\"667\" height=\"104\" \/><\/p>\n<p>En un proceso de elecci\u00f3n entre pares que fortalece la democracia institucional, las organizaciones de la sociedad civil del Chaco designaron a su referente que llevar\u00e1 las demandas locales al escenario nacional.<\/p>\n<p>La elecci\u00f3n por parte de sus pares de Marcelo Gonz\u00e1lez parece un paso s\u00f3lido para la representaci\u00f3n del Chaco, Gonz\u00e1lez tiene el desaf\u00edo de canalizar las demandas locales hacia el Consejo Federal de Discapacidad, un organismo clave donde se definen pol\u00edticas p\u00fablicas para todo el pa\u00eds.<\/p>\n<p><img loading=\"lazy\" decoding=\"async\" class=\"aligncenter size-full wp-image-33859\" src=\"https:\/\/www.sportchaco.com.ar\/wp-content\/uploads\/2026\/03\/pingui-gonzalez.jpg\" alt=\"\" width=\"720\" height=\"720\" srcset=\"https:\/\/www.sportchaco.com.ar\/wp-content\/uploads\/2026\/03\/pingui-gonzalez.jpg 720w, https:\/\/www.sportchaco.com.ar\/wp-content\/uploads\/2026\/03\/pingui-gonzalez-300x300.jpg 300w, https:\/\/www.sportchaco.com.ar\/wp-content\/uploads\/2026\/03\/pingui-gonzalez-150x150.jpg 150w\" sizes=\"auto, (max-width: 720px) 100vw, 720px\" \/><\/p>\n<p>Su gesti\u00f3n se va centrar en puntos cr\u00edticos para las ONGs chaque\u00f1as, tales como, el financiamiento de las prestaciones b\u00e1sicas, la accesibilidad tanto f\u00edsica como comunicacional en el interior de la provincia como as\u00ed tambi\u00e9n la agilizaci\u00f3n de tr\u00e1mites y descentralizaci\u00f3n por otro lado el empleo inclusivo, fortalecimiento de los cupos laborales y capacitaciones.<\/p>\n<p>Marcelo Gonz\u00e1lez aporta la experiencia de la Fundaci\u00f3n DESOCHA la cual es un referente indiscutido en el deporte adaptado y la inclusi\u00f3n social.<\/p>\n<p><img loading=\"lazy\" decoding=\"async\" class=\"aligncenter size-full wp-image-31856\" src=\"https:\/\/www.sportchaco.com.ar\/wp-content\/uploads\/2026\/01\/Ahorros-de-Verano-BANNERS-WEB_250x250-08.gif\" alt=\"\" width=\"521\" height=\"521\" \/><\/p>\n","protected":false},"excerpt":{"rendered":"<p>12-03-2026 En un proceso de elecci\u00f3n entre pares que fortalece la democracia institucional, las organizaciones de la sociedad civil del Chaco designaron a su referente que llevar\u00e1 las demandas locales al escenario nacional. La elecci\u00f3n por parte de sus pares de Marcelo Gonz\u00e1lez parece un paso s\u00f3lido para la representaci\u00f3n del Chaco, Gonz\u00e1lez tiene el &hellip;<\/p>\n","protected":false},"author":3,"featured_media":33860,"comment_status":"open","ping_status":"open","sticky":false,"template":"","format":"standard","meta":{"footnotes":""},"categories":[44],"tags":[],"class_list":["post-33858","post","type-post","status-publish","format-standard","has-post-thumbnail","hentry","category-varios"],"_links":{"self":[{"href":"https:\/\/www.sportchaco.com.ar\/index.php?rest_route=\/wp\/v2\/posts\/33858","targetHints":{"allow":["GET"]}}],"collection":[{"href":"https:\/\/www.sportchaco.com.ar\/index.php?rest_route=\/wp\/v2\/posts"}],"about":[{"href":"https:\/\/www.sportchaco.com.ar\/index.php?rest_route=\/wp\/v2\/types\/post"}],"author":[{"embeddable":true,"href":"https:\/\/www.sportchaco.com.ar\/index.php?rest_route=\/wp\/v2\/users\/3"}],"replies":[{"embeddable":true,"href":"https:\/\/www.sportchaco.com.ar\/index.php?rest_route=%2Fwp%2Fv2%2Fcomments&post=33858"}],"version-history":[{"count":1,"href":"https:\/\/www.sportchaco.com.ar\/index.php?rest_route=\/wp\/v2\/posts\/33858\/revisions"}],"predecessor-version":[{"id":33861,"href":"https:\/\/www.sportchaco.com.ar\/index.php?rest_route=\/wp\/v2\/posts\/33858\/revisions\/33861"}],"wp:featuredmedia":[{"embeddable":true,"href":"https:\/\/www.sportchaco.com.ar\/index.php?rest_route=\/wp\/v2\/media\/33860"}],"wp:attachment":[{"href":"https:\/\/www.sportchaco.com.ar\/index.php?rest_route=%2Fwp%2Fv2%2Fmedia&parent=33858"}],"wp:term":[{"taxonomy":"category","embeddable":true,"href":"https:\/\/www.sportchaco.com.ar\/index.php?rest_route=%2Fwp%2Fv2%2Fcategories&post=33858"},{"taxonomy":"post_tag","embeddable":true,"href":"https:\/\/www.sportchaco.com.ar\/index.php?rest_route=%2Fwp%2Fv2%2Ftags&post=33858"}],"curies":[{"name":"wp","href":"https:\/\/api.w.org\/{rel}","templated":true}]}}