{"id":33882,"date":"2026-03-13T10:53:49","date_gmt":"2026-03-13T13:53:49","guid":{"rendered":"https:\/\/www.sportchaco.com.ar\/?p=33882"},"modified":"2026-03-13T12:24:31","modified_gmt":"2026-03-13T15:24:31","slug":"un-lujoruben-magnano-paso-por-italiana-de-charata","status":"publish","type":"post","link":"https:\/\/www.sportchaco.com.ar\/?p=33882","title":{"rendered":"Un lujo, Rub\u00e9n Magnano pas\u00f3 por Italiana de Charata"},"content":{"rendered":"<div class=\"xdj266r x14z9mp xat24cr x1lziwak x1vvkbs x126k92a\">\n<div dir=\"auto\"><\/div>\n<\/div>\n<div class=\"x14z9mp xat24cr x1lziwak x1vvkbs xtlvy1s x126k92a\">\n<div dir=\"auto\">El profesor de Educaci\u00f3n F\u00edsica y T\u00e9cnico de B\u00e1squet, Rub\u00e9n Magnano , campe\u00f3n ol\u00edmpico medalla de oro con la seleccion argentina en Atenas 2004 brindo una charla motivacional y psicologica para los deportistas, profesores, sponsors y miembros de subcomisiones de Italiana.<\/div>\n<div dir=\"auto\"><\/div>\n<div dir=\"auto\">Al finalizar, recibi\u00f3 un presente por parte del Presidente del club Marcelo Golob, firm\u00f3 aut\u00f3grafos y se fotografi\u00f3 con los jugadores de la entidad.<\/div>\n<\/div>\n<div dir=\"auto\"><\/div>\n<div dir=\"auto\"><img decoding=\"async\" src=\"https:\/\/scontent.fcnq2-1.fna.fbcdn.net\/v\/t39.30808-6\/651499599_1531772132286575_6894670118511287579_n.jpg?_nc_cat=105&amp;ccb=1-7&amp;_nc_sid=13d280&amp;_nc_eui2=AeFa4EJoMWh6VT7yGiLIAFiCFymBUY_T7CsXKYFRj9PsK-Pf1D-04mP4ixG7F_BTx2E&amp;_nc_ohc=X3HjfTSmmAgQ7kNvwHFpPLo&amp;_nc_oc=AdlZfcjlA9fyKX4DR5AIw3Ss9bKGAR_aQnBo5yEgD3fL3J_OT4R0BgP2O73nZ9hng9U&amp;_nc_zt=23&amp;_nc_ht=scontent.fcnq2-1.fna&amp;_nc_gid=xuIvH19ub8KzIJCTYhATKg&amp;_nc_ss=8&amp;oh=00_Afxu5rGAh_irQMUBbLjOErplfUD3Fo5BNcHo1e6jYh-lRQ&amp;oe=69B9F41E\" alt=\"Puede ser una imagen de v\u00f3leibol y multitud\" \/><\/div>\n<div dir=\"auto\"><img loading=\"lazy\" decoding=\"async\" class=\"alignnone size-medium wp-image-33885\" src=\"https:\/\/www.sportchaco.com.ar\/wp-content\/uploads\/2026\/03\/BANNER-WEB-MOSQUITOS-SALUD_320x50-21-300x47.gif\" alt=\"\" width=\"300\" height=\"47\" \/> <img loading=\"lazy\" decoding=\"async\" class=\"alignnone size-medium wp-image-33886\" src=\"https:\/\/www.sportchaco.com.ar\/wp-content\/uploads\/2026\/03\/MERCADO-LIBRE_300x600-17-150x300.gif\" alt=\"\" width=\"150\" height=\"300\" srcset=\"https:\/\/www.sportchaco.com.ar\/wp-content\/uploads\/2026\/03\/MERCADO-LIBRE_300x600-17-150x300.gif 150w, https:\/\/www.sportchaco.com.ar\/wp-content\/uploads\/2026\/03\/MERCADO-LIBRE_300x600-17-512x1024.gif 512w\" sizes=\"auto, (max-width: 150px) 100vw, 150px\" \/> <img loading=\"lazy\" decoding=\"async\" class=\"alignnone size-medium wp-image-33887\" src=\"https:\/\/www.sportchaco.com.ar\/wp-content\/uploads\/2026\/03\/MERCADO-LIBRE_320x50-21-1-300x47.gif\" alt=\"\" width=\"300\" height=\"47\" \/><\/div>\n<div dir=\"auto\">\n<div class=\"qc-article__body\">\n<p><em><strong>QUINTO CUARTO NEA<\/strong><\/em><\/p>\n<p>La jornada incluy\u00f3 adem\u00e1s la participaci\u00f3n del psic\u00f3logo deportivo <strong>Ezequiel Bergero<\/strong>, quien aport\u00f3 su mirada profesional en algunos de los temas abordados, complementando las reflexiones del entrenador y generando un interesante intercambio sobre c\u00f3mo se trabajan ciertos aspectos psicol\u00f3gicos dentro de los equipos.<\/p>\n<figure class=\"image image-style-side\"><img loading=\"lazy\" decoding=\"async\" src=\"https:\/\/quintocuartonea.com\/media\/651554870_1531772102286578_2456867582563577497_n.jpg\" width=\"1440\" height=\"1920\" \/><\/figure>\n<p>Lejos de centrarse \u00fanicamente en el logro ol\u00edmpico, el encuentro se enfoc\u00f3 en el proceso y en las experiencias acumuladas a lo largo de la trayectoria del entrenador, incluyendo el camino que llev\u00f3 a la selecci\u00f3n argentina a consagrarse en Atenas y el trabajo previo en torneos internacionales como el de Indian\u00e1polis.<\/p>\n<p><strong>Al finalizar la actividad, Magnano recibi\u00f3 un presente por parte del presidente del club, Marcelo Golob, y luego comparti\u00f3 un momento con los j\u00f3venes deportistas de la instituci\u00f3n, firmando aut\u00f3grafos y fotografi\u00e1ndose con los jugadores.<\/strong><\/p>\n<p>La presencia del hist\u00f3rico entrenador en Charata se dio como parte de su paso por la regi\u00f3n, ya que este fin de semana continuar\u00e1 su agenda en Las Bre\u00f1as, donde desarrollar\u00e1 otra actividad en el\u00a0<strong>club Ambalab,<\/strong>\u00a0en el marco de encuentros de formaci\u00f3n vinculados al desarrollo del b\u00e1squet en el interior chaque\u00f1o.<\/p>\n<figure class=\"image image-style-align-center\"><img loading=\"lazy\" decoding=\"async\" src=\"https:\/\/quintocuartonea.com\/media\/650594728_1531772118953243_6707832672764513143_n.jpg\" width=\"1440\" height=\"754\" \/><\/figure>\n<p>&nbsp;<\/p>\n<\/div>\n<div class=\"qc-article__author\"><em><strong>Firma: Guillermo Koster &#8211; Gentileza<\/strong><\/em><\/div>\n<\/div>\n","protected":false},"excerpt":{"rendered":"<p>El profesor de Educaci\u00f3n F\u00edsica y T\u00e9cnico de B\u00e1squet, Rub\u00e9n Magnano , campe\u00f3n ol\u00edmpico medalla de oro con la seleccion argentina en Atenas 2004 brindo una charla motivacional y psicologica para los deportistas, profesores, sponsors y miembros de subcomisiones de Italiana. Al finalizar, recibi\u00f3 un presente por parte del Presidente del club Marcelo Golob, firm\u00f3 &hellip;<\/p>\n","protected":false},"author":2,"featured_media":33883,"comment_status":"open","ping_status":"open","sticky":false,"template":"","format":"standard","meta":{"footnotes":""},"categories":[3],"tags":[],"class_list":["post-33882","post","type-post","status-publish","format-standard","has-post-thumbnail","hentry","category-basquetbol"],"_links":{"self":[{"href":"https:\/\/www.sportchaco.com.ar\/index.php?rest_route=\/wp\/v2\/posts\/33882","targetHints":{"allow":["GET"]}}],"collection":[{"href":"https:\/\/www.sportchaco.com.ar\/index.php?rest_route=\/wp\/v2\/posts"}],"about":[{"href":"https:\/\/www.sportchaco.com.ar\/index.php?rest_route=\/wp\/v2\/types\/post"}],"author":[{"embeddable":true,"href":"https:\/\/www.sportchaco.com.ar\/index.php?rest_route=\/wp\/v2\/users\/2"}],"replies":[{"embeddable":true,"href":"https:\/\/www.sportchaco.com.ar\/index.php?rest_route=%2Fwp%2Fv2%2Fcomments&post=33882"}],"version-history":[{"count":5,"href":"https:\/\/www.sportchaco.com.ar\/index.php?rest_route=\/wp\/v2\/posts\/33882\/revisions"}],"predecessor-version":[{"id":33910,"href":"https:\/\/www.sportchaco.com.ar\/index.php?rest_route=\/wp\/v2\/posts\/33882\/revisions\/33910"}],"wp:featuredmedia":[{"embeddable":true,"href":"https:\/\/www.sportchaco.com.ar\/index.php?rest_route=\/wp\/v2\/media\/33883"}],"wp:attachment":[{"href":"https:\/\/www.sportchaco.com.ar\/index.php?rest_route=%2Fwp%2Fv2%2Fmedia&parent=33882"}],"wp:term":[{"taxonomy":"category","embeddable":true,"href":"https:\/\/www.sportchaco.com.ar\/index.php?rest_route=%2Fwp%2Fv2%2Fcategories&post=33882"},{"taxonomy":"post_tag","embeddable":true,"href":"https:\/\/www.sportchaco.com.ar\/index.php?rest_route=%2Fwp%2Fv2%2Ftags&post=33882"}],"curies":[{"name":"wp","href":"https:\/\/api.w.org\/{rel}","templated":true}]}}