{"id":33897,"date":"2026-03-13T11:10:34","date_gmt":"2026-03-13T14:10:34","guid":{"rendered":"https:\/\/www.sportchaco.com.ar\/?p=33897"},"modified":"2026-03-13T14:38:35","modified_gmt":"2026-03-13T17:38:35","slug":"el-corazon-del-chango-cravero-freno-su-ciclo-en-el-club-cipolletti","status":"publish","type":"post","link":"https:\/\/www.sportchaco.com.ar\/?p=33897","title":{"rendered":"El coraz\u00f3n del Chango Cravero fren\u00f3 su ciclo en el Club Cipolletti"},"content":{"rendered":"<div class=\"item is-12\">\n<header><strong>13-03-2026<\/strong><\/p>\n<p><img loading=\"lazy\" decoding=\"async\" class=\"aligncenter size-full wp-image-33887\" src=\"https:\/\/www.sportchaco.com.ar\/wp-content\/uploads\/2026\/03\/MERCADO-LIBRE_320x50-21-1.gif\" alt=\"\" width=\"667\" height=\"104\" \/><\/p>\n<p>Cimbronazo en el Albinegro a menos de dos semanas para el debut en el Federal A. Su ya ex t\u00e9nico ser\u00e1 operado del coraz\u00f3n en la ciudad rionegrina y Barbona (ayudante de campo del Chango) toma las riendas del plantel.<\/p>\n<div class=\"articulo__autorfecha\">\n<div class=\"autor\">\n<div class=\"autor__img fotos\"><strong>Por Oscar M\u00e9ndez<\/strong><\/div>\n<div class=\"autor__info\">\n<p class=\"autor__firmante\"><strong>Periodista deportivo. Redactor secci\u00f3n Deportes en Mejor Informado.<\/strong><\/p>\n<\/div>\n<\/div>\n<div class=\"right\">\n<div class=\"compartir\"><span style=\"color: #000000;\">Adri\u00e1n Calfu\u00e1n, vice del Club Cipolletti, Daniel Cravero, DT, Marcelo Bast\u00edas, titular de la subcomisi\u00f3n de f\u00fatbol albinegra, y Lucas Mancini presidente de la instituci\u00f3n.<\/span><\/div>\n<div><\/div>\n<div class=\"compartir\"><strong style=\"color: #000000;\">De manera inesperada<\/strong><span style=\"color: #000000;\">, la salud de\u00a0<\/span><a class=\"link\" style=\"color: #000000;\" href=\"https:\/\/www.mejorinformado.com\/deportes\/cipolletti-queda-dt-cravero-dejo-cargo-9-dias-federal_1773259932\" target=\"_blank\" rel=\"noopener\">Daniel Cravero\u00a0<\/a><span style=\"color: #000000;\">alter\u00f3 sus planes personales y del\u00a0<\/span><a class=\"link\" style=\"color: #000000;\" href=\"https:\/\/www.mejorinformado.com\/deportes\/debut-cipolletti-torneo-federal-sera-viernes-20-rio-cuarto_1773089749\" target=\"_blank\" rel=\"noopener\">Club Cipolletti\u00a0<\/a><span style=\"color: #000000;\">de cara al pr\u00f3ximo\u00a0<\/span><a class=\"link\" style=\"color: #000000;\" href=\"https:\/\/www.mejorinformado.com\/deportes\/federal-2026-asi-sera-camino-deportivo-rincon-cipolletti-clasico-regional-confirmado_1772555340\" target=\"_blank\" rel=\"noopener\">Federal A<\/a><span style=\"color: #000000;\">\u00a0que\u00a0<\/span><strong style=\"color: #000000;\">comienza en menos 8 d\u00edas<\/strong><span style=\"color: #000000;\">. El Chango, quien fue renovado con mucha anticipaci\u00f3n de cara al 2026\u00a0<\/span><strong style=\"color: #000000;\">ser\u00e1 intervenido del coraz\u00f3n y por prescripci\u00f3n m\u00e9dica no podr\u00e1 seguir en funciones.<\/strong><\/div>\n<\/div>\n<\/div>\n<\/header>\n<\/div>\n<div class=\"item is-body\">\n<article class=\"articulo\" data-id=\"69b3265f951cfd000235c52f\">\n<div class=\"articulo__container\">\n<div class=\"articulo__body\">\n<div class=\"container-spot\" data-tipo=\"tipo_todo\" data-pos=\"AMP_P1_cuerpo\"><\/div>\n<p>La instituci\u00f3n confirm\u00f3 todo mediante una conferencia de prensa. Ech\u00f3 por tierra todo tipo de especulaciones y\u00a0<strong>confirm\u00f3 al ayudante de campo de Cravero, Alejandro Barbona, como el responsable de cara al debut contra Atenas en R\u00edo Cuarto.<\/strong><\/p>\n<p><strong>Bruno Gorer y Germ\u00e1n Alecha<\/strong>, dos nombres conocidos dentro del club albinegro y que est\u00e1n trabajando en inferiores,\u00a0<strong>se acercar\u00e1n m\u00e1s al Federal A y el andar ir\u00e1 determinando los pasos a seguir.<\/strong><\/p>\n<p>Marcelo Bast\u00edas, presidente de la subcomisi\u00f3n de f\u00fatbol local no quiera apurarse. Este es un plantel nuevo que arm\u00f3 el cuerpo t\u00e9cnico, que viene trabajando con \u00e9l desde hace m\u00e1s de un mes y hay quiere esperar a ver como responde.<\/p>\n<p>Si el comienzo es bueno, no hay que desechar nada porque Cravero permanecer\u00e1 en la ciudad, afrontar\u00e1 aqu\u00ed mismo su intervenci\u00f3n quir\u00fargica y llegar\u00e1 la familia para acompa\u00f1arlo en todo el proceso.<\/p>\n<h2 class=\"h2\">Muy agradecido<\/h2>\n<p>Cravero quiso ser claro en su alejamiento. \u201cSon cosas de la vida.\u00a0<strong>Tengo 60 a\u00f1os y nunca me hab\u00eda pasado una cosa as\u00ed. Voy a operarme ac\u00e1 y enfrentar lo que venga\u201d,<\/strong>\u00a0dijo.<\/p>\n<p>El Club Cipolletti informa que, de com\u00fan acuerdo, Daniel Cravero no continuar\u00e1 como Director T\u00e9cnico del plantel profesional.<\/p>\n<\/div>\n<\/div>\n<\/article>\n<\/div>\n<p>La decisi\u00f3n fue tomada de manera conjunta, priorizando cuestiones vinculadas a su salud, entendiendo que en este momento es lo m\u00e1s importante.<br class=\"html-br\" \/><br class=\"html-br\" \/>Desde la instituci\u00f3n queremos agradecerle profundamente su compromiso, profesionalismo y trabajo durante el tiempo que form\u00f3 parte de nuestro club, dese\u00e1ndole una pronta recuperaci\u00f3n y lo mejor para lo que viene.<br class=\"html-br\" \/><br class=\"html-br\" \/>\u00a1VAMOS CHANGO! Todo el mundo Albinegro te acompa\u00f1a.<\/p>\n<p style=\"text-align: center;\"><img loading=\"lazy\" decoding=\"async\" class=\"alignnone size-medium wp-image-33886\" src=\"https:\/\/www.sportchaco.com.ar\/wp-content\/uploads\/2026\/03\/MERCADO-LIBRE_300x600-17-150x300.gif\" alt=\"\" width=\"150\" height=\"300\" srcset=\"https:\/\/www.sportchaco.com.ar\/wp-content\/uploads\/2026\/03\/MERCADO-LIBRE_300x600-17-150x300.gif 150w, https:\/\/www.sportchaco.com.ar\/wp-content\/uploads\/2026\/03\/MERCADO-LIBRE_300x600-17-512x1024.gif 512w\" sizes=\"auto, (max-width: 150px) 100vw, 150px\" \/> <img loading=\"lazy\" decoding=\"async\" class=\"alignnone size-medium wp-image-33891\" src=\"https:\/\/www.sportchaco.com.ar\/wp-content\/uploads\/2026\/03\/BANNER-WEB-MOSQUITOS-SALUD_300x600-17-1-150x300.gif\" alt=\"\" width=\"150\" height=\"300\" \/><\/p>\n","protected":false},"excerpt":{"rendered":"<p>13-03-2026 Cimbronazo en el Albinegro a menos de dos semanas para el debut en el Federal A. Su ya ex t\u00e9nico ser\u00e1 operado del coraz\u00f3n en la ciudad rionegrina y Barbona (ayudante de campo del Chango) toma las riendas del plantel. Por Oscar M\u00e9ndez Periodista deportivo. Redactor secci\u00f3n Deportes en Mejor Informado. Adri\u00e1n Calfu\u00e1n, vice &hellip;<\/p>\n","protected":false},"author":2,"featured_media":33898,"comment_status":"open","ping_status":"open","sticky":false,"template":"","format":"standard","meta":{"footnotes":""},"categories":[5],"tags":[],"class_list":["post-33897","post","type-post","status-publish","format-standard","has-post-thumbnail","hentry","category-futbol"],"_links":{"self":[{"href":"https:\/\/www.sportchaco.com.ar\/index.php?rest_route=\/wp\/v2\/posts\/33897","targetHints":{"allow":["GET"]}}],"collection":[{"href":"https:\/\/www.sportchaco.com.ar\/index.php?rest_route=\/wp\/v2\/posts"}],"about":[{"href":"https:\/\/www.sportchaco.com.ar\/index.php?rest_route=\/wp\/v2\/types\/post"}],"author":[{"embeddable":true,"href":"https:\/\/www.sportchaco.com.ar\/index.php?rest_route=\/wp\/v2\/users\/2"}],"replies":[{"embeddable":true,"href":"https:\/\/www.sportchaco.com.ar\/index.php?rest_route=%2Fwp%2Fv2%2Fcomments&post=33897"}],"version-history":[{"count":4,"href":"https:\/\/www.sportchaco.com.ar\/index.php?rest_route=\/wp\/v2\/posts\/33897\/revisions"}],"predecessor-version":[{"id":33925,"href":"https:\/\/www.sportchaco.com.ar\/index.php?rest_route=\/wp\/v2\/posts\/33897\/revisions\/33925"}],"wp:featuredmedia":[{"embeddable":true,"href":"https:\/\/www.sportchaco.com.ar\/index.php?rest_route=\/wp\/v2\/media\/33898"}],"wp:attachment":[{"href":"https:\/\/www.sportchaco.com.ar\/index.php?rest_route=%2Fwp%2Fv2%2Fmedia&parent=33897"}],"wp:term":[{"taxonomy":"category","embeddable":true,"href":"https:\/\/www.sportchaco.com.ar\/index.php?rest_route=%2Fwp%2Fv2%2Fcategories&post=33897"},{"taxonomy":"post_tag","embeddable":true,"href":"https:\/\/www.sportchaco.com.ar\/index.php?rest_route=%2Fwp%2Fv2%2Ftags&post=33897"}],"curies":[{"name":"wp","href":"https:\/\/api.w.org\/{rel}","templated":true}]}}