{"id":33901,"date":"2026-03-13T23:40:49","date_gmt":"2026-03-14T02:40:49","guid":{"rendered":"https:\/\/www.sportchaco.com.ar\/?p=33901"},"modified":"2026-03-13T23:42:36","modified_gmt":"2026-03-14T02:42:36","slug":"efemerides-del-14-de-marzo-3","status":"publish","type":"post","link":"https:\/\/www.sportchaco.com.ar\/?p=33901","title":{"rendered":"Efem\u00e9rides del 14 de marzo"},"content":{"rendered":"<div class=\"container fullwidth-entry-title-wrapper\">\n<div class=\"container-wrapper fullwidth-entry-title\">\n<header class=\"entry-header-outer\">\n<div class=\"entry-header\">\n<div class=\"single-post-meta post-meta clearfix\"><\/div>\n<\/div>\n<\/header>\n<\/div>\n<\/div>\n<div id=\"content\" class=\"site-content container\">\n<div id=\"main-content-row\" class=\"tie-row main-content-row\">\n<div class=\"main-content tie-col-md-8 tie-col-xs-12\" role=\"main\">\n<article id=\"the-post\" class=\"container-wrapper post-content tie-standard\">\n<div class=\"featured-area\">\n<div class=\"featured-area-inner\"><\/div>\n<\/div>\n<div class=\"entry-content entry clearfix\">\n<div class=\"container fullwidth-entry-title-wrapper\">\n<div class=\"container-wrapper fullwidth-entry-title\">\n<header class=\"entry-header-outer\">\n<div class=\"entry-header\">\n<h1 class=\"post-title entry-title\"><\/h1>\n<\/div>\n<\/header>\n<\/div>\n<\/div>\n<div id=\"content\" class=\"site-content container\">\n<div id=\"main-content-row\" class=\"tie-row main-content-row\">\n<div class=\"main-content tie-col-md-8 tie-col-xs-12\" role=\"main\">\n<article id=\"the-post\" class=\"container-wrapper post-content tie-standard\">\n<div class=\"featured-area\">\n<div class=\"featured-area-inner\">\n<h5 class=\"single-featured-image\"><\/h5>\n<\/div>\n<\/div>\n<h4><strong>Esta es la Efem\u00e9rides del Deporte en el Chaco de un 14 de marzo del periodista Luis Dar\u00edo Molodezky.<\/strong><\/h4>\n<h5><\/h5>\n<p><img loading=\"lazy\" decoding=\"async\" class=\"alignnone size-medium wp-image-33904 aligncenter\" src=\"https:\/\/www.sportchaco.com.ar\/wp-content\/uploads\/2026\/03\/Luis-caraictura-10-03-2026-200x300.png\" alt=\"\" width=\"200\" height=\"300\" srcset=\"https:\/\/www.sportchaco.com.ar\/wp-content\/uploads\/2026\/03\/Luis-caraictura-10-03-2026-200x300.png 200w, https:\/\/www.sportchaco.com.ar\/wp-content\/uploads\/2026\/03\/Luis-caraictura-10-03-2026-683x1024.png 683w, https:\/\/www.sportchaco.com.ar\/wp-content\/uploads\/2026\/03\/Luis-caraictura-10-03-2026-768x1152.png 768w, https:\/\/www.sportchaco.com.ar\/wp-content\/uploads\/2026\/03\/Luis-caraictura-10-03-2026.png 1024w\" sizes=\"auto, (max-width: 200px) 100vw, 200px\" \/><\/p>\n<p style=\"text-align: center;\"><img loading=\"lazy\" decoding=\"async\" class=\"alignnone size-medium wp-image-33885\" src=\"https:\/\/www.sportchaco.com.ar\/wp-content\/uploads\/2026\/03\/BANNER-WEB-MOSQUITOS-SALUD_320x50-21-300x47.gif\" alt=\"\" width=\"300\" height=\"47\" \/> <img loading=\"lazy\" decoding=\"async\" class=\"alignnone size-medium wp-image-33887\" src=\"https:\/\/www.sportchaco.com.ar\/wp-content\/uploads\/2026\/03\/MERCADO-LIBRE_320x50-21-1-300x47.gif\" alt=\"\" width=\"300\" height=\"47\" \/><\/p>\n<div class=\"entry-content entry clearfix\">\n<p>&nbsp;<\/p>\n<p><strong>1969 \/<\/strong>\u00a0Carlos Monz\u00f3n le gana por KO3 en el estadio<br \/>\nde Sportivo de S\u00e1enz Pe\u00f1a a Mario Taborda.<\/p>\n<p><strong>2006 \/<\/strong>\u00a0Eduardo Gauna Rey, se impune en la<br \/>\nMarat\u00f3n Inauguraci\u00f3n del Acueducto Barranqueras-S\u00e1enz Pe\u00f1a,<br \/>\ndisputada en las calles de la ciudad Termal. 2) Juan A. Zacar\u00edas, 3)<br \/>\nRomualdo Parra (todos de Resistencia), 4) Atilio Centuri\u00f3n (S\u00e1enz<br \/>\nPe\u00f1a), 5) Humberto M\u00e9ndez (Machagai), 6) Daniel B\u00e1ez (S. Pe\u00f1a),<br \/>\n7) Domingo Ferreira (S. Pe\u00f1a), 8) Antonio Ponce (Fontana), 9)<br \/>\nGerardo Ortiz (Fontana) y 10) Enrique Toncheff (S. Pe\u00f1a).<\/p>\n<p><strong>2007 \/<\/strong>\u00a0Ricardo Siri, presidente de la Federaci\u00f3n<br \/>\nChaque\u00f1a de B\u00e1squetbol, es designado vicepresidente segundo de<br \/>\nla CABB, tras la propuesta de Horacio Muratore.<\/p>\n<p>&nbsp;<\/p>\n<p>&nbsp;<\/p>\n<p><strong>Foto de Ricardo Siri en la CABB con Tolcachier a la izquierda<\/strong><\/p>\n<p style=\"text-align: center;\"><img loading=\"lazy\" decoding=\"async\" class=\"alignnone size-medium wp-image-33890\" src=\"https:\/\/www.sportchaco.com.ar\/wp-content\/uploads\/2026\/03\/Ahorros-de-Verano-BANNERS-WEB_120x200-copia-3-1-180x300.gif\" alt=\"\" width=\"180\" height=\"300\" \/> <img loading=\"lazy\" decoding=\"async\" class=\"alignnone size-medium wp-image-33886\" src=\"https:\/\/www.sportchaco.com.ar\/wp-content\/uploads\/2026\/03\/MERCADO-LIBRE_300x600-17-150x300.gif\" alt=\"\" width=\"150\" height=\"300\" srcset=\"https:\/\/www.sportchaco.com.ar\/wp-content\/uploads\/2026\/03\/MERCADO-LIBRE_300x600-17-150x300.gif 150w, https:\/\/www.sportchaco.com.ar\/wp-content\/uploads\/2026\/03\/MERCADO-LIBRE_300x600-17-512x1024.gif 512w\" sizes=\"auto, (max-width: 150px) 100vw, 150px\" \/><\/p>\n<\/div>\n<\/article>\n<\/div>\n<\/div>\n<\/div>\n<\/div>\n<\/article>\n<\/div>\n<\/div>\n<\/div>\n","protected":false},"excerpt":{"rendered":"<p>Esta es la Efem\u00e9rides del Deporte en el Chaco de un 14 de marzo del periodista Luis Dar\u00edo Molodezky. &nbsp; 1969 \/\u00a0Carlos Monz\u00f3n le gana por KO3 en el estadio de Sportivo de S\u00e1enz Pe\u00f1a a Mario Taborda. 2006 \/\u00a0Eduardo Gauna Rey, se impune en la Marat\u00f3n Inauguraci\u00f3n del Acueducto Barranqueras-S\u00e1enz Pe\u00f1a, disputada en las &hellip;<\/p>\n","protected":false},"author":2,"featured_media":33902,"comment_status":"open","ping_status":"open","sticky":false,"template":"","format":"standard","meta":{"footnotes":""},"categories":[45,33],"tags":[],"class_list":["post-33901","post","type-post","status-publish","format-standard","has-post-thumbnail","hentry","category-efemerides-dia-por-dia","category-marzo"],"_links":{"self":[{"href":"https:\/\/www.sportchaco.com.ar\/index.php?rest_route=\/wp\/v2\/posts\/33901","targetHints":{"allow":["GET"]}}],"collection":[{"href":"https:\/\/www.sportchaco.com.ar\/index.php?rest_route=\/wp\/v2\/posts"}],"about":[{"href":"https:\/\/www.sportchaco.com.ar\/index.php?rest_route=\/wp\/v2\/types\/post"}],"author":[{"embeddable":true,"href":"https:\/\/www.sportchaco.com.ar\/index.php?rest_route=\/wp\/v2\/users\/2"}],"replies":[{"embeddable":true,"href":"https:\/\/www.sportchaco.com.ar\/index.php?rest_route=%2Fwp%2Fv2%2Fcomments&post=33901"}],"version-history":[{"count":3,"href":"https:\/\/www.sportchaco.com.ar\/index.php?rest_route=\/wp\/v2\/posts\/33901\/revisions"}],"predecessor-version":[{"id":33939,"href":"https:\/\/www.sportchaco.com.ar\/index.php?rest_route=\/wp\/v2\/posts\/33901\/revisions\/33939"}],"wp:featuredmedia":[{"embeddable":true,"href":"https:\/\/www.sportchaco.com.ar\/index.php?rest_route=\/wp\/v2\/media\/33902"}],"wp:attachment":[{"href":"https:\/\/www.sportchaco.com.ar\/index.php?rest_route=%2Fwp%2Fv2%2Fmedia&parent=33901"}],"wp:term":[{"taxonomy":"category","embeddable":true,"href":"https:\/\/www.sportchaco.com.ar\/index.php?rest_route=%2Fwp%2Fv2%2Fcategories&post=33901"},{"taxonomy":"post_tag","embeddable":true,"href":"https:\/\/www.sportchaco.com.ar\/index.php?rest_route=%2Fwp%2Fv2%2Ftags&post=33901"}],"curies":[{"name":"wp","href":"https:\/\/api.w.org\/{rel}","templated":true}]}}