{"id":33912,"date":"2026-03-13T12:49:48","date_gmt":"2026-03-13T15:49:48","guid":{"rendered":"https:\/\/www.sportchaco.com.ar\/?p=33912"},"modified":"2026-03-13T12:50:32","modified_gmt":"2026-03-13T15:50:32","slug":"33912","status":"publish","type":"post","link":"https:\/\/www.sportchaco.com.ar\/?p=33912","title":{"rendered":"Las pioneras del v\u00f3ley escolar: una generaci\u00f3n inolvidable de la Escuela N\u00ba 26"},"content":{"rendered":"<article class=\"text-token-text-primary w-full focus:outline-none [--shadow-height:45px] has-data-writing-block:pointer-events-none has-data-writing-block:-mt-(--shadow-height) has-data-writing-block:pt-(--shadow-height) [&amp;:has([data-writing-block])&gt;*]:pointer-events-auto scroll-mt-(--header-height)\" dir=\"auto\" tabindex=\"-1\" data-turn-id=\"ea39a7d7-4090-4e33-b990-53639f030462\" data-testid=\"conversation-turn-79\" data-scroll-anchor=\"false\" data-turn=\"user\"><\/article>\n<article class=\"text-token-text-primary w-full focus:outline-none [--shadow-height:45px] has-data-writing-block:pointer-events-none has-data-writing-block:-mt-(--shadow-height) has-data-writing-block:pt-(--shadow-height) [&amp;:has([data-writing-block])&gt;*]:pointer-events-auto scroll-mt-[calc(var(--header-height)+min(200px,max(70px,20svh)))]\" dir=\"auto\" tabindex=\"-1\" data-turn-id=\"request-69a5903c-d50c-832d-ad11-2a97d85381de-34\" data-testid=\"conversation-turn-80\" data-scroll-anchor=\"true\" data-turn=\"assistant\">\n<div class=\"text-base my-auto mx-auto pb-10 [--thread-content-margin:--spacing(4)] @w-sm\/main:[--thread-content-margin:--spacing(6)] @w-lg\/main:[--thread-content-margin:--spacing(16)] px-(--thread-content-margin)\">\n<div class=\"[--thread-content-max-width:40rem] @w-lg\/main:[--thread-content-max-width:48rem] mx-auto max-w-(--thread-content-max-width) flex-1 group\/turn-messages focus-visible:outline-hidden relative flex w-full min-w-0 flex-col agent-turn\" tabindex=\"-1\">\n<div class=\"flex max-w-full flex-col grow\">\n<div class=\"min-h-8 text-message relative flex w-full flex-col items-end gap-2 text-start break-words whitespace-normal [.text-message+&amp;]:mt-1\" dir=\"auto\" data-message-author-role=\"assistant\" data-message-id=\"f3b0cbeb-bd77-4173-8738-c27383800887\" data-message-model-slug=\"gpt-5-3\">\n<div class=\"flex w-full flex-col gap-1 empty:hidden first:pt-[1px]\">\n<div class=\"markdown prose dark:prose-invert w-full wrap-break-word light markdown-new-styling\">\n<p data-start=\"0\" data-end=\"82\">\n<p data-start=\"84\" data-end=\"591\">En la memoria del deporte escolar chaque\u00f1o queda grabada la historia de un equipo que naci\u00f3 casi de la nada y termin\u00f3 enfrentando a las potencias del pa\u00eds con coraje y dignidad. Fue el equipo de voleibol femenino de la <strong data-start=\"303\" data-end=\"320\">Escuela N\u00ba 26<\/strong>, un grupo de chicas que, con apenas unos meses de entrenamiento, logr\u00f3 una haza\u00f1a deportiva dif\u00edcil de repetir: consagrarse <strong data-start=\"445\" data-end=\"493\">campeonas locales, provinciales y regionales<\/strong>, y ganarse el derecho de representar a la regi\u00f3n en el <strong data-start=\"549\" data-end=\"590\">Torneo Argentino disputado en C\u00f3rdoba<\/strong>.<\/p>\n<p data-start=\"593\" data-end=\"1023\">Aquella participaci\u00f3n nacional fue mucho m\u00e1s que un simple torneo. Fue la prueba del car\u00e1cter de un equipo que hab\u00eda comenzado <strong data-start=\"720\" data-end=\"734\">desde cero<\/strong>, aprendiendo el juego paso a paso, construyendo su identidad en cada pr\u00e1ctica y en cada partido. Frente a rivales con a\u00f1os de preparaci\u00f3n y tradici\u00f3n \u2014equipos de plazas fuertes como Capital Federal, C\u00f3rdoba o Buenos Aires\u2014 las chicas de la Escuela N\u00ba 26 jugaron un campeonato brillante.<\/p>\n<p data-start=\"1025\" data-end=\"1286\">Estuvieron <strong data-start=\"1036\" data-end=\"1077\">muy cerca de alcanzar las semifinales<\/strong>, demostrando que el talento y la voluntad pueden acortar cualquier distancia. Muchos coinciden en que, de haber contado con algunos meses m\u00e1s de preparaci\u00f3n, aquella campa\u00f1a habr\u00eda llegado incluso a la final.<\/p>\n<p data-start=\"1288\" data-end=\"1724\">El equipo estaba integrado por un grupo de jugadoras que dejaron su marca en esa etapa del deporte escolar. <strong data-start=\"1396\" data-end=\"1422\">Arriba en la formaci\u00f3n<\/strong> aparecen <strong data-start=\"1432\" data-end=\"1519\">Claudia Mart\u00ednez, Patricia Rodr\u00edguez, Liliana Figueroa (capitana) y Claudia Gim\u00e9nez<\/strong>, quien lamentablemente no pudo viajar a C\u00f3rdoba por compromisos escolares en la Escuela Normal. Muchos recuerdan que con su presencia el equipo habr\u00eda tenido a\u00fan m\u00e1s posibilidades de pelear por el t\u00edtulo.<\/p>\n<p data-start=\"1726\" data-end=\"1906\"><strong data-start=\"1726\" data-end=\"1746\">Abajo en la foto<\/strong> se encuentran <strong data-start=\"1761\" data-end=\"1809\">Pachi Aguirre, Sandra Kaliman y Gloria Ramos<\/strong>, completando una formaci\u00f3n que sorprendi\u00f3 por su entrega, su disciplina y su esp\u00edritu colectivo.<\/p>\n<p data-start=\"1908\" data-end=\"2234\">La imagen tambi\u00e9n guarda el recuerdo de quienes acompa\u00f1aban y alentaban: los compa\u00f1eros <strong data-start=\"1996\" data-end=\"2070\">Florencio Pascual, Jorge Uribe, Mariano Merino y los hermanos Benzaken<\/strong>, mientras que <strong data-start=\"2085\" data-end=\"2104\">Janina Benzaken<\/strong> aparece entre Liliana Figueroa y Claudia Gim\u00e9nez, formando parte de aquel entorno que vivi\u00f3 con entusiasmo la aventura deportiva.<\/p>\n<p data-start=\"2236\" data-end=\"2455\">Detr\u00e1s de ese equipo estuvo la gu\u00eda y la pasi\u00f3n de su entrenador, <strong data-start=\"2302\" data-end=\"2325\">Jos\u00e9 Luis Centanaro<\/strong>, quien a\u00fan hoy recuerda con orgullo a aquellas jugadoras que transformaron un simple grupo de entrenamiento en un equipo campe\u00f3n.<\/p>\n<p data-start=\"2457\" data-end=\"2628\">Fue una generaci\u00f3n breve en el tiempo, pero inmensa en su significado. Un grupo de j\u00f3venes que demostr\u00f3 que el deporte escolar tambi\u00e9n puede escribir p\u00e1ginas de epopeya.<\/p>\n<p data-start=\"2630\" data-end=\"2750\">Y como suele ocurrir con las gestas verdaderas, el paso de los a\u00f1os no las borra. Al contrario: las vuelve m\u00e1s valiosas.<\/p>\n<p data-start=\"2752\" data-end=\"2818\" data-is-last-node=\"\" data-is-only-node=\"\">Porque, como bien dice su entrenador, <strong data-start=\"2790\" data-end=\"2814\">\u201cnunca las olvidar\u00e9\u201d<\/strong>.<\/p>\n<p style=\"text-align: center;\" data-start=\"2752\" data-end=\"2818\" data-is-last-node=\"\" data-is-only-node=\"\"><img loading=\"lazy\" decoding=\"async\" class=\"alignnone size-medium wp-image-33891\" src=\"https:\/\/www.sportchaco.com.ar\/wp-content\/uploads\/2026\/03\/BANNER-WEB-MOSQUITOS-SALUD_300x600-17-1-150x300.gif\" alt=\"\" width=\"150\" height=\"300\" \/> <img loading=\"lazy\" decoding=\"async\" class=\"alignnone size-medium wp-image-33886\" src=\"https:\/\/www.sportchaco.com.ar\/wp-content\/uploads\/2026\/03\/MERCADO-LIBRE_300x600-17-150x300.gif\" alt=\"\" width=\"150\" height=\"300\" srcset=\"https:\/\/www.sportchaco.com.ar\/wp-content\/uploads\/2026\/03\/MERCADO-LIBRE_300x600-17-150x300.gif 150w, https:\/\/www.sportchaco.com.ar\/wp-content\/uploads\/2026\/03\/MERCADO-LIBRE_300x600-17-512x1024.gif 512w\" sizes=\"auto, (max-width: 150px) 100vw, 150px\" \/><\/p>\n<\/div>\n<\/div>\n<\/div>\n<\/div>\n<\/div>\n<\/div>\n<\/article>\n","protected":false},"excerpt":{"rendered":"<p>En la memoria del deporte escolar chaque\u00f1o queda grabada la historia de un equipo que naci\u00f3 casi de la nada y termin\u00f3 enfrentando a las potencias del pa\u00eds con coraje y dignidad. Fue el equipo de voleibol femenino de la Escuela N\u00ba 26, un grupo de chicas que, con apenas unos meses de entrenamiento, logr\u00f3 &hellip;<\/p>\n","protected":false},"author":2,"featured_media":33913,"comment_status":"open","ping_status":"open","sticky":false,"template":"","format":"standard","meta":{"footnotes":""},"categories":[1,50],"tags":[],"class_list":["post-33912","post","type-post","status-publish","format-standard","has-post-thumbnail","hentry","category-fotos-del-recuerdo","category-voleibol"],"_links":{"self":[{"href":"https:\/\/www.sportchaco.com.ar\/index.php?rest_route=\/wp\/v2\/posts\/33912","targetHints":{"allow":["GET"]}}],"collection":[{"href":"https:\/\/www.sportchaco.com.ar\/index.php?rest_route=\/wp\/v2\/posts"}],"about":[{"href":"https:\/\/www.sportchaco.com.ar\/index.php?rest_route=\/wp\/v2\/types\/post"}],"author":[{"embeddable":true,"href":"https:\/\/www.sportchaco.com.ar\/index.php?rest_route=\/wp\/v2\/users\/2"}],"replies":[{"embeddable":true,"href":"https:\/\/www.sportchaco.com.ar\/index.php?rest_route=%2Fwp%2Fv2%2Fcomments&post=33912"}],"version-history":[{"count":2,"href":"https:\/\/www.sportchaco.com.ar\/index.php?rest_route=\/wp\/v2\/posts\/33912\/revisions"}],"predecessor-version":[{"id":33915,"href":"https:\/\/www.sportchaco.com.ar\/index.php?rest_route=\/wp\/v2\/posts\/33912\/revisions\/33915"}],"wp:featuredmedia":[{"embeddable":true,"href":"https:\/\/www.sportchaco.com.ar\/index.php?rest_route=\/wp\/v2\/media\/33913"}],"wp:attachment":[{"href":"https:\/\/www.sportchaco.com.ar\/index.php?rest_route=%2Fwp%2Fv2%2Fmedia&parent=33912"}],"wp:term":[{"taxonomy":"category","embeddable":true,"href":"https:\/\/www.sportchaco.com.ar\/index.php?rest_route=%2Fwp%2Fv2%2Fcategories&post=33912"},{"taxonomy":"post_tag","embeddable":true,"href":"https:\/\/www.sportchaco.com.ar\/index.php?rest_route=%2Fwp%2Fv2%2Ftags&post=33912"}],"curies":[{"name":"wp","href":"https:\/\/api.w.org\/{rel}","templated":true}]}}