{"id":33917,"date":"2026-03-13T14:07:29","date_gmt":"2026-03-13T17:07:29","guid":{"rendered":"https:\/\/www.sportchaco.com.ar\/?p=33917"},"modified":"2026-03-14T00:33:37","modified_gmt":"2026-03-14T03:33:37","slug":"se-larga-la-segunda-fecha-del-apertura","status":"publish","type":"post","link":"https:\/\/www.sportchaco.com.ar\/?p=33917","title":{"rendered":"Se larga la segunda fecha del Apertura"},"content":{"rendered":"<p><strong>13-03-2026<\/strong><\/p>\n<p><img loading=\"lazy\" decoding=\"async\" class=\"aligncenter size-full wp-image-33500\" src=\"https:\/\/www.sportchaco.com.ar\/wp-content\/uploads\/2026\/03\/Agua-Segura_940x90-33.gif\" alt=\"\" width=\"937\" height=\"90\" \/><\/p>\n<p>Este fin de semana se llevar\u00e1 a cabo la 2\u00aa fecha del torneo Apertura \u00abHugo Saucedo\u00bb de la Liga Chaque\u00f1a de f\u00fatbol tras el paro de AFA de la semana anterior.<\/p>\n<p>La zona \u00abA\u00bb comenzar\u00e1 con cuatro partidos, donde estar\u00e1 debutando Sarmiento que recibe a Estudiantes tras haber quedado libre en la primera jornada. El domingo solo se jugar\u00e1 el cl\u00e1sico entre Central Ben\u00edtez y San Mart\u00edn.<\/p>\n<p>Mientras que en la zona \u00abB\u00bb, Deportivo Itat\u00ed tambi\u00e9n jugar\u00e1 su primer partido de la temporada recibiendo a For Ever en cancha de Estudiantes, ese s\u00e1bado tambi\u00e9n habr\u00e1 otros dos encuentros, dejando as\u00ed para el domingo los dos cotejos restantes del grupo.<\/p>\n<p><strong>TORNEO APERTURA \u00abHUGO SAUCEDO\u00bb<\/strong><br \/>\n<b>TODA LA 2\u00aa FECHA<br \/>\nZONA \u201cA\u201d<\/b><br \/>\n<b>S\u00e1bado 14-03<\/b><br \/>\nA las 17, Sarmiento \u2013 Estudiantes<br \/>\nA las 17, CUNE \u2013 Dep. Luj\u00e1n, en C. E. de Comercio<br \/>\nA las 17, Parque Patricios \u2013 Rcia. Central, en Chaco Hebr\u00f3n<br \/>\nA las 18, Don Orione \u2013 Indep. Tirol<\/p>\n<p><strong>Domingo 15-03<\/strong><br \/>\nA las 18, Central Ben\u00edtez \u2013 San Mart\u00edn<br \/>\n<strong>Libre:<\/strong>\u00a0Policiales<\/p>\n<p><b>ZONA \u201cB\u201d<br \/>\n<\/b><b>S\u00e1bado 14-03<\/b><br \/>\nA las 17, Juventud \u2013 Bancarios<br \/>\nA las 17, Dep. Itat\u00ed \u2013 For Ever, en Estudiantes<br \/>\nA las 17:30, Defensores \u2013 Fontana<\/p>\n<p><strong>Domingo 15-03<\/strong><br \/>\nA las 17, Regional \u2013 Villa Alvear<br \/>\nA las 19:30, Central Norte \u2013 Dep. G\u00fciraldes<br \/>\n<strong>Libre:<\/strong>\u00a0C. E. de Comercio<\/p>\n<p><strong>POSICIONES<\/strong><br \/>\n<strong>ZONA \u00abA\u00bb<\/strong><br \/>\nSan Mart\u00edn (MB) 3<br \/>\nDep. Luj\u00e1n 3<br \/>\nEstudiantes 3<br \/>\nDon Orione 3<br \/>\nCentral Ben\u00edtez 1<br \/>\nIndepte. Tirol 1<br \/>\nRcia. Central 0<br \/>\nParque Patricios 0<br \/>\nPoliciales 0<br \/>\nCUNE 0<br \/>\nSarmiento \u2013<\/p>\n<p><strong>ZONA \u00abB\u00bb<\/strong><br \/>\nFontana 3<br \/>\nVilla Alvear 3<br \/>\nBancarios 1<br \/>\nCentral Norte 1<br \/>\nDep. G\u00fciraldes 1<br \/>\nFor Ever 1<br \/>\nJuventud 1<br \/>\nRegional 1<br \/>\nDefensores 0<br \/>\nC. E. de Comercio 0<br \/>\nDep. Itat\u00ed \u2013<\/p>\n<p><em><strong>Foto: Luciano Boccalandro\u00a0<\/strong><\/em><\/p>\n<p><img loading=\"lazy\" decoding=\"async\" class=\"aligncenter size-full wp-image-33504\" src=\"https:\/\/www.sportchaco.com.ar\/wp-content\/uploads\/2026\/03\/MERCADO-LIBRE_200x200-05.gif\" alt=\"\" width=\"417\" height=\"417\" \/><\/p>\n","protected":false},"excerpt":{"rendered":"<p>13-03-2026 Este fin de semana se llevar\u00e1 a cabo la 2\u00aa fecha del torneo Apertura \u00abHugo Saucedo\u00bb de la Liga Chaque\u00f1a de f\u00fatbol tras el paro de AFA de la semana anterior. La zona \u00abA\u00bb comenzar\u00e1 con cuatro partidos, donde estar\u00e1 debutando Sarmiento que recibe a Estudiantes tras haber quedado libre en la primera jornada. &hellip;<\/p>\n","protected":false},"author":3,"featured_media":33918,"comment_status":"open","ping_status":"open","sticky":false,"template":"","format":"standard","meta":{"footnotes":""},"categories":[5],"tags":[],"class_list":["post-33917","post","type-post","status-publish","format-standard","has-post-thumbnail","hentry","category-futbol"],"_links":{"self":[{"href":"https:\/\/www.sportchaco.com.ar\/index.php?rest_route=\/wp\/v2\/posts\/33917","targetHints":{"allow":["GET"]}}],"collection":[{"href":"https:\/\/www.sportchaco.com.ar\/index.php?rest_route=\/wp\/v2\/posts"}],"about":[{"href":"https:\/\/www.sportchaco.com.ar\/index.php?rest_route=\/wp\/v2\/types\/post"}],"author":[{"embeddable":true,"href":"https:\/\/www.sportchaco.com.ar\/index.php?rest_route=\/wp\/v2\/users\/3"}],"replies":[{"embeddable":true,"href":"https:\/\/www.sportchaco.com.ar\/index.php?rest_route=%2Fwp%2Fv2%2Fcomments&post=33917"}],"version-history":[{"count":5,"href":"https:\/\/www.sportchaco.com.ar\/index.php?rest_route=\/wp\/v2\/posts\/33917\/revisions"}],"predecessor-version":[{"id":33953,"href":"https:\/\/www.sportchaco.com.ar\/index.php?rest_route=\/wp\/v2\/posts\/33917\/revisions\/33953"}],"wp:featuredmedia":[{"embeddable":true,"href":"https:\/\/www.sportchaco.com.ar\/index.php?rest_route=\/wp\/v2\/media\/33918"}],"wp:attachment":[{"href":"https:\/\/www.sportchaco.com.ar\/index.php?rest_route=%2Fwp%2Fv2%2Fmedia&parent=33917"}],"wp:term":[{"taxonomy":"category","embeddable":true,"href":"https:\/\/www.sportchaco.com.ar\/index.php?rest_route=%2Fwp%2Fv2%2Fcategories&post=33917"},{"taxonomy":"post_tag","embeddable":true,"href":"https:\/\/www.sportchaco.com.ar\/index.php?rest_route=%2Fwp%2Fv2%2Ftags&post=33917"}],"curies":[{"name":"wp","href":"https:\/\/api.w.org\/{rel}","templated":true}]}}