{"id":33926,"date":"2026-03-13T20:58:54","date_gmt":"2026-03-13T23:58:54","guid":{"rendered":"https:\/\/www.sportchaco.com.ar\/?p=33926"},"modified":"2026-03-13T20:58:54","modified_gmt":"2026-03-13T23:58:54","slug":"ezequiel-allende-acelera-por-duplicado-en-el-santa-clara-de-buena-vista","status":"publish","type":"post","link":"https:\/\/www.sportchaco.com.ar\/?p=33926","title":{"rendered":"Ezequiel Allende acelera por duplicado en el Santa Clara de Buena Vista"},"content":{"rendered":"<p><strong>13-03-2026<\/strong><\/p>\n<p><img loading=\"lazy\" decoding=\"async\" class=\"aligncenter size-full wp-image-33495\" src=\"https:\/\/www.sportchaco.com.ar\/wp-content\/uploads\/2026\/03\/MERCADO-LIBRE_320x50-21.gif\" alt=\"\" width=\"667\" height=\"104\" \/><\/p>\n<p>La fecha de apertura del Certamen Argentino de Motociclismo (CAM) se correr\u00e1 este fin de semana en el circuito \u201cDavid Dondoni\u201d de Santa Clara de Buena Vista, departamento Las Colonias de Santa Fe.<\/p>\n<p>Quien estar\u00e1 debutando en la temporada 2026 ser\u00e1 Ezequiel Allende, el piloto oriundo de Pampa del Infierno que se prepar\u00f3 exclusivamente para este campeonato nacional. Ser\u00e1 la tercera temporada para \u00e9l arriba de su Yamaha YZF 450 preparada netamente por manos chaque\u00f1as para esta edici\u00f3n.<\/p>\n<p>Las expectativas son realmente altas para Allende porque se propuso volver a ser campe\u00f3n argentino, como lo consigui\u00f3 en el 2018 en la ya extinto Superbike Argentino de Velocidad. \u201cMe prepar\u00e9 durante todos estos meses para poder arrancar de la mejor manera la temporada del CAM, voy a dar lo mejor y m\u00e1s\u201d, se\u00f1al\u00f3 en la previa del fin de semana.<\/p>\n<p><img loading=\"lazy\" decoding=\"async\" class=\"aligncenter size-large wp-image-33933\" src=\"https:\/\/www.sportchaco.com.ar\/wp-content\/uploads\/2026\/03\/eze-allende-4-682x1024.jpg\" alt=\"\" width=\"682\" height=\"1024\" srcset=\"https:\/\/www.sportchaco.com.ar\/wp-content\/uploads\/2026\/03\/eze-allende-4-682x1024.jpg 682w, https:\/\/www.sportchaco.com.ar\/wp-content\/uploads\/2026\/03\/eze-allende-4-200x300.jpg 200w, https:\/\/www.sportchaco.com.ar\/wp-content\/uploads\/2026\/03\/eze-allende-4-768x1153.jpg 768w, https:\/\/www.sportchaco.com.ar\/wp-content\/uploads\/2026\/03\/eze-allende-4-1023x1536.jpg 1023w, https:\/\/www.sportchaco.com.ar\/wp-content\/uploads\/2026\/03\/eze-allende-4.jpg 1066w\" sizes=\"auto, (max-width: 682px) 100vw, 682px\" \/><\/p>\n<p>Pero el debut ser\u00e1 por partida doble ya que Morales Competici\u00f3n, propiedad de Diego Morales, puso los ojos en el corredor chaque\u00f1o y lo utilizar\u00e1 desde este fin de semana para la 125 Graduados, que es una categor\u00eda tradicional dentro del CAM.<\/p>\n<p>Tras la suspensi\u00f3n a mediados de febrero de la carrera nocturna en la localidad santafesina de Totoras, el piloto de Pampa del Infierno se pas\u00f3 buscando la puesta a punto en su circuito de tierra local junto a los mec\u00e1nicos de Tres Isletas que hoy componen su equipo t\u00e9cnico de carrera. De esta manera, la nueva moto tambi\u00e9n tendr\u00e1 su prueba de fuego en el circuito \u201cDavid Dondoni\u201d.<\/p>\n<p>El d\u00eda s\u00e1bado 14 de marzo, por la ma\u00f1ana, comenzar\u00e1n las actividades en pista con la previa pret\u00e9cnica y el barrido de pista de las categor\u00edas 450cc\/350cc, luego se vendr\u00e1n los entrenamientos y las clasificaciones.<\/p>\n<p>La carrera en s\u00ed se dar\u00e1 el domingo 15 de marzo a partir de las 9:30 de la ma\u00f1ana. La misma contar\u00e1 con series, repechajes, finales y podio.<\/p>\n<p><img loading=\"lazy\" decoding=\"async\" class=\"aligncenter size-large wp-image-33927\" src=\"https:\/\/www.sportchaco.com.ar\/wp-content\/uploads\/2026\/03\/carrera-cam-1024x768.jpg\" alt=\"\" width=\"1024\" height=\"768\" srcset=\"https:\/\/www.sportchaco.com.ar\/wp-content\/uploads\/2026\/03\/carrera-cam-1024x768.jpg 1024w, https:\/\/www.sportchaco.com.ar\/wp-content\/uploads\/2026\/03\/carrera-cam-300x225.jpg 300w, https:\/\/www.sportchaco.com.ar\/wp-content\/uploads\/2026\/03\/carrera-cam-768x576.jpg 768w, https:\/\/www.sportchaco.com.ar\/wp-content\/uploads\/2026\/03\/carrera-cam-1536x1152.jpg 1536w, https:\/\/www.sportchaco.com.ar\/wp-content\/uploads\/2026\/03\/carrera-cam.jpg 1600w\" sizes=\"auto, (max-width: 1024px) 100vw, 1024px\" \/><\/p>\n<p>Cabe recordar que la temporada del CAM contar\u00e1 con un calendario anual de 10 carreras a desarrollarse, en principio, en localidades de Santa Fe y C\u00f3rdoba.<\/p>\n<p>Para esta nueva etapa Ezequiel Allende cuenta con el apoyo de Casa Wesolowski SRL, Supermercados \u201cEl Arriero\u201d, Municipalidad de Pampa del Infierno, Instituto del Deporte, Loter\u00eda Chaque\u00f1a, Amortiguadores Maip\u00fa, Ale Motos, Casinos GALA, +Power, Nordemaq, AM Banco de Pruebas y EA38 Moto Parts.<\/p>\n<p><img loading=\"lazy\" decoding=\"async\" class=\"aligncenter size-large wp-image-20100\" src=\"https:\/\/www.sportchaco.com.ar\/wp-content\/uploads\/2025\/06\/300x250-1024x854.gif\" alt=\"\" width=\"1024\" height=\"854\" srcset=\"https:\/\/www.sportchaco.com.ar\/wp-content\/uploads\/2025\/06\/300x250-1024x854.gif 1024w, https:\/\/www.sportchaco.com.ar\/wp-content\/uploads\/2025\/06\/300x250-300x250.gif 300w, https:\/\/www.sportchaco.com.ar\/wp-content\/uploads\/2025\/06\/300x250-768x640.gif 768w\" sizes=\"auto, (max-width: 1024px) 100vw, 1024px\" \/><\/p>\n","protected":false},"excerpt":{"rendered":"<p>13-03-2026 La fecha de apertura del Certamen Argentino de Motociclismo (CAM) se correr\u00e1 este fin de semana en el circuito \u201cDavid Dondoni\u201d de Santa Clara de Buena Vista, departamento Las Colonias de Santa Fe. Quien estar\u00e1 debutando en la temporada 2026 ser\u00e1 Ezequiel Allende, el piloto oriundo de Pampa del Infierno que se prepar\u00f3 exclusivamente &hellip;<\/p>\n","protected":false},"author":3,"featured_media":33928,"comment_status":"open","ping_status":"open","sticky":false,"template":"","format":"standard","meta":{"footnotes":""},"categories":[59],"tags":[],"class_list":["post-33926","post","type-post","status-publish","format-standard","has-post-thumbnail","hentry","category-motociclismo"],"_links":{"self":[{"href":"https:\/\/www.sportchaco.com.ar\/index.php?rest_route=\/wp\/v2\/posts\/33926","targetHints":{"allow":["GET"]}}],"collection":[{"href":"https:\/\/www.sportchaco.com.ar\/index.php?rest_route=\/wp\/v2\/posts"}],"about":[{"href":"https:\/\/www.sportchaco.com.ar\/index.php?rest_route=\/wp\/v2\/types\/post"}],"author":[{"embeddable":true,"href":"https:\/\/www.sportchaco.com.ar\/index.php?rest_route=\/wp\/v2\/users\/3"}],"replies":[{"embeddable":true,"href":"https:\/\/www.sportchaco.com.ar\/index.php?rest_route=%2Fwp%2Fv2%2Fcomments&post=33926"}],"version-history":[{"count":2,"href":"https:\/\/www.sportchaco.com.ar\/index.php?rest_route=\/wp\/v2\/posts\/33926\/revisions"}],"predecessor-version":[{"id":33934,"href":"https:\/\/www.sportchaco.com.ar\/index.php?rest_route=\/wp\/v2\/posts\/33926\/revisions\/33934"}],"wp:featuredmedia":[{"embeddable":true,"href":"https:\/\/www.sportchaco.com.ar\/index.php?rest_route=\/wp\/v2\/media\/33928"}],"wp:attachment":[{"href":"https:\/\/www.sportchaco.com.ar\/index.php?rest_route=%2Fwp%2Fv2%2Fmedia&parent=33926"}],"wp:term":[{"taxonomy":"category","embeddable":true,"href":"https:\/\/www.sportchaco.com.ar\/index.php?rest_route=%2Fwp%2Fv2%2Fcategories&post=33926"},{"taxonomy":"post_tag","embeddable":true,"href":"https:\/\/www.sportchaco.com.ar\/index.php?rest_route=%2Fwp%2Fv2%2Ftags&post=33926"}],"curies":[{"name":"wp","href":"https:\/\/api.w.org\/{rel}","templated":true}]}}