{"id":33948,"date":"2026-03-14T00:27:37","date_gmt":"2026-03-14T03:27:37","guid":{"rendered":"https:\/\/www.sportchaco.com.ar\/?p=33948"},"modified":"2026-03-14T00:27:37","modified_gmt":"2026-03-14T03:27:37","slug":"sarmiento-y-defensores-se-midieron-en-unos-amistosos","status":"publish","type":"post","link":"https:\/\/www.sportchaco.com.ar\/?p=33948","title":{"rendered":"Sarmiento y Defensores se midieron en unos amistosos"},"content":{"rendered":"<p><strong>14-03-2026<\/strong><\/p>\n<p><img loading=\"lazy\" decoding=\"async\" class=\"aligncenter size-large wp-image-32119\" src=\"https:\/\/www.sportchaco.com.ar\/wp-content\/uploads\/2026\/02\/Ahorros-de-Verano-BANNERS-WEB_940x90-25-1024x98.gif\" alt=\"\" width=\"1024\" height=\"98\" srcset=\"https:\/\/www.sportchaco.com.ar\/wp-content\/uploads\/2026\/02\/Ahorros-de-Verano-BANNERS-WEB_940x90-25-1024x98.gif 1024w, https:\/\/www.sportchaco.com.ar\/wp-content\/uploads\/2026\/02\/Ahorros-de-Verano-BANNERS-WEB_940x90-25-300x29.gif 300w, https:\/\/www.sportchaco.com.ar\/wp-content\/uploads\/2026\/02\/Ahorros-de-Verano-BANNERS-WEB_940x90-25-768x74.gif 768w, https:\/\/www.sportchaco.com.ar\/wp-content\/uploads\/2026\/02\/Ahorros-de-Verano-BANNERS-WEB_940x90-25-1536x147.gif 1536w\" sizes=\"auto, (max-width: 1024px) 100vw, 1024px\" \/><\/p>\n<p>En la tarde de este viernes, Sarmiento concret\u00f3 ante Defensores de Vilelas, una nueva jornada de encuentros amistosos, en el marco de los preparativos de ambos equipos para la edici\u00f3n 2026 del torneo Federal \u00abA\u00bb.<\/p>\n<p>Con las naves ya casi en marcha y a pocos d\u00edas del estreno de ambos en el certamen, se enfrentaron en dos partidos de una hora cada uno.<\/p>\n<p>En el primer encuentro, el triunfo fue para los dirigidos por Joaqu\u00edn Esp\u00edndola por 2 a 0, gracias a los goles de Gonzalo Ca\u00f1ete y Gonzalo R\u00edos.<\/p>\n<p>Mientras que el segundo partido fue empate 3 a 3 en un duelo que fue muy re\u00f1ido. Los responsables de marcar para el \u201caurirrojo\u201d fueron Ib\u00e1\u00f1ez, Almir\u00f3n y Genolett. Tanto que Canario, Maciel y Larrasabal pusieron los goles para el \u201cDefe\u201d.<\/p>\n<p><img loading=\"lazy\" decoding=\"async\" class=\"aligncenter size-large wp-image-33950\" src=\"https:\/\/www.sportchaco.com.ar\/wp-content\/uploads\/2026\/03\/amistoso-federal-a-1024x682.jpg\" alt=\"\" width=\"1024\" height=\"682\" srcset=\"https:\/\/www.sportchaco.com.ar\/wp-content\/uploads\/2026\/03\/amistoso-federal-a-1024x682.jpg 1024w, https:\/\/www.sportchaco.com.ar\/wp-content\/uploads\/2026\/03\/amistoso-federal-a-300x200.jpg 300w, https:\/\/www.sportchaco.com.ar\/wp-content\/uploads\/2026\/03\/amistoso-federal-a-768x512.jpg 768w, https:\/\/www.sportchaco.com.ar\/wp-content\/uploads\/2026\/03\/amistoso-federal-a.jpg 1280w\" sizes=\"auto, (max-width: 1024px) 100vw, 1024px\" \/><\/p>\n<p><strong>PRIMER PARTIDO<\/strong><br \/>\n<strong>SARMIENTO: <\/strong>Diego Gonz\u00e1lez; Ivo Di Buo, Agust\u00edn Arcando, Ezequiel Gnemmi y Nahuel Franco; Nelson Acevedo, Cristian Maidana, Gonzalo Alarc\u00f3n, Emiliano Bogado y Max Pared; Hern\u00e1n Gonz\u00e1lez.<br \/>\n<strong>DEFENSORES:<\/strong>\u00a0 Leandro Ledesma; Brian Berlo, Bruno Prieto, Leonardo Navarro y Nahuel Molina; Leonel Niz, Lautaro Ram\u00edrez Remotti y Rodrigo Montenegro; Gonzalo R\u00edos, Gustavo Carballo y Gonzalo Ca\u00f1ete.<\/p>\n<p><strong>SEGUNDO PARTIDO<\/strong><br \/>\n<strong>SARMIENTO: <\/strong>David Acu\u00f1a; Franco Dom\u00ednguez, Valentino Mozzi y Carlos Gim\u00e9nez; Danilo Gallardo, Pablo Mart\u00ednez, Cristian Almiron; Mat\u00edas Ayala y Genaro Mart\u00ednez; Maximiliano Ib\u00e1\u00f1ez y Lucas Genolett.<br \/>\n<strong>DEFENSORES:<\/strong> Ferreira; Molina, Far\u00edas, S\u00e1nchez y Fern\u00e1ndez; Acevedo, Maciel y Acevedo; Larrasabal, Canario y Ruiz D\u00edaz.<\/p>\n<p><em><strong>Info y fotos: Franco Denaro<\/strong><\/em><\/p>\n<p><img loading=\"lazy\" decoding=\"async\" class=\"aligncenter size-full wp-image-32171\" src=\"https:\/\/www.sportchaco.com.ar\/wp-content\/uploads\/2026\/02\/MERCADO-LIBRE_200x200-05.gif\" alt=\"\" width=\"417\" height=\"417\" \/><\/p>\n","protected":false},"excerpt":{"rendered":"<p>14-03-2026 En la tarde de este viernes, Sarmiento concret\u00f3 ante Defensores de Vilelas, una nueva jornada de encuentros amistosos, en el marco de los preparativos de ambos equipos para la edici\u00f3n 2026 del torneo Federal \u00abA\u00bb. Con las naves ya casi en marcha y a pocos d\u00edas del estreno de ambos en el certamen, se &hellip;<\/p>\n","protected":false},"author":3,"featured_media":33949,"comment_status":"open","ping_status":"open","sticky":false,"template":"","format":"standard","meta":{"footnotes":""},"categories":[5],"tags":[],"class_list":["post-33948","post","type-post","status-publish","format-standard","has-post-thumbnail","hentry","category-futbol"],"_links":{"self":[{"href":"https:\/\/www.sportchaco.com.ar\/index.php?rest_route=\/wp\/v2\/posts\/33948","targetHints":{"allow":["GET"]}}],"collection":[{"href":"https:\/\/www.sportchaco.com.ar\/index.php?rest_route=\/wp\/v2\/posts"}],"about":[{"href":"https:\/\/www.sportchaco.com.ar\/index.php?rest_route=\/wp\/v2\/types\/post"}],"author":[{"embeddable":true,"href":"https:\/\/www.sportchaco.com.ar\/index.php?rest_route=\/wp\/v2\/users\/3"}],"replies":[{"embeddable":true,"href":"https:\/\/www.sportchaco.com.ar\/index.php?rest_route=%2Fwp%2Fv2%2Fcomments&post=33948"}],"version-history":[{"count":1,"href":"https:\/\/www.sportchaco.com.ar\/index.php?rest_route=\/wp\/v2\/posts\/33948\/revisions"}],"predecessor-version":[{"id":33951,"href":"https:\/\/www.sportchaco.com.ar\/index.php?rest_route=\/wp\/v2\/posts\/33948\/revisions\/33951"}],"wp:featuredmedia":[{"embeddable":true,"href":"https:\/\/www.sportchaco.com.ar\/index.php?rest_route=\/wp\/v2\/media\/33949"}],"wp:attachment":[{"href":"https:\/\/www.sportchaco.com.ar\/index.php?rest_route=%2Fwp%2Fv2%2Fmedia&parent=33948"}],"wp:term":[{"taxonomy":"category","embeddable":true,"href":"https:\/\/www.sportchaco.com.ar\/index.php?rest_route=%2Fwp%2Fv2%2Fcategories&post=33948"},{"taxonomy":"post_tag","embeddable":true,"href":"https:\/\/www.sportchaco.com.ar\/index.php?rest_route=%2Fwp%2Fv2%2Ftags&post=33948"}],"curies":[{"name":"wp","href":"https:\/\/api.w.org\/{rel}","templated":true}]}}