{"id":33957,"date":"2026-03-15T00:43:35","date_gmt":"2026-03-15T03:43:35","guid":{"rendered":"https:\/\/www.sportchaco.com.ar\/?p=33957"},"modified":"2026-03-15T00:47:24","modified_gmt":"2026-03-15T03:47:24","slug":"efemerides-del-15-de-marzo-2","status":"publish","type":"post","link":"https:\/\/www.sportchaco.com.ar\/?p=33957","title":{"rendered":"Efem\u00e9rides del 15 de marzo"},"content":{"rendered":"<div class=\"container fullwidth-entry-title-wrapper\">\n<div class=\"container-wrapper fullwidth-entry-title\">\n<header class=\"entry-header-outer\">\n<div class=\"entry-header\">\n<h6 class=\"post-title entry-title\">Foto portada de la colocaci\u00f3n de una de las otrrs de iluminaci\u00f3n en la vieja cancha de Sarmiento de Per\u00f3n 1515.<\/h6>\n<\/div>\n<\/header>\n<\/div>\n<\/div>\n<div id=\"content\" class=\"site-content container\">\n<div id=\"main-content-row\" class=\"tie-row main-content-row\">\n<div class=\"main-content tie-col-md-8 tie-col-xs-12\" role=\"main\">\n<article id=\"the-post\" class=\"container-wrapper post-content tie-standard\">\n<div class=\"featured-area\">\n<div class=\"featured-area-inner\"><\/div>\n<\/div>\n<div class=\"entry-content entry clearfix\">\n<div class=\"container fullwidth-entry-title-wrapper\">\n<div class=\"container-wrapper fullwidth-entry-title\">\n<header class=\"entry-header-outer\">\n<div class=\"entry-header\">\n<h1 class=\"post-title entry-title\"><\/h1>\n<\/div>\n<\/header>\n<\/div>\n<\/div>\n<div id=\"content\" class=\"site-content container\">\n<div id=\"main-content-row\" class=\"tie-row main-content-row\">\n<div class=\"main-content tie-col-md-8 tie-col-xs-12\" role=\"main\">\n<article id=\"the-post\" class=\"container-wrapper post-content tie-standard\">\n<div class=\"featured-area\">\n<h5 class=\"featured-area-inner\"><\/h5>\n<\/div>\n<div class=\"entry-content entry clearfix\">\n<h5><strong>Esta es la Efem\u00e9rides del Deporte en el Chaco de un 15 de marzo del periodista Luis Dar\u00edo Molodezky.<\/strong><\/h5>\n<\/div>\n<p>&nbsp;<\/p>\n<div class=\"entry-content entry clearfix\">\n<p><img loading=\"lazy\" decoding=\"async\" class=\"size-medium wp-image-17158 aligncenter\" src=\"https:\/\/www.sportchaco.com.ar\/wp-content\/uploads\/2025\/03\/Luis-2025-marzo-300x209.jpg\" sizes=\"auto, (max-width: 300px) 100vw, 300px\" srcset=\"https:\/\/www.sportchaco.com.ar\/wp-content\/uploads\/2025\/03\/Luis-2025-marzo-300x209.jpg 300w, https:\/\/www.sportchaco.com.ar\/wp-content\/uploads\/2025\/03\/Luis-2025-marzo.jpg 715w\" alt=\"\" width=\"300\" height=\"209\" \/><\/p>\n<p>&nbsp;<\/p>\n<p><strong>1962 \/<\/strong>\u00a0Se inauguran las torres de iluminaci\u00f3n de Sarmiento. Para la ocasi\u00f3n, disput\u00f3 un encuentro amistoso con Talleres, el campe\u00f3n correntino, que ten\u00eda el premio \u201cTiendas Rodr\u00edguez Barro\u201d para el conjunto ganador. El match lo gan\u00f3 el equipo de Corrientes por 3 a 2.<\/p>\n<p><strong>1981 \/\u00a0<\/strong>Rub\u00e9n Rolando Borda de Hind\u00fa Club se impone en la Corrientes \u2013 Barranqueras de nataci\u00f3n por el Campeonato de Aguas Abiertas, que ya fuera ganado por Marcos Ca\u00f1ete. Segundo se ubic\u00f3 Gerardo Maximino.<\/p>\n<p><strong>1985\u00a0<\/strong>\/ Regatas corona a los campeones de Aguas Abiertas. General: 1) Eduardo Sisti, 2) Eduardo S\u00e1ez, 3) Mauro Melli. Promocional varones: 1) Juan Franco, 2) Leonardo Anabia y 3) Claudio Aguilar. Damas: 1) Alejandra Aguilar, 2) Mar\u00eda Rapizarda. Infantil: 1) Mauro Melli, 2) Hugo Fern\u00e1ndez, 3) Marcelo Fern\u00e1ndez. Damas mayores: Marcela Saidman y 2) Claudia Flores.<\/p>\n<p><strong>2007\u00a0<\/strong>\/ El equipo del Sindicato de Trabajadores Municipales se clasifica Campe\u00f3n Provincial de Tr\u00edos de Bochas, con el equipo integrado por Omar y Jos\u00e9 Luna, Jos\u00e9 Barrientos y Jos\u00e9 Flores. El campe\u00f3n individual result\u00f3 Jorge Su\u00e1rez, de Don Bosco.<\/p>\n<p><strong>2011 \/<\/strong>\u00a0A los 67 a\u00f1os fallece Carlos \u201cMona\u201d Lobera, destacado basquetbolista y luego pol\u00edtico de la ciudad de Villa \u00c1ngela. Como deportista brill\u00f3 en el equipo Uni\u00f3n Progresista, del que fue capit\u00e1n y con el que logr\u00f3 numerosos t\u00edtulos a nivel provincial y nacional. Integr\u00f3 la Selecci\u00f3n Chaque\u00f1a. Como pol\u00edtico, en representaci\u00f3n de la Uni\u00f3n C\u00edvica Radical, fue intendente municipal de Villa Antela en dos per\u00edodos: 1995-1999 y 1999-2003. Luego en 2005 -2009 fue diputado provincial. Sus restos fueron velados en estadio de b\u00e1squet de Uni\u00f3n Progresista en Villa \u00c1ngela.<\/p>\n<p>&nbsp;<\/p>\n<h5><img loading=\"lazy\" decoding=\"async\" class=\"alignnone size-full wp-image-33962 aligncenter\" src=\"https:\/\/www.sportchaco.com.ar\/wp-content\/uploads\/2026\/03\/CArlos-Lobera-grande.jpg\" alt=\"\" width=\"211\" height=\"239\" \/><\/h5>\n<h5 style=\"text-align: center;\">Foto de Carlos Lobera en su \u00e9poca de diputado provincial<\/h5>\n<\/div>\n<\/article>\n<\/div>\n<\/div>\n<\/div>\n<\/div>\n<\/article>\n<\/div>\n<\/div>\n<\/div>\n","protected":false},"excerpt":{"rendered":"<p>Foto portada de la colocaci\u00f3n de una de las otrrs de iluminaci\u00f3n en la vieja cancha de Sarmiento de Per\u00f3n 1515. Esta es la Efem\u00e9rides del Deporte en el Chaco de un 15 de marzo del periodista Luis Dar\u00edo Molodezky. &nbsp; &nbsp; 1962 \/\u00a0Se inauguran las torres de iluminaci\u00f3n de Sarmiento. Para la ocasi\u00f3n, disput\u00f3 &hellip;<\/p>\n","protected":false},"author":2,"featured_media":33959,"comment_status":"open","ping_status":"open","sticky":false,"template":"","format":"standard","meta":{"footnotes":""},"categories":[45,33],"tags":[],"class_list":["post-33957","post","type-post","status-publish","format-standard","has-post-thumbnail","hentry","category-efemerides-dia-por-dia","category-marzo"],"_links":{"self":[{"href":"https:\/\/www.sportchaco.com.ar\/index.php?rest_route=\/wp\/v2\/posts\/33957","targetHints":{"allow":["GET"]}}],"collection":[{"href":"https:\/\/www.sportchaco.com.ar\/index.php?rest_route=\/wp\/v2\/posts"}],"about":[{"href":"https:\/\/www.sportchaco.com.ar\/index.php?rest_route=\/wp\/v2\/types\/post"}],"author":[{"embeddable":true,"href":"https:\/\/www.sportchaco.com.ar\/index.php?rest_route=\/wp\/v2\/users\/2"}],"replies":[{"embeddable":true,"href":"https:\/\/www.sportchaco.com.ar\/index.php?rest_route=%2Fwp%2Fv2%2Fcomments&post=33957"}],"version-history":[{"count":4,"href":"https:\/\/www.sportchaco.com.ar\/index.php?rest_route=\/wp\/v2\/posts\/33957\/revisions"}],"predecessor-version":[{"id":33982,"href":"https:\/\/www.sportchaco.com.ar\/index.php?rest_route=\/wp\/v2\/posts\/33957\/revisions\/33982"}],"wp:featuredmedia":[{"embeddable":true,"href":"https:\/\/www.sportchaco.com.ar\/index.php?rest_route=\/wp\/v2\/media\/33959"}],"wp:attachment":[{"href":"https:\/\/www.sportchaco.com.ar\/index.php?rest_route=%2Fwp%2Fv2%2Fmedia&parent=33957"}],"wp:term":[{"taxonomy":"category","embeddable":true,"href":"https:\/\/www.sportchaco.com.ar\/index.php?rest_route=%2Fwp%2Fv2%2Fcategories&post=33957"},{"taxonomy":"post_tag","embeddable":true,"href":"https:\/\/www.sportchaco.com.ar\/index.php?rest_route=%2Fwp%2Fv2%2Ftags&post=33957"}],"curies":[{"name":"wp","href":"https:\/\/api.w.org\/{rel}","templated":true}]}}