{"id":3399,"date":"2023-12-04T00:01:53","date_gmt":"2023-12-04T03:01:53","guid":{"rendered":"https:\/\/www.sportchaco.com.ar\/?p=3399"},"modified":"2023-12-04T00:13:24","modified_gmt":"2023-12-04T03:13:24","slug":"efemerides-del-4-de-diciembre","status":"publish","type":"post","link":"https:\/\/www.sportchaco.com.ar\/?p=3399","title":{"rendered":"Efem\u00e9rides del 4 de diciembre"},"content":{"rendered":"<p><strong>Estas son las efem\u00e9rides de un 4 de diciembre, del libro \u00ab100 a\u00f1os de historia del deporte en el Chaco\u00bb, del periodista Luis Dar\u00edo Molodezky.<\/strong><\/p>\n<p><img decoding=\"async\" src=\"https:\/\/www.sportchaco.com.ar\/wp-content\/uploads\/2023\/11\/Luis-D-SP-199x300.jpg\" \/><\/p>\n<p>&nbsp;<\/p>\n<p><strong>1969 \/<\/strong> Reanudan relaciones Chaco For Ever y Sarmiento, luego del episodio que los distanci\u00f3<br \/>\npor la compra del jugador Elpidio Zarza. El titular albinegro Pedro Jos\u00e9 Ben\u00edtez dijo: \u201cDurante<br \/>\nmi presidencia se produjo esta ruptura, antes de irme, tratar\u00e9 de solucionar este problema\u201d.<br \/>\nTras el anuncio se formaliz\u00f3 en un acuerdo que incluy\u00f3 a Sportivo Zapallar.<\/p>\n<p style=\"text-align: left;\"><strong>1999 \/<\/strong> Los sanezpe\u00f1enses Anabella Houd\u00edn en la categor\u00eda Sub \u201310 y Guido Medina en Sub-12, de consagran campeones provinciales de Ajedrez, en el torneo realizado en Asociaci\u00f3n Italiana de Charata y organizado por la Federaci\u00f3n Chaque\u00f1a de Ajedrez.<\/p>\n<p style=\"text-align: left;\"><strong>2010 \/<\/strong> Fallece Jos\u00e9 Manuel Ramos Delgado, quien dejar\u00e1 huella en Chaco For Ever no s\u00f3lo en la direcci\u00f3n t\u00e9cnica y t\u00e1ctica en la segunda ronda del campeonato Nacional \u00abB\u00bb 1993. Jug\u00f3 y dirigi\u00f3 a River, fue compa\u00f1ero de Pel\u00e9 en el Santos. Hab\u00eda nacido un 26 de Agosto de 1935 en Villa Elisa. En su estad\u00eda realiz\u00f3 un programa de TV de t\u00e1cticas y estratgias en en Cable Color.<\/p>\n<p style=\"text-align: left;\"><em>Foto de Jos\u00e9 Manuel Ramos Delgado<\/em><\/p>\n","protected":false},"excerpt":{"rendered":"<p>Estas son las efem\u00e9rides de un 4 de diciembre, del libro \u00ab100 a\u00f1os de historia del deporte en el Chaco\u00bb, del periodista Luis Dar\u00edo Molodezky. &nbsp; 1969 \/ Reanudan relaciones Chaco For Ever y Sarmiento, luego del episodio que los distanci\u00f3 por la compra del jugador Elpidio Zarza. El titular albinegro Pedro Jos\u00e9 Ben\u00edtez dijo: &hellip;<\/p>\n","protected":false},"author":5,"featured_media":3400,"comment_status":"open","ping_status":"open","sticky":false,"template":"","format":"standard","meta":{"footnotes":""},"categories":[4,45],"tags":[],"class_list":["post-3399","post","type-post","status-publish","format-standard","has-post-thumbnail","hentry","category-efemerides","category-efemerides-dia-por-dia"],"_links":{"self":[{"href":"https:\/\/www.sportchaco.com.ar\/index.php?rest_route=\/wp\/v2\/posts\/3399","targetHints":{"allow":["GET"]}}],"collection":[{"href":"https:\/\/www.sportchaco.com.ar\/index.php?rest_route=\/wp\/v2\/posts"}],"about":[{"href":"https:\/\/www.sportchaco.com.ar\/index.php?rest_route=\/wp\/v2\/types\/post"}],"author":[{"embeddable":true,"href":"https:\/\/www.sportchaco.com.ar\/index.php?rest_route=\/wp\/v2\/users\/5"}],"replies":[{"embeddable":true,"href":"https:\/\/www.sportchaco.com.ar\/index.php?rest_route=%2Fwp%2Fv2%2Fcomments&post=3399"}],"version-history":[{"count":5,"href":"https:\/\/www.sportchaco.com.ar\/index.php?rest_route=\/wp\/v2\/posts\/3399\/revisions"}],"predecessor-version":[{"id":3405,"href":"https:\/\/www.sportchaco.com.ar\/index.php?rest_route=\/wp\/v2\/posts\/3399\/revisions\/3405"}],"wp:featuredmedia":[{"embeddable":true,"href":"https:\/\/www.sportchaco.com.ar\/index.php?rest_route=\/wp\/v2\/media\/3400"}],"wp:attachment":[{"href":"https:\/\/www.sportchaco.com.ar\/index.php?rest_route=%2Fwp%2Fv2%2Fmedia&parent=3399"}],"wp:term":[{"taxonomy":"category","embeddable":true,"href":"https:\/\/www.sportchaco.com.ar\/index.php?rest_route=%2Fwp%2Fv2%2Fcategories&post=3399"},{"taxonomy":"post_tag","embeddable":true,"href":"https:\/\/www.sportchaco.com.ar\/index.php?rest_route=%2Fwp%2Fv2%2Ftags&post=3399"}],"curies":[{"name":"wp","href":"https:\/\/api.w.org\/{rel}","templated":true}]}}