{"id":34048,"date":"2026-03-16T10:21:05","date_gmt":"2026-03-16T13:21:05","guid":{"rendered":"https:\/\/www.sportchaco.com.ar\/?p=34048"},"modified":"2026-03-16T10:22:47","modified_gmt":"2026-03-16T13:22:47","slug":"fallecio-el-periodista-y-relator-marcelo-araujo","status":"publish","type":"post","link":"https:\/\/www.sportchaco.com.ar\/?p=34048","title":{"rendered":"Falleci\u00f3 el periodista y relator Marcelo Araujo"},"content":{"rendered":"<header class=\"article-header-wrapper\">\n<div class=\"article-header with-follow-button-ctn\">\n<div class=\"display_flex justify_space_between article-section-ctn\">\n<div class=\"display_flex align_items_center\"><a class=\"display_flex align_items_center article-section-tag\" href=\"https:\/\/www.infobae.com\/deportes\/\" aria-label=\"Deportes\">eportes<\/a><\/div>\n<\/div>\n<h1 id=\"murio-marcelo-araujo-el-periodista-que-revoluciono-la-forma-de-relatar-futbol\" class=\"display-block article-headline text_align_left\">Muri\u00f3 Marcelo Araujo, el periodista que revolucion\u00f3 la forma de relatar f\u00fatbol. El periodista, que marc\u00f3 una \u00e9poca en los relatos de la mano de F\u00fatbol de Primera, falleci\u00f3 a los 78 a\u00f1os<\/h1>\n<div class=\"display_flex align_items_center flex_row byline follow-button-ctn no-author\"><\/div>\n<\/div>\n<\/header>\n<article class=\"article\">\n<div class=\"sharebar-container display_flex\">\n<div class=\"share-bar-article-date-container \"><\/div>\n<div class=\"sharebar-buttons-container display_flex\">\n<div class=\"sharebar-buttons button-save\" tabindex=\"0\" role=\"button\" aria-label=\"Guardar\"><\/div>\n<\/div>\n<\/div>\n<div class=\"body-article \">\n<div class=\"visual__image image-initial-width\"><\/div>\n<p class=\"paragraph\">Una noticia gener\u00f3 tristeza en el mundo del f\u00fatbol argentino.\u00a0<b>Marcelo Araujo, hist\u00f3rico relator y periodista, muri\u00f3 a los 78 a\u00f1os<\/b>. La confirmaci\u00f3n lleg\u00f3 a trav\u00e9s de su amigo\u00a0<b>Fernando Pacini\u00a0<\/b>en radio La Red. \u201cLamentablemente a la madrugada lleg\u00f3 la noticia de la muerte de Marcelo\u201d, dijo quien fue su comentarista en la etapa de\u00a0<i>F\u00fatbol para Todos\u00a0<\/i>en la\u00a0<i>TV P\u00fablica.<\/i><\/p>\n<p class=\"paragraph\">\u201cMarcelo siempre tuvo una nobleza y una gran generosidad con nosotros\u201d, agreg\u00f3 Pacini sobre el perfil del ic\u00f3nico relator que marc\u00f3 una \u00e9poca en la forma de c\u00f3mo contar los partidos de Primera Divisi\u00f3n.<\/p>\n<h2><u>El fin de una era<\/u><\/h2>\n<p><strong>Araujo<\/strong>\u00a0fue el pilar narrativo del f\u00fatbol local, consolid\u00e1ndose como el relator estrella de\u00a0<strong>\u00abF\u00fatbol de Primera\u00bb<\/strong>. Su estilo, que combinaba informaci\u00f3n precisa con un tono coloquial y provocador, rompi\u00f3 con los moldes tradicionales de la locuci\u00f3n deportiva y marc\u00f3 un antes y un despu\u00e9s en la forma de comunicar el deporte.<\/p>\n<p>Junto a\u00a0<strong>Enrique Macaya M\u00e1rquez<\/strong>, conform\u00f3 la dupla m\u00e1s ic\u00f3nica y duradera de la pantalla, liderando los niveles de audiencia cada domingo.<\/p>\n<p>Su capacidad para imprimirle ritmo y suspenso a los partidos lo convirti\u00f3 en una figura de autoridad absoluta en los medios de comunicaci\u00f3n.<\/p>\n<p><iframe loading=\"lazy\" title=\"YouTube video player\" src=\"https:\/\/www.youtube.com\/embed\/O9Dqwe9rASE?si=ij6AwOvWnyQPKMf-\" width=\"560\" height=\"315\" frameborder=\"0\" allowfullscreen=\"allowfullscreen\" data-mce-fragment=\"1\"><\/iframe><\/p>\n<h2><u>Legado y trayectoria<\/u><\/h2>\n<p>Considerado por colegas y especialistas como uno de los relatores m\u00e1s importantes de la historia en\u00a0<strong>Argentina<\/strong>,\u00a0<strong>Araujo<\/strong>\u00a0no solo narr\u00f3 partidos, sino que construy\u00f3 una identidad est\u00e9tica para el f\u00fatbol televisado.<\/p>\n<p>Su influencia se extiende a las nuevas generaciones de periodistas que adoptaron su dinamismo y su enfoque centrado en el espect\u00e1culo.<\/p>\n<p style=\"text-align: center;\"><img loading=\"lazy\" decoding=\"async\" class=\"alignnone size-medium wp-image-33889\" src=\"https:\/\/www.sportchaco.com.ar\/wp-content\/uploads\/2026\/03\/Agua-Segura_300x600-17-1-150x300.gif\" alt=\"\" width=\"150\" height=\"300\" \/> <img loading=\"lazy\" decoding=\"async\" class=\"alignnone size-medium wp-image-33890\" src=\"https:\/\/www.sportchaco.com.ar\/wp-content\/uploads\/2026\/03\/Ahorros-de-Verano-BANNERS-WEB_120x200-copia-3-1-180x300.gif\" alt=\"\" width=\"180\" height=\"300\" \/><\/p>\n<\/div>\n<\/article>\n","protected":false},"excerpt":{"rendered":"<p>eportes Muri\u00f3 Marcelo Araujo, el periodista que revolucion\u00f3 la forma de relatar f\u00fatbol. El periodista, que marc\u00f3 una \u00e9poca en los relatos de la mano de F\u00fatbol de Primera, falleci\u00f3 a los 78 a\u00f1os Una noticia gener\u00f3 tristeza en el mundo del f\u00fatbol argentino.\u00a0Marcelo Araujo, hist\u00f3rico relator y periodista, muri\u00f3 a los 78 a\u00f1os. La &hellip;<\/p>\n","protected":false},"author":2,"featured_media":34049,"comment_status":"open","ping_status":"open","sticky":false,"template":"","format":"standard","meta":{"footnotes":""},"categories":[72],"tags":[],"class_list":["post-34048","post","type-post","status-publish","format-standard","has-post-thumbnail","hentry","category-futbol-puro"],"_links":{"self":[{"href":"https:\/\/www.sportchaco.com.ar\/index.php?rest_route=\/wp\/v2\/posts\/34048","targetHints":{"allow":["GET"]}}],"collection":[{"href":"https:\/\/www.sportchaco.com.ar\/index.php?rest_route=\/wp\/v2\/posts"}],"about":[{"href":"https:\/\/www.sportchaco.com.ar\/index.php?rest_route=\/wp\/v2\/types\/post"}],"author":[{"embeddable":true,"href":"https:\/\/www.sportchaco.com.ar\/index.php?rest_route=\/wp\/v2\/users\/2"}],"replies":[{"embeddable":true,"href":"https:\/\/www.sportchaco.com.ar\/index.php?rest_route=%2Fwp%2Fv2%2Fcomments&post=34048"}],"version-history":[{"count":2,"href":"https:\/\/www.sportchaco.com.ar\/index.php?rest_route=\/wp\/v2\/posts\/34048\/revisions"}],"predecessor-version":[{"id":34051,"href":"https:\/\/www.sportchaco.com.ar\/index.php?rest_route=\/wp\/v2\/posts\/34048\/revisions\/34051"}],"wp:featuredmedia":[{"embeddable":true,"href":"https:\/\/www.sportchaco.com.ar\/index.php?rest_route=\/wp\/v2\/media\/34049"}],"wp:attachment":[{"href":"https:\/\/www.sportchaco.com.ar\/index.php?rest_route=%2Fwp%2Fv2%2Fmedia&parent=34048"}],"wp:term":[{"taxonomy":"category","embeddable":true,"href":"https:\/\/www.sportchaco.com.ar\/index.php?rest_route=%2Fwp%2Fv2%2Fcategories&post=34048"},{"taxonomy":"post_tag","embeddable":true,"href":"https:\/\/www.sportchaco.com.ar\/index.php?rest_route=%2Fwp%2Fv2%2Ftags&post=34048"}],"curies":[{"name":"wp","href":"https:\/\/api.w.org\/{rel}","templated":true}]}}