{"id":34061,"date":"2026-03-16T19:29:05","date_gmt":"2026-03-16T22:29:05","guid":{"rendered":"https:\/\/www.sportchaco.com.ar\/?p=34061"},"modified":"2026-03-16T19:29:05","modified_gmt":"2026-03-16T22:29:05","slug":"ezequiel-allende-tuvo-su-debut-en-el-cam-2026","status":"publish","type":"post","link":"https:\/\/www.sportchaco.com.ar\/?p=34061","title":{"rendered":"Ezequiel Allende tuvo su debut en el CAM 2026"},"content":{"rendered":"<p><strong>16-03-2026<\/strong><\/p>\n<p><img loading=\"lazy\" decoding=\"async\" class=\"aligncenter size-full wp-image-33885\" src=\"https:\/\/www.sportchaco.com.ar\/wp-content\/uploads\/2026\/03\/BANNER-WEB-MOSQUITOS-SALUD_320x50-21.gif\" alt=\"\" width=\"667\" height=\"104\" \/><\/p>\n<p>Este fin de semana se disput\u00f3 la primera fecha del Certamen Argentino de Motociclismo 2026 y el piloto chaque\u00f1o Ezequiel Allende tuvo su estreno junto a su propio equipo en el circuito \u201cDavid Dondoni\u201d de Santa Clara de Buena Vista, departamento Las Colonias de Santa Fe. Esta es su tercera incursi\u00f3n en el CAM.<\/p>\n<p>En la etapa de clasificaci\u00f3n de la categor\u00eda 450cc, disputada el s\u00e1bado, el oriundo de Pampa del Infierno termin\u00f3 en el puesto n\u00famero 28. \u201cLa clasificaci\u00f3n fue complicada, tuvimos unos inconvenientes, pero lo supimos resolver de cara a la carrera del d\u00eda siguiente\u201d, declar\u00f3.<\/p>\n<p>El domingo, en la primera etapa, el chaque\u00f1o marchaba en el quinto lugar cuando tuvo que abandonar la pista por un desperfecto en su Yamaha YZF 450. Cabe recordar que para ingresar a la carrera final los pilotos deben terminar dentro de los 18 primeros lugares. Por lo cual Allende tuvo que pasar por el Repechaje.<\/p>\n<p>\u201cLa etapa de reclasificaci\u00f3n fue muy buena, me pude recuperar para meterme dentro de los 18 que era el objetivo principal para la primera jornada, no es f\u00e1cil meterse dentro de los clasificados a la carrera final, por eso estoy satisfecho. Estoy contento por la producci\u00f3n que realic\u00e9 y la del equipo que supo sacar todo adelante cada inconveniente del fin de semana\u201d, se\u00f1al\u00f3 Allende.<\/p>\n<p>En la etapa final a 25 vueltas, donde 18 corredores disputaron los puntos de la primera jornada, el motociclista del interior provincial culmin\u00f3 d\u00e9cimo s\u00e9ptimo luego de ir peleando dentro de los diez primeros lugares y logr\u00f3 sumar sus primeros puntos del certamen que cuenta con 10 carreras a lo largo del a\u00f1o.<\/p>\n<p>Adem\u00e1s, Ezequiel Allende tuvo la oportunidad de correr en la categor\u00eda 125 Graduados bajo la bandera del equipo de Morales Competici\u00f3n en lo que fue su primera experiencia en una clase tradicional dentro del CAM.<\/p>\n<p>Ahora, la segunda fecha del campeonato del CAM, se desarrollar\u00e1 en la localidad santafesina de Colonia Belgrano el fin de semana del 28 y 29 de marzo.<\/p>\n<p>Cabe recordar que Ezequiel Allende cuenta con el apoyo de Casa Wesolowski SRL, Supermercados \u201cEl Arriero\u201d, Municipalidad de Pampa del Infierno, Instituto del Deporte, Loter\u00eda Chaque\u00f1a, Amortiguadores Maip\u00fa, Ale Motos, Casinos GALA, +Power, Nordemaq, AM Banco de Pruebas y EA38 Moto Parts.<\/p>\n<p><img loading=\"lazy\" decoding=\"async\" class=\"aligncenter size-full wp-image-33504\" src=\"https:\/\/www.sportchaco.com.ar\/wp-content\/uploads\/2026\/03\/MERCADO-LIBRE_200x200-05.gif\" alt=\"\" width=\"417\" height=\"417\" \/><\/p>\n","protected":false},"excerpt":{"rendered":"<p>16-03-2026 Este fin de semana se disput\u00f3 la primera fecha del Certamen Argentino de Motociclismo 2026 y el piloto chaque\u00f1o Ezequiel Allende tuvo su estreno junto a su propio equipo en el circuito \u201cDavid Dondoni\u201d de Santa Clara de Buena Vista, departamento Las Colonias de Santa Fe. Esta es su tercera incursi\u00f3n en el CAM. &hellip;<\/p>\n","protected":false},"author":3,"featured_media":34062,"comment_status":"open","ping_status":"open","sticky":false,"template":"","format":"standard","meta":{"footnotes":""},"categories":[59],"tags":[],"class_list":["post-34061","post","type-post","status-publish","format-standard","has-post-thumbnail","hentry","category-motociclismo"],"_links":{"self":[{"href":"https:\/\/www.sportchaco.com.ar\/index.php?rest_route=\/wp\/v2\/posts\/34061","targetHints":{"allow":["GET"]}}],"collection":[{"href":"https:\/\/www.sportchaco.com.ar\/index.php?rest_route=\/wp\/v2\/posts"}],"about":[{"href":"https:\/\/www.sportchaco.com.ar\/index.php?rest_route=\/wp\/v2\/types\/post"}],"author":[{"embeddable":true,"href":"https:\/\/www.sportchaco.com.ar\/index.php?rest_route=\/wp\/v2\/users\/3"}],"replies":[{"embeddable":true,"href":"https:\/\/www.sportchaco.com.ar\/index.php?rest_route=%2Fwp%2Fv2%2Fcomments&post=34061"}],"version-history":[{"count":1,"href":"https:\/\/www.sportchaco.com.ar\/index.php?rest_route=\/wp\/v2\/posts\/34061\/revisions"}],"predecessor-version":[{"id":34063,"href":"https:\/\/www.sportchaco.com.ar\/index.php?rest_route=\/wp\/v2\/posts\/34061\/revisions\/34063"}],"wp:featuredmedia":[{"embeddable":true,"href":"https:\/\/www.sportchaco.com.ar\/index.php?rest_route=\/wp\/v2\/media\/34062"}],"wp:attachment":[{"href":"https:\/\/www.sportchaco.com.ar\/index.php?rest_route=%2Fwp%2Fv2%2Fmedia&parent=34061"}],"wp:term":[{"taxonomy":"category","embeddable":true,"href":"https:\/\/www.sportchaco.com.ar\/index.php?rest_route=%2Fwp%2Fv2%2Fcategories&post=34061"},{"taxonomy":"post_tag","embeddable":true,"href":"https:\/\/www.sportchaco.com.ar\/index.php?rest_route=%2Fwp%2Fv2%2Ftags&post=34061"}],"curies":[{"name":"wp","href":"https:\/\/api.w.org\/{rel}","templated":true}]}}