{"id":3430,"date":"2023-12-04T16:10:00","date_gmt":"2023-12-04T19:10:00","guid":{"rendered":"https:\/\/www.sportchaco.com.ar\/?p=3430"},"modified":"2023-12-04T16:10:00","modified_gmt":"2023-12-04T19:10:00","slug":"este-jueves-presentaran-la-41o-fiesta-del-deporte","status":"publish","type":"post","link":"https:\/\/www.sportchaco.com.ar\/?p=3430","title":{"rendered":"Este jueves presentar\u00e1n la 41\u00ba Fiesta del Deporte"},"content":{"rendered":"<p>Este jueves 7 de diciembre se realizar\u00e1 la presentaci\u00f3n de la 41\u00ba Fiesta del Deporte. Ser\u00e1 a las 10 de la ma\u00f1ana mediante una conferencia de prensa en la sede de Loter\u00eda Chaque\u00f1a y contar\u00e1 con la presencia de funcionarios de esa entidad, del Instituto del Deporte, integrantes de la comisi\u00f3n directiva del C\u00edrculo de Periodistas.<\/p>\n<p>En contacto con los periodistas de los distintos medios de comunicaci\u00f3n se oficializar\u00e1 la n\u00f3mina de deportistas a ser distinguidos, adem\u00e1s de aspectos relacionados con la gala que hist\u00f3ricamente tiene una importante convocatoria de asistentes.<\/p>\n<p>El evento tendr\u00e1 lugar el pr\u00f3ximo 15 de diciembre desde las 21:30 en las instalaciones del \u201ccastillito\u201d de la Mutual Bancaria, situado sobre colectora de Ruta 16 a metros de la rotonda de avenida Sarmiento.<\/p>\n<p>Por otra parte, este martes 5 de diciembre a las 21 horas se realizar\u00e1 una nueva reuni\u00f3n de comisi\u00f3n directiva y socios del C\u00edrculo de Periodistas Deportivos del Chaco en la sede social de avenida Italia 1146. El objetivo ser\u00e1 avanzar en la definici\u00f3n de las nominaciones de los deportistas destacados en el presente a\u00f1o en cada disciplina.<\/p>\n","protected":false},"excerpt":{"rendered":"<p>Este jueves 7 de diciembre se realizar\u00e1 la presentaci\u00f3n de la 41\u00ba Fiesta del Deporte. Ser\u00e1 a las 10 de la ma\u00f1ana mediante una conferencia de prensa en la sede de Loter\u00eda Chaque\u00f1a y contar\u00e1 con la presencia de funcionarios de esa entidad, del Instituto del Deporte, integrantes de la comisi\u00f3n directiva del C\u00edrculo de &hellip;<\/p>\n","protected":false},"author":3,"featured_media":3431,"comment_status":"open","ping_status":"open","sticky":false,"template":"","format":"standard","meta":{"footnotes":""},"categories":[8,44],"tags":[],"class_list":["post-3430","post","type-post","status-publish","format-standard","has-post-thumbnail","hentry","category-sport-nea","category-varios"],"_links":{"self":[{"href":"https:\/\/www.sportchaco.com.ar\/index.php?rest_route=\/wp\/v2\/posts\/3430","targetHints":{"allow":["GET"]}}],"collection":[{"href":"https:\/\/www.sportchaco.com.ar\/index.php?rest_route=\/wp\/v2\/posts"}],"about":[{"href":"https:\/\/www.sportchaco.com.ar\/index.php?rest_route=\/wp\/v2\/types\/post"}],"author":[{"embeddable":true,"href":"https:\/\/www.sportchaco.com.ar\/index.php?rest_route=\/wp\/v2\/users\/3"}],"replies":[{"embeddable":true,"href":"https:\/\/www.sportchaco.com.ar\/index.php?rest_route=%2Fwp%2Fv2%2Fcomments&post=3430"}],"version-history":[{"count":1,"href":"https:\/\/www.sportchaco.com.ar\/index.php?rest_route=\/wp\/v2\/posts\/3430\/revisions"}],"predecessor-version":[{"id":3432,"href":"https:\/\/www.sportchaco.com.ar\/index.php?rest_route=\/wp\/v2\/posts\/3430\/revisions\/3432"}],"wp:featuredmedia":[{"embeddable":true,"href":"https:\/\/www.sportchaco.com.ar\/index.php?rest_route=\/wp\/v2\/media\/3431"}],"wp:attachment":[{"href":"https:\/\/www.sportchaco.com.ar\/index.php?rest_route=%2Fwp%2Fv2%2Fmedia&parent=3430"}],"wp:term":[{"taxonomy":"category","embeddable":true,"href":"https:\/\/www.sportchaco.com.ar\/index.php?rest_route=%2Fwp%2Fv2%2Fcategories&post=3430"},{"taxonomy":"post_tag","embeddable":true,"href":"https:\/\/www.sportchaco.com.ar\/index.php?rest_route=%2Fwp%2Fv2%2Ftags&post=3430"}],"curies":[{"name":"wp","href":"https:\/\/api.w.org\/{rel}","templated":true}]}}