{"id":3440,"date":"2023-12-05T00:01:08","date_gmt":"2023-12-05T03:01:08","guid":{"rendered":"https:\/\/www.sportchaco.com.ar\/?p=3440"},"modified":"2023-12-05T12:29:14","modified_gmt":"2023-12-05T15:29:14","slug":"efemerides-del-5-de-diciembre","status":"publish","type":"post","link":"https:\/\/www.sportchaco.com.ar\/?p=3440","title":{"rendered":"Efem\u00e9rides del 5 de diciembre"},"content":{"rendered":"<p><strong>Estas son las efem\u00e9rides de un 5 de diciembre, del libro \u00ab100 a\u00f1os de historia del deporte en el Chaco\u00bb, del periodista Luis Dar\u00edo Molodezky.<\/strong><\/p>\n<p>&nbsp;<\/p>\n<p><img decoding=\"async\" src=\"https:\/\/www.sportchaco.com.ar\/wp-content\/uploads\/2023\/11\/Luis-D-SP-199x300.jpg\" \/><\/p>\n<p><strong>5 de diciembre<\/strong><\/p>\n<p><strong>1924 \/<\/strong> La unificaci\u00f3n del f\u00fatbol resistenciano. La Liga Chaque\u00f1a de F\u00fatbol estaba afiliada a la Asociaci\u00f3n Argentina; y la Liga Amateur de Foot Ball, adherida a la Liga Amateur Argentina. Por lo que la unificaci\u00f3n signific\u00f3 una conquista de trascendencia y un verdadero triunfo para quienes la alentaron. La Asamblea constitutiva se celebr\u00f3 el 5 de diciembre de 1924 en el local del Club Social;<\/p>\n<p>&nbsp;<\/p>\n<p><strong>1925 \/<\/strong> Nace la Liga Chaque\u00f1a de F\u00fatbol, primero<br \/>\ncon el nombre de Federaci\u00f3n Chaque\u00f1a. Agrupa a los equipos del<br \/>\nGran Resistencia, con Barranqueras, Vilelas, Puerto Tirol, Fontana,<br \/>\nMargarita Bel\u00e9n y Colonia Ben\u00edtez. Su m\u00e1ximo logro fue la<br \/>\nconquista de la Copa Adri\u00e1n B\u00e9ccar Varela el 16 de diciembre de<br \/>\n1968 en Mendoza.<\/p>\n<p>&nbsp;<\/p>\n<p><strong>1998 \/<\/strong> Juan Manuel Silva, es consagrado deportista<br \/>\ndel a\u00f1o por el C\u00edrculo de Periodistas Deportivos del Chaco, durante<br \/>\nla XVII\u00b0 Fiesta Anual realizada en el Club Sarmiento. Los<br \/>\nnominados en las distintas disciplinas fueron: Ajedrez Mauricio<br \/>\nDor\u00edn, \u00e1rbitro Gerardo Mazaferro, artes marciales Gabriel Ivars,<br \/>\natletismo Juan A. Gil, automovilismo Juan Manuel Silva,<br \/>\nb\u00e1squetbol Steve Washington, bochas Ceferino Saucedo, boxeo<br \/>\nJavier Alvarez, canotaje Mar\u00eda Fernanda Lauro, caza Daniel Paj\u00f3n,<br \/>\nciclismo Carlos Varese, dirigente Valent\u00edn Bares, equitaci\u00f3n E.<br \/>\nMart\u00ednez Quiroga, fisicoculturismo H\u00e9ctor Ev\u00edn, f\u00fatbol Christian<br \/>\nGim\u00e9nez, gimnasia art\u00edstica Santiago Colombo, golf Gael Ducasse,<br \/>\nhandball Mar\u00eda Gabriel D\u00edaz, hockey Mercedes Auge, homenaje<br \/>\nAntonio Alemis, karting Alejandro Dionisi, marat\u00f3n Carlos<br \/>\nVel\u00e1zquez, motociclismo Alberto Salon, nataci\u00f3n Ignacio Prause,<br \/>\npadel Miguel Codina (h)-Maxi Grillo, pesca Alfredo Bernard, rugby<br \/>\nGuillermo Andreotti, socio honorario Emilio Miguel Lagranja,<br \/>\ntenis Ignacio Gonz\u00e1lez King, tiro Chato Fern\u00e1ndez, velerismo Juan<br \/>\nPablo Van Rey, v\u00f3leibol An\u00edbal Collado.<\/p>\n<p><strong>1999 \/<\/strong> Juan Manuel Silva se corona campe\u00f3n de<br \/>\nTurismo Competici\u00f3n 2000, tras un a\u00f1o excepcional a bordo del<br \/>\nHonda Civic y que lo domin\u00f3 de punta a punta. Se inici\u00f3 a los once<br \/>\na\u00f1os en el karting, donde fue campe\u00f3n del Zonal. Empez\u00f3 a correr<br \/>\nen la F\u00f3rmula Renault en 1991 consagr\u00e1ndose campe\u00f3n argentino<br \/>\nen 1993. En el 2005 fue campe\u00f3n de Turismo de Carretera.<\/p>\n<p>&nbsp;<\/p>\n<p><strong>2021 \/<\/strong> Luego de 23 a\u00f1os, Chaco For Ever logr\u00f3 el regreso a la Primera Nacional (ex Nacional B),<br \/>\nal ganar en la final del reducido a Gimnasia y Tiro de Salta por 1 a 0, partido jugado en Santiago del Estero.<br \/>\nEmanuel D\u00edaz de penal marc\u00f3 el \u00fanico gol.<\/p>\n","protected":false},"excerpt":{"rendered":"<p>Estas son las efem\u00e9rides de un 5 de diciembre, del libro \u00ab100 a\u00f1os de historia del deporte en el Chaco\u00bb, del periodista Luis Dar\u00edo Molodezky. &nbsp; 5 de diciembre 1924 \/ La unificaci\u00f3n del f\u00fatbol resistenciano. La Liga Chaque\u00f1a de F\u00fatbol estaba afiliada a la Asociaci\u00f3n Argentina; y la Liga Amateur de Foot Ball, adherida &hellip;<\/p>\n","protected":false},"author":3,"featured_media":3441,"comment_status":"open","ping_status":"open","sticky":false,"template":"","format":"standard","meta":{"footnotes":""},"categories":[4,45],"tags":[],"class_list":["post-3440","post","type-post","status-publish","format-standard","has-post-thumbnail","hentry","category-efemerides","category-efemerides-dia-por-dia"],"_links":{"self":[{"href":"https:\/\/www.sportchaco.com.ar\/index.php?rest_route=\/wp\/v2\/posts\/3440","targetHints":{"allow":["GET"]}}],"collection":[{"href":"https:\/\/www.sportchaco.com.ar\/index.php?rest_route=\/wp\/v2\/posts"}],"about":[{"href":"https:\/\/www.sportchaco.com.ar\/index.php?rest_route=\/wp\/v2\/types\/post"}],"author":[{"embeddable":true,"href":"https:\/\/www.sportchaco.com.ar\/index.php?rest_route=\/wp\/v2\/users\/3"}],"replies":[{"embeddable":true,"href":"https:\/\/www.sportchaco.com.ar\/index.php?rest_route=%2Fwp%2Fv2%2Fcomments&post=3440"}],"version-history":[{"count":2,"href":"https:\/\/www.sportchaco.com.ar\/index.php?rest_route=\/wp\/v2\/posts\/3440\/revisions"}],"predecessor-version":[{"id":3444,"href":"https:\/\/www.sportchaco.com.ar\/index.php?rest_route=\/wp\/v2\/posts\/3440\/revisions\/3444"}],"wp:featuredmedia":[{"embeddable":true,"href":"https:\/\/www.sportchaco.com.ar\/index.php?rest_route=\/wp\/v2\/media\/3441"}],"wp:attachment":[{"href":"https:\/\/www.sportchaco.com.ar\/index.php?rest_route=%2Fwp%2Fv2%2Fmedia&parent=3440"}],"wp:term":[{"taxonomy":"category","embeddable":true,"href":"https:\/\/www.sportchaco.com.ar\/index.php?rest_route=%2Fwp%2Fv2%2Fcategories&post=3440"},{"taxonomy":"post_tag","embeddable":true,"href":"https:\/\/www.sportchaco.com.ar\/index.php?rest_route=%2Fwp%2Fv2%2Ftags&post=3440"}],"curies":[{"name":"wp","href":"https:\/\/api.w.org\/{rel}","templated":true}]}}