{"id":3462,"date":"2023-12-06T00:03:39","date_gmt":"2023-12-06T03:03:39","guid":{"rendered":"https:\/\/www.sportchaco.com.ar\/?p=3462"},"modified":"2023-12-06T17:08:45","modified_gmt":"2023-12-06T20:08:45","slug":"efemerides-del-6-de-diciembre","status":"publish","type":"post","link":"https:\/\/www.sportchaco.com.ar\/?p=3462","title":{"rendered":"Efem\u00e9rides del 6 de diciembre"},"content":{"rendered":"<p>&nbsp;<\/p>\n<p><strong>Estas son las efem\u00e9rides de un 6 de diciembre, del libro \u00ab100 a\u00f1os de historia del deporte en el Chaco\u00bb, del periodista Luis Dar\u00edo Molodezky.<\/strong><\/p>\n<p><img decoding=\"async\" src=\"https:\/\/www.sportchaco.com.ar\/wp-content\/uploads\/2023\/11\/Luis-D-SP-199x300.jpg\" \/><\/p>\n<p>&nbsp;<\/p>\n<p><strong>1958 \/<\/strong> Eleuterio Schvemler es el \u00fanico chaque\u00f1o que larga desde Buenos Aires en el XXXVI Gran Premio Argentino de Carreteras de la Rep\u00fablica Argentina. Se clasificar\u00e1 13\u00ba al culminar<br \/>\nla prueba ocho d\u00edas despu\u00e9s.<\/p>\n<p><strong>1966 \/<\/strong> Visita Resistencia el prestigioso periodista de boxeo Ulises Barrera, invitado por su colega Mario Ismael Nalli. Realiza una charla en el Sal\u00f3n del diario El Territorio (Museo de Medios). Barrera, uno de los mejores analistas de ese deporte y de temas generales, falleci\u00f3 el 11 de diciembre de 2005.<\/p>\n<p><strong>1983 \/<\/strong> Queda constituida la Federaci\u00f3n de Golf del Litoral, y es designado titular el doctor Eduardo Carlos Sosa (h), representante del Chaco Golf Club.<\/p>\n<p><strong>2006 \/<\/strong> El atleta chaque\u00f1o Javier S\u00e1ez consigue un hist\u00f3rico segundo puesto en el Campeonato Sudamericano M\u00e1ster de Levantamiento Ol\u00edmpico de Pesas, que tuvo como escenario el Cenard de Capital Federal. Se suma a las obtenidas por H\u00e9ctor Oscar Itonaga, quien fue dos veces subcampe\u00f3n sudamericano en categor\u00eda pluma (hasta 60 kilos) en 1971 y 1973, adem\u00e1s de ganar el Pre Sudamericano de 1972 y el R\u00edoplatense.<\/p>\n<p><strong>2009 \/<\/strong> Jos\u00e9 Luis Ayub se corona campe\u00f3n argentino de Superbike, en el Campeonato Argentino de Velocidad. En la \u00faltima carrera disputada en San Jorge, Santa Fe, fue segundo. En el a\u00f1o logr\u00f3 tres victorias, dos segundos puestos, punte\u00f3 en todas las carreras y fue r\u00e9cord de vuelta en 5 ocasiones.<\/p>\n<p>Foto: Jos\u00e9 Luis Ayub se consagra campe\u00f3n Argentino de Velocidad Superbike 2009 en San Jorge<\/p>\n","protected":false},"excerpt":{"rendered":"<p>&nbsp; Estas son las efem\u00e9rides de un 6 de diciembre, del libro \u00ab100 a\u00f1os de historia del deporte en el Chaco\u00bb, del periodista Luis Dar\u00edo Molodezky. &nbsp; 1958 \/ Eleuterio Schvemler es el \u00fanico chaque\u00f1o que larga desde Buenos Aires en el XXXVI Gran Premio Argentino de Carreteras de la Rep\u00fablica Argentina. Se clasificar\u00e1 13\u00ba &hellip;<\/p>\n","protected":false},"author":5,"featured_media":3463,"comment_status":"open","ping_status":"open","sticky":false,"template":"","format":"standard","meta":{"footnotes":""},"categories":[4,45],"tags":[],"class_list":["post-3462","post","type-post","status-publish","format-standard","has-post-thumbnail","hentry","category-efemerides","category-efemerides-dia-por-dia"],"_links":{"self":[{"href":"https:\/\/www.sportchaco.com.ar\/index.php?rest_route=\/wp\/v2\/posts\/3462","targetHints":{"allow":["GET"]}}],"collection":[{"href":"https:\/\/www.sportchaco.com.ar\/index.php?rest_route=\/wp\/v2\/posts"}],"about":[{"href":"https:\/\/www.sportchaco.com.ar\/index.php?rest_route=\/wp\/v2\/types\/post"}],"author":[{"embeddable":true,"href":"https:\/\/www.sportchaco.com.ar\/index.php?rest_route=\/wp\/v2\/users\/5"}],"replies":[{"embeddable":true,"href":"https:\/\/www.sportchaco.com.ar\/index.php?rest_route=%2Fwp%2Fv2%2Fcomments&post=3462"}],"version-history":[{"count":3,"href":"https:\/\/www.sportchaco.com.ar\/index.php?rest_route=\/wp\/v2\/posts\/3462\/revisions"}],"predecessor-version":[{"id":3486,"href":"https:\/\/www.sportchaco.com.ar\/index.php?rest_route=\/wp\/v2\/posts\/3462\/revisions\/3486"}],"wp:featuredmedia":[{"embeddable":true,"href":"https:\/\/www.sportchaco.com.ar\/index.php?rest_route=\/wp\/v2\/media\/3463"}],"wp:attachment":[{"href":"https:\/\/www.sportchaco.com.ar\/index.php?rest_route=%2Fwp%2Fv2%2Fmedia&parent=3462"}],"wp:term":[{"taxonomy":"category","embeddable":true,"href":"https:\/\/www.sportchaco.com.ar\/index.php?rest_route=%2Fwp%2Fv2%2Fcategories&post=3462"},{"taxonomy":"post_tag","embeddable":true,"href":"https:\/\/www.sportchaco.com.ar\/index.php?rest_route=%2Fwp%2Fv2%2Ftags&post=3462"}],"curies":[{"name":"wp","href":"https:\/\/api.w.org\/{rel}","templated":true}]}}