{"id":3479,"date":"2023-12-06T12:04:44","date_gmt":"2023-12-06T15:04:44","guid":{"rendered":"https:\/\/www.sportchaco.com.ar\/?p=3479"},"modified":"2023-12-06T12:04:44","modified_gmt":"2023-12-06T15:04:44","slug":"sebastian-font-sortead-para-tomar-la-causa-de-las-elecciones-en-boca","status":"publish","type":"post","link":"https:\/\/www.sportchaco.com.ar\/?p=3479","title":{"rendered":"Sebasti\u00e1n Font sortead para tomar la causa de las elecciones en Boca"},"content":{"rendered":"<p id=\"titulo_cable\" class=\"title\">\n<div id=\"div_cuerpo\" class=\"content cable-content\">El Juez Civil Sebasti\u00e1n Font fue designado hoy para hacerse cargo de la causa en la que fueron suspendidas las elecciones de Boca Juniors domingo pasado, seg\u00fan informaron fuentes judiciales.<\/p>\n<p>En ese sentido, la C\u00e1mara Nacional de Apelaciones realiz\u00f3 el sorteo p\u00fablico y Sebasti\u00e1n Font, a cargo del Juzgado Civil 36, fue designado juez subrogante que tendr\u00e1 a cargo el expediente de los socios de Boca.<\/p>\n<p>De todas maneras, Font tiene la potestad de excusarse o bien aceptar tomar la causa para definir el tema de las elecciones en Boca que qued\u00f3 en manos de la justicia.<\/p>\n<p>Boca deb\u00eda haber llevado adelante sus comicios el domingo pasado en La Bombonera, en elecciones en las que compet\u00edan dos listas: la del oficialismo encabezada por Juan Rom\u00e1n Riquelme y Jorge Amor Ameal, y la oposici\u00f3n que propon\u00eda a Andr\u00e9s Ibarra y Mauricio Macri.<\/p>\n<p>No obstante, una denuncia ante la justicia de la oposici\u00f3n alegando que hab\u00eda m\u00e1s de 13.000 socios activos que no deber\u00edan votar por haberse asociado de manera ilegal y en perjuicio de los adherentes, motiv\u00f3 que se suspendan las elecciones.<\/p>\n<p>En ese contexto, el caso de Boca lo tom\u00f3 en principio la jueza Alejandra D\u00e9bora Abrevaya, quien fue recusada por el oficialismo y adem\u00e1s cuestionada por Riquelme, y se design\u00f3 en segunda instancia a la jueza Adriana Romero, quien por ser socia activa del club se excus\u00f3 y no acept\u00f3 tomar la causa.<\/p>\n<p>M\u00e1s all\u00e1 de la reciente designaci\u00f3n del juez Sebasti\u00e1n Font, al mismo tiempo la Sala E de la C\u00e1mara Civil, integrada por Jos\u00e9 Benito Fajre, Ricardo Li Rosi y Marisa Sorini, sigue analizando la continuidad o no de Abrevaya al frente del expediente.<\/p>\n<p>Abrevaya, quien suspendi\u00f3 las elecciones en Boca programadas para el domingo pasado por una medida cautelar a ra\u00edz del mencionado reclamo por parte de la oposici\u00f3n por supuestas irregularidades en el padr\u00f3n, denunci\u00f3 que recibi\u00f3 amenazas de muerte y se encuentra con custodia policial.<\/p><\/div>\n<div><\/div>\n<div><\/div>\n<div>Foto de Sebasti\u00e1n Font<\/div>\n","protected":false},"excerpt":{"rendered":"<p>El Juez Civil Sebasti\u00e1n Font fue designado hoy para hacerse cargo de la causa en la que fueron suspendidas las elecciones de Boca Juniors domingo pasado, seg\u00fan informaron fuentes judiciales. En ese sentido, la C\u00e1mara Nacional de Apelaciones realiz\u00f3 el sorteo p\u00fablico y Sebasti\u00e1n Font, a cargo del Juzgado Civil 36, fue designado juez subrogante &hellip;<\/p>\n","protected":false},"author":2,"featured_media":3480,"comment_status":"open","ping_status":"open","sticky":false,"template":"","format":"standard","meta":{"footnotes":""},"categories":[47],"tags":[],"class_list":["post-3479","post","type-post","status-publish","format-standard","has-post-thumbnail","hentry","category-nacionales"],"_links":{"self":[{"href":"https:\/\/www.sportchaco.com.ar\/index.php?rest_route=\/wp\/v2\/posts\/3479","targetHints":{"allow":["GET"]}}],"collection":[{"href":"https:\/\/www.sportchaco.com.ar\/index.php?rest_route=\/wp\/v2\/posts"}],"about":[{"href":"https:\/\/www.sportchaco.com.ar\/index.php?rest_route=\/wp\/v2\/types\/post"}],"author":[{"embeddable":true,"href":"https:\/\/www.sportchaco.com.ar\/index.php?rest_route=\/wp\/v2\/users\/2"}],"replies":[{"embeddable":true,"href":"https:\/\/www.sportchaco.com.ar\/index.php?rest_route=%2Fwp%2Fv2%2Fcomments&post=3479"}],"version-history":[{"count":1,"href":"https:\/\/www.sportchaco.com.ar\/index.php?rest_route=\/wp\/v2\/posts\/3479\/revisions"}],"predecessor-version":[{"id":3481,"href":"https:\/\/www.sportchaco.com.ar\/index.php?rest_route=\/wp\/v2\/posts\/3479\/revisions\/3481"}],"wp:featuredmedia":[{"embeddable":true,"href":"https:\/\/www.sportchaco.com.ar\/index.php?rest_route=\/wp\/v2\/media\/3480"}],"wp:attachment":[{"href":"https:\/\/www.sportchaco.com.ar\/index.php?rest_route=%2Fwp%2Fv2%2Fmedia&parent=3479"}],"wp:term":[{"taxonomy":"category","embeddable":true,"href":"https:\/\/www.sportchaco.com.ar\/index.php?rest_route=%2Fwp%2Fv2%2Fcategories&post=3479"},{"taxonomy":"post_tag","embeddable":true,"href":"https:\/\/www.sportchaco.com.ar\/index.php?rest_route=%2Fwp%2Fv2%2Ftags&post=3479"}],"curies":[{"name":"wp","href":"https:\/\/api.w.org\/{rel}","templated":true}]}}