{"id":3489,"date":"2023-12-06T17:26:45","date_gmt":"2023-12-06T20:26:45","guid":{"rendered":"https:\/\/www.sportchaco.com.ar\/?p=3489"},"modified":"2023-12-06T17:26:45","modified_gmt":"2023-12-06T20:26:45","slug":"el-chaqueno-echeverri-ya-se-encuentra-a-disposicion-de-demichelis","status":"publish","type":"post","link":"https:\/\/www.sportchaco.com.ar\/?p=3489","title":{"rendered":"El chaque\u00f1o Echeverri ya se encuentra a disposici\u00f3n de Demichelis"},"content":{"rendered":"<p>El entrenador de River Plate, Mart\u00edn Demichelis, sum\u00f3 ayer al chaque\u00f1o Claudio \u00abDiablito\u00bb Echeverri a los entrenamientos del plantel profesional, pero se tomar\u00e1 unos d\u00edas para definir el equipo y los convocados que el s\u00e1bado a las 22 jugar\u00e1n la semifinal de la Copa de la Liga ante Rosario Central en C\u00f3rdoba.<\/p>\n<p>En el regreso al trabajo esta tarde en el predio de Ezeiza, luego del descanso del lunes tras conseguir el triunfo ante Belgrano el domingo, los jugadores cumplieron tareas f\u00edsicas y aer\u00f3bicas y entre hoy y ma\u00f1ana el entrenador realizar\u00e1 trabajos t\u00e1cticos. La novedad fue la presencia de Echeverri tras su participaci\u00f3n en el mundial de la categor\u00eda Sub-17 y se espera que hoy se agregue tambi\u00e9n el goleador de dicho torneo, Agust\u00edn Ruberto.<\/p>\n<p>Con una sonrisa en el rostro, el \u00abDiablito\u00bb se tom\u00f3 un rato para firmarles la camiseta a los fans que lo esperaron antes de reincorporarse oficialmente a las pr\u00e1cticas con el plantel que encabeza Mart\u00edn Demichelis.<\/p>\n<p>Sabido es que el entrenador no contar\u00e1 con el delantero colombiano Miguel, puede recuperar para el fin de semana a Milton Casco y a Bruno Zuculini, que no estuvieron en C\u00f3rdoba por sendas sinovitis.<\/p>\n<p>El caso de Casco es especial porque hasta el partido frente a Instituto ven\u00eda siendo titular, aunque luego del gran partido de Enzo D\u00edaz frente a Belgrano la duda pasa a ser si regresa al lateral derecho en lugar de Santiago Sim\u00f3n.<\/p>\n<p>En cuanto al equipo, el DT qued\u00f3 conforme con el regreso de Rodrigo Aliendro a la zona media junto con Enzo P\u00e9rez, por lo tanto seguir\u00eda fuera del equipo Manuel Lanzini pasando Nicol\u00e1s De la Cruz a la zona de enlaces.<\/p>\n<p>Si bien el equipo se conocer\u00e1 un par de horas antes del partido y el DT lo trabajar\u00e1 en las pr\u00f3ximas 48 horas, podr\u00edan ser los mismos 11 que arrancaron jugando ante Belgrano con la inc\u00f3gnita mencionada en el lateral derecho del equipo.<\/p>\n<p>As\u00ed los posibles 11 ser\u00edan: Franco Armani, Sim\u00f3n o Casco o Herrera, Leandro Gonz\u00e1lez P\u00edrez, Paulo D\u00edaz y Enzo D\u00edaz; Enzo P\u00e9rez y Aliendro; Ignacio Fern\u00e1ndez, Esequiel Barco y De la Cruz; Salom\u00f3n Rond\u00f3n.<\/p>\n","protected":false},"excerpt":{"rendered":"<p>El entrenador de River Plate, Mart\u00edn Demichelis, sum\u00f3 ayer al chaque\u00f1o Claudio \u00abDiablito\u00bb Echeverri a los entrenamientos del plantel profesional, pero se tomar\u00e1 unos d\u00edas para definir el equipo y los convocados que el s\u00e1bado a las 22 jugar\u00e1n la semifinal de la Copa de la Liga ante Rosario Central en C\u00f3rdoba. En el regreso &hellip;<\/p>\n","protected":false},"author":3,"featured_media":3490,"comment_status":"open","ping_status":"open","sticky":false,"template":"","format":"standard","meta":{"footnotes":""},"categories":[5,47],"tags":[],"class_list":["post-3489","post","type-post","status-publish","format-standard","has-post-thumbnail","hentry","category-futbol","category-nacionales"],"_links":{"self":[{"href":"https:\/\/www.sportchaco.com.ar\/index.php?rest_route=\/wp\/v2\/posts\/3489","targetHints":{"allow":["GET"]}}],"collection":[{"href":"https:\/\/www.sportchaco.com.ar\/index.php?rest_route=\/wp\/v2\/posts"}],"about":[{"href":"https:\/\/www.sportchaco.com.ar\/index.php?rest_route=\/wp\/v2\/types\/post"}],"author":[{"embeddable":true,"href":"https:\/\/www.sportchaco.com.ar\/index.php?rest_route=\/wp\/v2\/users\/3"}],"replies":[{"embeddable":true,"href":"https:\/\/www.sportchaco.com.ar\/index.php?rest_route=%2Fwp%2Fv2%2Fcomments&post=3489"}],"version-history":[{"count":1,"href":"https:\/\/www.sportchaco.com.ar\/index.php?rest_route=\/wp\/v2\/posts\/3489\/revisions"}],"predecessor-version":[{"id":3491,"href":"https:\/\/www.sportchaco.com.ar\/index.php?rest_route=\/wp\/v2\/posts\/3489\/revisions\/3491"}],"wp:featuredmedia":[{"embeddable":true,"href":"https:\/\/www.sportchaco.com.ar\/index.php?rest_route=\/wp\/v2\/media\/3490"}],"wp:attachment":[{"href":"https:\/\/www.sportchaco.com.ar\/index.php?rest_route=%2Fwp%2Fv2%2Fmedia&parent=3489"}],"wp:term":[{"taxonomy":"category","embeddable":true,"href":"https:\/\/www.sportchaco.com.ar\/index.php?rest_route=%2Fwp%2Fv2%2Fcategories&post=3489"},{"taxonomy":"post_tag","embeddable":true,"href":"https:\/\/www.sportchaco.com.ar\/index.php?rest_route=%2Fwp%2Fv2%2Ftags&post=3489"}],"curies":[{"name":"wp","href":"https:\/\/api.w.org\/{rel}","templated":true}]}}