{"id":3497,"date":"2023-12-07T01:55:22","date_gmt":"2023-12-07T04:55:22","guid":{"rendered":"https:\/\/www.sportchaco.com.ar\/?p=3497"},"modified":"2023-12-07T01:55:22","modified_gmt":"2023-12-07T04:55:22","slug":"la-fiesta-del-deporte-se-presenta-en-sociedad-y-se-conoce-la-nomina-de-deportistas-a-ser-reconocidos","status":"publish","type":"post","link":"https:\/\/www.sportchaco.com.ar\/?p=3497","title":{"rendered":"La Fiesta del Deporte se presenta en sociedad y se conoce la n\u00f3mina de deportistas a ser reconocidos"},"content":{"rendered":"<p>Este jueves 7, en la sala de conferencias de Loter\u00eda Chaque\u00f1a, tendr\u00e1 lugar la presentaci\u00f3n de la 41\u00b0 Fiesta del Deporte con la presencia de funcionarios de la entidad de juegos, del Instituto del Deporte e integrantes de la comisi\u00f3n directiva del C\u00edrculo de Periodistas. Ser\u00e1 a partir de las 10.<\/p>\n<p>En contacto con los periodistas de los distintos medios de comunicaci\u00f3n se oficializar\u00e1 la n\u00f3mina de deportistas a ser distinguidos, adem\u00e1s de aspectos relacionados con la gala que hist\u00f3ricamente tiene una importante convocatoria de asistentes.<\/p>\n","protected":false},"excerpt":{"rendered":"<p>Este jueves 7, en la sala de conferencias de Loter\u00eda Chaque\u00f1a, tendr\u00e1 lugar la presentaci\u00f3n de la 41\u00b0 Fiesta del Deporte con la presencia de funcionarios de la entidad de juegos, del Instituto del Deporte e integrantes de la comisi\u00f3n directiva del C\u00edrculo de Periodistas. Ser\u00e1 a partir de las 10. En contacto con los &hellip;<\/p>\n","protected":false},"author":3,"featured_media":3431,"comment_status":"open","ping_status":"open","sticky":false,"template":"","format":"standard","meta":{"footnotes":""},"categories":[8,44],"tags":[],"class_list":["post-3497","post","type-post","status-publish","format-standard","has-post-thumbnail","hentry","category-sport-nea","category-varios"],"_links":{"self":[{"href":"https:\/\/www.sportchaco.com.ar\/index.php?rest_route=\/wp\/v2\/posts\/3497","targetHints":{"allow":["GET"]}}],"collection":[{"href":"https:\/\/www.sportchaco.com.ar\/index.php?rest_route=\/wp\/v2\/posts"}],"about":[{"href":"https:\/\/www.sportchaco.com.ar\/index.php?rest_route=\/wp\/v2\/types\/post"}],"author":[{"embeddable":true,"href":"https:\/\/www.sportchaco.com.ar\/index.php?rest_route=\/wp\/v2\/users\/3"}],"replies":[{"embeddable":true,"href":"https:\/\/www.sportchaco.com.ar\/index.php?rest_route=%2Fwp%2Fv2%2Fcomments&post=3497"}],"version-history":[{"count":1,"href":"https:\/\/www.sportchaco.com.ar\/index.php?rest_route=\/wp\/v2\/posts\/3497\/revisions"}],"predecessor-version":[{"id":3498,"href":"https:\/\/www.sportchaco.com.ar\/index.php?rest_route=\/wp\/v2\/posts\/3497\/revisions\/3498"}],"wp:featuredmedia":[{"embeddable":true,"href":"https:\/\/www.sportchaco.com.ar\/index.php?rest_route=\/wp\/v2\/media\/3431"}],"wp:attachment":[{"href":"https:\/\/www.sportchaco.com.ar\/index.php?rest_route=%2Fwp%2Fv2%2Fmedia&parent=3497"}],"wp:term":[{"taxonomy":"category","embeddable":true,"href":"https:\/\/www.sportchaco.com.ar\/index.php?rest_route=%2Fwp%2Fv2%2Fcategories&post=3497"},{"taxonomy":"post_tag","embeddable":true,"href":"https:\/\/www.sportchaco.com.ar\/index.php?rest_route=%2Fwp%2Fv2%2Ftags&post=3497"}],"curies":[{"name":"wp","href":"https:\/\/api.w.org\/{rel}","templated":true}]}}