{"id":3513,"date":"2023-12-07T12:57:18","date_gmt":"2023-12-07T15:57:18","guid":{"rendered":"https:\/\/www.sportchaco.com.ar\/?p=3513"},"modified":"2023-12-07T22:49:24","modified_gmt":"2023-12-08T01:49:24","slug":"ya-se-conocen-los-deportistas-nominados-2023","status":"publish","type":"post","link":"https:\/\/www.sportchaco.com.ar\/?p=3513","title":{"rendered":"Ya se conocen los deportistas nominados 2023"},"content":{"rendered":"<p><span style=\"font-size: 26px; font-weight: bold;\">El deporte chaque\u00f1o se apresta a vivir su gran noche<\/span><\/p>\n<section class=\"body\">\n<section class=\"content\">\n<div class=\"main-text\">\n<p>A una semana de la realizaci\u00f3n de la 41\u00b0 edici\u00f3n de la Fiesta del Deporte Chaque\u00f1o, se avanz\u00f3 en gran forma en la designaci\u00f3n de los deportistas que ser\u00e1n distinguidos en la noche del viernes 15 de diciembre en el Castillito del Banco del Chaco.<\/p>\n<p>El evento organizado por el C\u00edrculo de Periodistas Deportivos del Chaco y apoyado por el Gobierno provincial, Loter\u00eda Chaque\u00f1a e Instituto del Deporte, se concretar\u00e1 en el marco de una cena de camarader\u00eda.<\/p>\n<p>A los destacados de cada disciplina de la temporada, se suma la expectativa sobre quien ser\u00e1 el Deportista 2032, que se llevar\u00e1 la Copa Antuan, instituida por Joyer\u00edas Antuan.<\/p>\n<\/div>\n<\/section>\n<\/section>\n<p><strong>Nominados 2023<\/strong><\/p>\n<p><strong>Ajedrez:<\/strong> Dar\u00edo Aznar<\/p>\n<p><strong>\u00c1rbitro: <\/strong><\/p>\n<p><strong>Artes Marciales: <\/strong>Tamara Vasconcello<\/p>\n<p><strong>Atletismo: <\/strong>Dilan Ariel Tevez<\/p>\n<p><strong>Automovilismo: <\/strong>Lucas Bhodanowicz<\/p>\n<p><strong>B\u00e1squetbol: <\/strong>Facundo De Jes\u00fas<\/p>\n<p><strong>B\u00e1squetbol Femenino:\u00a0 <\/strong>Daniela Hamaniuk<\/p>\n<p><strong>Bochas: <\/strong>Franco Brest<\/p>\n<p><strong>Boxeo: <\/strong>Guido Romero<\/p>\n<p><strong>Canotaje: <\/strong>Tomas Ferrari<\/p>\n<p><strong>Caza: \u00a0<\/strong>Gustavo Ariel Teruel<\/p>\n<p><strong>Ciclismo: <\/strong>Emmanuel Ibarrola Sander<\/p>\n<p><strong>Deporte Adaptado: <\/strong>\u00c1ngel Deld\u00f3<\/p>\n<p><strong>Dirigente: <\/strong>Pablo Mujica<\/p>\n<p><strong>Evita Adaptado: <\/strong>Lucas Leguiza<\/p>\n<p><strong>F\u00fatbol: <\/strong>Andr\u00e9s Dom\u00ednguez<\/p>\n<p><strong>F\u00fatbol Femenino: <\/strong>Claudia<\/p>\n<p><strong>Futsal<\/strong>: Hugo Villamayor<\/p>\n<p><strong>Gimnasia:\u00a0 Tob\u00edas Gonz\u00e1lez Vallejos<\/strong><\/p>\n<p><strong>Golf: <\/strong>Camilo Chapresto<\/p>\n<p><strong>Handball: <\/strong>Anabella Bober<\/p>\n<p><strong>Hockey: <\/strong>Agustina Gim\u00e9nez<\/p>\n<p><strong>Karting: \u00a0<\/strong>Luciano Hugo Carlisi<\/p>\n<p><strong>Levantamiento Ol\u00edmpico de Pesas: <\/strong>Milena Ayala<\/p>\n<p><strong>Marat\u00f3n: <\/strong>Leandro Centanaro<\/p>\n<p><strong>Motociclismo: <\/strong>Ramiro Gandola<\/p>\n<p><strong>Nataci\u00f3n: <\/strong>Thiago Romero<\/p>\n<p><strong>P\u00e1del: <\/strong>Renzo N\u00fa\u00f1ez<\/p>\n<p><strong>Pesca:<\/strong><\/p>\n<p><strong>Rugby: <\/strong>Vicente Lobera<\/p>\n<p><strong>Squash: <\/strong>Uma Churlis<\/p>\n<p><strong>Tenis:<\/strong><\/p>\n<p><strong>Tenis de Mesa: <\/strong>Gast\u00f3n Codina<\/p>\n<p><strong>Tiro: <\/strong>Francisco Ra\u00fal Fur\u00ed<\/p>\n<p><strong>Triatl\u00f3n: <\/strong>Luis de Jes\u00fas Oviedo<\/p>\n<p><strong>V\u00f3ley: <\/strong>Bianca Jazm\u00edn Kisur<\/p>\n<p><strong>\u00a0<\/strong><strong>Reconocimientos:<\/strong><\/p>\n<p>Javier Dacak<\/p>\n<p>Mar\u00eda Victoria Zibecchi<\/p>\n<p>Talia Radich<\/p>\n<p>Carlos Verza<\/p>\n<p><strong>\u00a0<\/strong><\/p>\n<p><strong>\u00a0<\/strong><\/p>\n<p><strong>Foto de Javier Dacak<\/strong><\/p>\n","protected":false},"excerpt":{"rendered":"<p>El deporte chaque\u00f1o se apresta a vivir su gran noche A una semana de la realizaci\u00f3n de la 41\u00b0 edici\u00f3n de la Fiesta del Deporte Chaque\u00f1o, se avanz\u00f3 en gran forma en la designaci\u00f3n de los deportistas que ser\u00e1n distinguidos en la noche del viernes 15 de diciembre en el Castillito del Banco del Chaco. &hellip;<\/p>\n","protected":false},"author":2,"featured_media":3517,"comment_status":"open","ping_status":"open","sticky":false,"template":"","format":"standard","meta":{"footnotes":""},"categories":[8],"tags":[],"class_list":["post-3513","post","type-post","status-publish","format-standard","has-post-thumbnail","hentry","category-sport-nea"],"_links":{"self":[{"href":"https:\/\/www.sportchaco.com.ar\/index.php?rest_route=\/wp\/v2\/posts\/3513","targetHints":{"allow":["GET"]}}],"collection":[{"href":"https:\/\/www.sportchaco.com.ar\/index.php?rest_route=\/wp\/v2\/posts"}],"about":[{"href":"https:\/\/www.sportchaco.com.ar\/index.php?rest_route=\/wp\/v2\/types\/post"}],"author":[{"embeddable":true,"href":"https:\/\/www.sportchaco.com.ar\/index.php?rest_route=\/wp\/v2\/users\/2"}],"replies":[{"embeddable":true,"href":"https:\/\/www.sportchaco.com.ar\/index.php?rest_route=%2Fwp%2Fv2%2Fcomments&post=3513"}],"version-history":[{"count":5,"href":"https:\/\/www.sportchaco.com.ar\/index.php?rest_route=\/wp\/v2\/posts\/3513\/revisions"}],"predecessor-version":[{"id":3535,"href":"https:\/\/www.sportchaco.com.ar\/index.php?rest_route=\/wp\/v2\/posts\/3513\/revisions\/3535"}],"wp:featuredmedia":[{"embeddable":true,"href":"https:\/\/www.sportchaco.com.ar\/index.php?rest_route=\/wp\/v2\/media\/3517"}],"wp:attachment":[{"href":"https:\/\/www.sportchaco.com.ar\/index.php?rest_route=%2Fwp%2Fv2%2Fmedia&parent=3513"}],"wp:term":[{"taxonomy":"category","embeddable":true,"href":"https:\/\/www.sportchaco.com.ar\/index.php?rest_route=%2Fwp%2Fv2%2Fcategories&post=3513"},{"taxonomy":"post_tag","embeddable":true,"href":"https:\/\/www.sportchaco.com.ar\/index.php?rest_route=%2Fwp%2Fv2%2Ftags&post=3513"}],"curies":[{"name":"wp","href":"https:\/\/api.w.org\/{rel}","templated":true}]}}