{"id":35578,"date":"2026-04-13T20:32:41","date_gmt":"2026-04-13T23:32:41","guid":{"rendered":"https:\/\/www.sportchaco.com.ar\/?p=35578"},"modified":"2026-04-13T23:04:42","modified_gmt":"2026-04-14T02:04:42","slug":"que-esta-pasando-en-el-club-regional","status":"publish","type":"post","link":"https:\/\/www.sportchaco.com.ar\/?p=35578","title":{"rendered":"\u00bfQue est\u00e1 pasando en el club Regional?"},"content":{"rendered":"<div dir=\"auto\">Hinchas del Club Atl\u00e9tico Regional se comunciaron con la p\u00e1gina Hacha y Tiza,\u00a0 para informar que en este momento la sede se encuentra tomada (18 horas) , y exigen una respuesta inmediata a la complicada situaci\u00f3n que vive en estos momentos la entidad de Villa Libertad.<\/div>\n<div dir=\"auto\"><\/div>\n<div dir=\"auto\">\u00abRegional est\u00e1 atravesando una dif\u00edcil situaci\u00f3n, tanto institucional, como deportiva y exigimos que el presidente Madera de una respuesta a todo eso que est\u00e1 aconteciendo y que est\u00e1n perjudicando a nuestro club\u00bb.<\/div>\n<div dir=\"auto\"><\/div>\n<div dir=\"auto\">\u00abNos quedaremos en la sede del club hasta que el presidente Madera se haga presente, y nos diga como los va a solucionar\u00bb.<\/div>\n<div dir=\"auto\"><\/div>\n<div dir=\"auto\">Esperemos que esta prestigiosa instituci\u00f3n pueda solucionar los serios problemas que tiene y todo llegue a buen puerto.<\/div>\n<div dir=\"auto\"><\/div>\n<div dir=\"auto\">Pd: Aclararon que no habr\u00e1 entrenamientos de primera divisi\u00f3n y reserva, hasta que se resuelvan la grave situaci\u00f3n institucional.<\/div>\n<div dir=\"auto\"><\/div>\n<div dir=\"auto\"><\/div>\n<div dir=\"auto\"><strong>Fuente p\u00e1gina Facebook Hacha y Tiza.<\/strong><\/div>\n<div dir=\"auto\"><\/div>\n","protected":false},"excerpt":{"rendered":"<p>Hinchas del Club Atl\u00e9tico Regional se comunciaron con la p\u00e1gina Hacha y Tiza,\u00a0 para informar que en este momento la sede se encuentra tomada (18 horas) , y exigen una respuesta inmediata a la complicada situaci\u00f3n que vive en estos momentos la entidad de Villa Libertad. \u00abRegional est\u00e1 atravesando una dif\u00edcil situaci\u00f3n, tanto institucional, como &hellip;<\/p>\n","protected":false},"author":2,"featured_media":35579,"comment_status":"open","ping_status":"open","sticky":false,"template":"","format":"standard","meta":{"footnotes":""},"categories":[72],"tags":[],"class_list":["post-35578","post","type-post","status-publish","format-standard","has-post-thumbnail","hentry","category-futbol-puro"],"_links":{"self":[{"href":"https:\/\/www.sportchaco.com.ar\/index.php?rest_route=\/wp\/v2\/posts\/35578","targetHints":{"allow":["GET"]}}],"collection":[{"href":"https:\/\/www.sportchaco.com.ar\/index.php?rest_route=\/wp\/v2\/posts"}],"about":[{"href":"https:\/\/www.sportchaco.com.ar\/index.php?rest_route=\/wp\/v2\/types\/post"}],"author":[{"embeddable":true,"href":"https:\/\/www.sportchaco.com.ar\/index.php?rest_route=\/wp\/v2\/users\/2"}],"replies":[{"embeddable":true,"href":"https:\/\/www.sportchaco.com.ar\/index.php?rest_route=%2Fwp%2Fv2%2Fcomments&post=35578"}],"version-history":[{"count":3,"href":"https:\/\/www.sportchaco.com.ar\/index.php?rest_route=\/wp\/v2\/posts\/35578\/revisions"}],"predecessor-version":[{"id":35591,"href":"https:\/\/www.sportchaco.com.ar\/index.php?rest_route=\/wp\/v2\/posts\/35578\/revisions\/35591"}],"wp:featuredmedia":[{"embeddable":true,"href":"https:\/\/www.sportchaco.com.ar\/index.php?rest_route=\/wp\/v2\/media\/35579"}],"wp:attachment":[{"href":"https:\/\/www.sportchaco.com.ar\/index.php?rest_route=%2Fwp%2Fv2%2Fmedia&parent=35578"}],"wp:term":[{"taxonomy":"category","embeddable":true,"href":"https:\/\/www.sportchaco.com.ar\/index.php?rest_route=%2Fwp%2Fv2%2Fcategories&post=35578"},{"taxonomy":"post_tag","embeddable":true,"href":"https:\/\/www.sportchaco.com.ar\/index.php?rest_route=%2Fwp%2Fv2%2Ftags&post=35578"}],"curies":[{"name":"wp","href":"https:\/\/api.w.org\/{rel}","templated":true}]}}